{"id":5726,"date":"2024-02-28T15:12:13","date_gmt":"2024-02-28T14:12:13","guid":{"rendered":"https:\/\/pasaenmendoza.com\/?p=5726"},"modified":"2024-02-28T15:12:14","modified_gmt":"2024-02-28T14:12:14","slug":"canasta-basica-energetica-adios-a-la-zona-fria-aumentos-pendientes-y-nuevos-requisitos-para-subsidios","status":"publish","type":"post","link":"https:\/\/pasaenmendoza.com\/?p=5726","title":{"rendered":"Canasta B\u00e1sica Energ\u00e9tica: adi\u00f3s a la zona fr\u00eda, aumentos pendientes y nuevos requisitos para subsidios"},"content":{"rendered":"\n<p>Este jueves, a partir de las 10, se realizar\u00e1 la\u00a0<strong>audiencia para analizar la nueva estructura de subsidios<\/strong>\u00a0que se aplicar\u00e1 a los usuarios de\u00a0<strong>electricidad y gas<\/strong>, tanto por redes como en garrafa. La\u00a0<strong>Secretar\u00eda de Energ\u00eda de Naci\u00f3n\u00a0<\/strong>ya plante\u00f3 qui\u00e9nes quedar\u00e1n excluidos de las bonificaciones y tambi\u00e9n present\u00f3, dentro de los materiales para consulta previa, un mapa de zonas bioambientales que deja a\u00a0<strong>buena parte de Mendoza fuera de la zona fr\u00eda<\/strong>.<a href=\"https:\/\/www.losandes.com.ar\/economia\/el-gobierno-quiere-quitar-subsidios-a-quienes-compraron-dolares-tienen-prepaga-o-viajaron-al-exterior\/\"><\/a><a href=\"https:\/\/www.losandes.com.ar\/economia\/el-gobierno-quiere-quitar-subsidios-a-quienes-compraron-dolares-tienen-prepaga-o-viajaron-al-exterior\/\"><\/a><\/p>\n\n\n\n<p>El\u00a0<strong>secretario de Energ\u00eda de la Naci\u00f3n, Eduardo Rodr\u00edguez Chirillo<\/strong>, ya hab\u00eda anunciado que ten\u00edan planeado implementar una\u00a0<strong>Canasta B\u00e1sica Energ\u00e9tica\u00a0<\/strong>para establecer qui\u00e9nes deber\u00edan recibir un subsidio. Para definirla,\u00a0<strong>se tomar\u00e1 el valor del metro c\u00fabico de gas y del kWh para la electricidad, multiplicado por el consumo mensual<\/strong>. Este \u00faltimo dato se ha definido<strong>\u00a0en funci\u00f3n de la zona bioambiental, la cantidad de personas que viven en el hogar y el mes del a\u00f1o<\/strong>.<\/p>\n\n\n\n<p>El otro dato que se considerar\u00e1 es la\u00a0<strong>suma de los ingresos del grupo conviviente<\/strong>, para establecer despu\u00e9s\u00a0<strong>el porcentaje de ese total que es \u201crazonable aplicar a la cobertura de la CBE\u201d<\/strong>. Si el monto necesario para poder pagar los servicios excede determinada fracci\u00f3n de los ingresos (Rodr\u00edguez Chirillo ha mencionado un 10%),\u00a0<strong>se subsidiar\u00e1 la diferencia<\/strong>. Resta determinar si el subsidio se transferir\u00e1 al beneficiario o se descontar\u00e1 de la factura.<\/p>\n\n\n\n<p>Por otra parte, est\u00e1 previsto realizar un\u00a0<strong>control permanente de la informaci\u00f3n de ingresos<\/strong>, ya que una de las cr\u00edticas al sistema actual es que los usuarios completaron la declaraci\u00f3n para ingresar en el nivel 2 o 3 una \u00fanica vez y no han tenido que actualizarla, por lo que se puede haber modificado su situaci\u00f3n.<\/p>\n\n\n\n<p>Quedar\u00e1n\u00a0<strong>excluidos de la bonificaci\u00f3n los hogares\u00a0<\/strong>en los que algunos de los integrantes del grupo conviviente sea due\u00f1o de una aeronave; una embarcaci\u00f3n de lujo o con fines recreativos; dos o m\u00e1s inmuebles;\u00a0<strong>un veh\u00edculo con una antig\u00fcedad inferior a 5 a\u00f1os o dos autom\u00f3viles con una antig\u00fcedad menor a 10 a\u00f1os<\/strong>; o un autom\u00f3vil de lujo o colecci\u00f3n independientemente de la antig\u00fcedad.<\/p>\n\n\n\n<p>Sin embargo, se sumaron\u00a0<strong>nuevas restricciones<\/strong>, como:\u00a0<strong>tener cobertura de medicina prepaga no vinculada a un empleo<\/strong>\u00a0en relaci\u00f3n de dependencia;\u00a0<strong>realizar m\u00e1s de una salida a pa\u00edses no lim\u00edtrofes en los \u00faltimos 5 a\u00f1os<\/strong>; pertenecer al directorio o ser propietario de una empresa privada; acumular\u00a0<strong>consumos en tarjeta de cr\u00e9dito superiores a<\/strong>\u00a0cinco Salarios M\u00ednimos Vitales y M\u00f3viles (SMVM), lo que equivale a\u00a0<strong>$780.000<\/strong>; haber\u00a0<strong>comprado moneda extranjera en los \u00faltimos tres meses<\/strong>; alcanzar consumos en billeteras virtuales superiores a cinco SMVM; o registrar consumos en telefon\u00eda m\u00f3vil superiores al 25% del Salario M\u00ednimo Vital y M\u00f3vil ($39.000).<\/p>\n\n\n\n<h2 class=\"wp-block-heading\"><strong>ADI\u00d3S ZONA FR\u00cdA<\/strong><\/h2>\n\n\n\n<p>Si bien ya se hab\u00eda mencionado que se iba a dejar sin efecto el r\u00e9gimen de Zona Fr\u00eda para reemplazarlo por el de la CBE, la iniciativa de la Secretar\u00eda de Naci\u00f3n adopt\u00f3 seis zonas bioambientales definidas por Norma IRAM 11603 para considerar los diversos requerimientos de energ\u00eda, seg\u00fan las temperaturas medias mensuales y la variaci\u00f3n t\u00e9rmica diaria, tomando valores de los \u00faltimos 5 a\u00f1os.<\/p>\n\n\n\n<p>Al observar el mapa, Mendoza contiene cuatro zonas bioambientales: templado-c\u00e1lido, templado-fr\u00edo, fr\u00edo y muy fr\u00edo. Una buena parte del este provincial, desde Lavalle hasta un sector de General Alvear est\u00e1n incluidos en la primera y en el informe se se\u00f1ala que las zonas templadas-c\u00e1lidas no deber\u00edan tener subsidio por bajas temperaturas. Por otra parte, la mayor extensi\u00f3n del territorio provincial est\u00e1 dentro de la templada-fr\u00eda y s\u00f3lo las \u00e1reas cordilleranas fueron incluidas en zonas fr\u00edas o muy fr\u00edas.<\/p>\n\n\n\n<figure class=\"wp-block-image\"><img decoding=\"async\" src=\"https:\/\/www.losandes.com.ar\/resizer\/H7FDAIgILGa20JtP4RAw-2aXTCQ=\/1023x1397\/smart\/cloudfront-us-east-1.images.arcpublishing.com\/grupoclarin\/T7XWYCEVGZCJZNJ6NKXOFIZRNY.png\" alt=\"Mapa de las zonas bioambientales en la Argentina, seg\u00fan Normas IRAM\"\/><figcaption class=\"wp-element-caption\">Mapa de las zonas bioambientales en la Argentina, seg\u00fan Normas IRAM<\/figcaption><\/figure>\n\n\n\n<p>De todos modos, al aplicarse la CBE, se toman los requerimientos de energ\u00eda seg\u00fan la zona y los ingresos, por lo que dejar\u00e1 de ser un subsidio universal del 30% o 50% para 218.922 y 203.043 hogares mendocinos, en el marco de la Ley N\u00b0 27.637; y del 50% para los 7.453 usuarios que ya inclu\u00eda la Ley N\u00b0 25.565.<\/p>\n\n\n\n<h2 class=\"wp-block-heading\"><strong>POR QU\u00c9 EL CAMBIO<\/strong><\/h2>\n\n\n\n<p>Un informe de la Secretar\u00eda de Energ\u00eda de Naci\u00f3n analiza el r\u00e9gimen vigente de segmentaci\u00f3n de hogares y plantea que se produce una superposici\u00f3n de bonificaciones en los niveles m\u00e1s bajos, que desalienta el consumo racional de energ\u00eda, porque el usuario no identifica en la factura el costo real (ya que las transferencias del Tesoro Nacional se hacen a la oferta y no la demanda). Asimismo, se\u00f1ala que s\u00f3lo se tom\u00f3 como referencia los ingresos del grupo conviviente, pero no la zona bioclim\u00e1tica.<\/p>\n\n\n\n<p>Tambi\u00e9n advierte que s\u00f3lo se eliminaron los subsidios para el 10% de la poblaci\u00f3n con mayor capacidad de pago, mientras el resto percibe alg\u00fan tipo de reducci\u00f3n en la tarifa. Esto implica que, \u201cen la pr\u00e1ctica se est\u00e1 destinando una importante cantidad de recursos a hogares que tienen la capacidad de pagar el verdadero costo de la energ\u00eda\u201d.<\/p>\n\n\n\n<h2 class=\"wp-block-heading\"><strong>NUEVOS AUMENTOS<\/strong><\/h2>\n\n\n\n<p>Para la determinaci\u00f3n de los consumos b\u00e1sicos de electricidad y gas natural (que se utilizar\u00e1n para calcular la Canasta B\u00e1sica Energ\u00e9tica o CBE), se considerar\u00e1n los precios y las tarifas vigentes en cada punto de suministro. En la provincia,\u00a0<strong>a partir de febrero, los usuarios mendocinos recibieron un 159% de incremento promedio en sus facturas de energ\u00eda el\u00e9ctrica<\/strong>.<\/p>\n\n\n\n<p>Esto se debe a que la Secretar\u00eda de Energ\u00eda de la Naci\u00f3n estableci\u00f3 los nuevos precios de la energ\u00eda para el trimestre febrero, marzo y abril, con una suba del 100% para los usuarios de nivel 1 (ingresos altos) y algo inferior para los del nivel 2 (bajos) y nivel 3 (medios).<\/p>\n\n\n\n<p>Por otra parte, tambi\u00e9n se aplic\u00f3 el ajuste trimestral del Valor Agregado de Distribuci\u00f3n (VAD), que es el componente provincial que contempla los costos de operaci\u00f3n de las distribuidoras.<a href=\"https:\/\/www.losandes.com.ar\/economia\/paralisis-de-la-obra-publica-fuertes-diferencias-entre-la-uocra-y-empresarios-por-los-despidos\/\"><\/a><a href=\"https:\/\/www.losandes.com.ar\/economia\/paralisis-de-la-obra-publica-fuertes-diferencias-entre-la-uocra-y-empresarios-por-los-despidos\/\"><\/a><\/p>\n\n\n\n<p>Sin embargo,<strong>&nbsp;a\u00fan no se han definido los aumentos para el gas, que tiene dos actualizaciones pendientes<\/strong>. Por un lado, la del precio del PIST (Punto de Ingreso al Sistema de Transporte), que tendr\u00e1 una suba escalonada en tres meses. Y por el otro, la del costo de distribuci\u00f3n.<\/p>\n\n\n\n<p>Se debe recordar que, en la audiencia p\u00fablica de fines de diciembre,\u00a0<strong>Ecogas present\u00f3 dos posibles esquemas de aumento<\/strong>. Uno propone que el aumento se aplique s\u00f3lo sobre el cargo fijo, lo que llevar\u00eda a un aumento promedio de $ 4.500 mensuales, pero genera importantes asimetr\u00edas ya que los hogares que menos gas consumen tendr\u00edan un incremento mayor, que\u00a0<strong>llegar\u00eda al 640% en ciertos casos<\/strong>. Y otro, plantea la suba tanto del cargo fijo como el variable (consumo), con subas m\u00e1s parecidas en todos los niveles.<\/p>\n\n\n\n<p><strong>Fuente: www.losandes.com.ar<\/strong><\/p>\n","protected":false},"excerpt":{"rendered":"<p>Este jueves, a partir de las 10, se realizar\u00e1 la\u00a0audiencia para analizar la nueva estructura de subsidios\u00a0que se aplicar\u00e1 a los usuarios de\u00a0electricidad y gas, tanto por redes como en garrafa. La\u00a0Secretar\u00eda de Energ\u00eda de Naci\u00f3n\u00a0ya plante\u00f3 qui\u00e9nes quedar\u00e1n excluidos de las bonificaciones y tambi\u00e9n present\u00f3, dentro de los materiales para consulta previa, un mapa [&hellip;]<\/p>\n","protected":false},"author":2,"featured_media":5727,"comment_status":"open","ping_status":"open","sticky":false,"template":"","format":"standard","meta":[],"categories":[75],"tags":[],"_links":{"self":[{"href":"https:\/\/pasaenmendoza.com\/index.php?rest_route=\/wp\/v2\/posts\/5726"}],"collection":[{"href":"https:\/\/pasaenmendoza.com\/index.php?rest_route=\/wp\/v2\/posts"}],"about":[{"href":"https:\/\/pasaenmendoza.com\/index.php?rest_route=\/wp\/v2\/types\/post"}],"author":[{"embeddable":true,"href":"https:\/\/pasaenmendoza.com\/index.php?rest_route=\/wp\/v2\/users\/2"}],"replies":[{"embeddable":true,"href":"https:\/\/pasaenmendoza.com\/index.php?rest_route=%2Fwp%2Fv2%2Fcomments&post=5726"}],"version-history":[{"count":1,"href":"https:\/\/pasaenmendoza.com\/index.php?rest_route=\/wp\/v2\/posts\/5726\/revisions"}],"predecessor-version":[{"id":5728,"href":"https:\/\/pasaenmendoza.com\/index.php?rest_route=\/wp\/v2\/posts\/5726\/revisions\/5728"}],"wp:featuredmedia":[{"embeddable":true,"href":"https:\/\/pasaenmendoza.com\/index.php?rest_route=\/wp\/v2\/media\/5727"}],"wp:attachment":[{"href":"https:\/\/pasaenmendoza.com\/index.php?rest_route=%2Fwp%2Fv2%2Fmedia&parent=5726"}],"wp:term":[{"taxonomy":"category","embeddable":true,"href":"https:\/\/pasaenmendoza.com\/index.php?rest_route=%2Fwp%2Fv2%2Fcategories&post=5726"},{"taxonomy":"post_tag","embeddable":true,"href":"https:\/\/pasaenmendoza.com\/index.php?rest_route=%2Fwp%2Fv2%2Ftags&post=5726"}],"curies":[{"name":"wp","href":"https:\/\/api.w.org\/{rel}","templated":true}]}}