{"id":5730,"date":"2024-02-28T17:08:18","date_gmt":"2024-02-28T16:08:18","guid":{"rendered":"https:\/\/pasaenmendoza.com\/?p=5730"},"modified":"2024-02-28T17:08:19","modified_gmt":"2024-02-28T16:08:19","slug":"mas-de-20-ong-rechazaron-el-acto-discriminatorio-de-javier-milei-hacia-personas-con-sindrome-de-down","status":"publish","type":"post","link":"https:\/\/pasaenmendoza.com\/?p=5730","title":{"rendered":"M\u00e1s de 20 ONG rechazaron &#8220;el acto discriminatorio de Javier Milei hacia personas con s\u00edndrome de Down&#8221;"},"content":{"rendered":"\n<p>Para la Red T21, en la que participa la\u00a0<strong>Asociaci\u00f3n Down Mendoza (ADOM)<\/strong>, la Argentina tiene una deuda muy grande con las personas con discapacidad<\/p>\n\n\n\n<p><strong>La Red Argentina Trisom\u00eda 21 (Red T21)\u00a0<\/strong>que integran\u00a0<strong>m\u00e1s de 20 organizaciones de todo el pa\u00eds, entre ellas ADOM (Asociaci\u00f3n Down Mendoza),\u00a0<\/strong>expres\u00f3 su\u00a0<strong>&#8220;rechazo al acto discriminatorio del presidente Javier Milei hacia las personas con s\u00edndrome de Down (SD) en redes sociales&#8221;\u00a0<\/strong>cuando,\u00a0para descalificar al gobernador chubutense Ignacio Torres, le dio &#8216;like&#8217; a una publicaci\u00f3n de X que lo comparaba con una persona con esta condici\u00f3n.<\/p>\n\n\n\n<p>&#8220;La Red T21\u00a0<strong>rechaza la actitud del Presidente de la Naci\u00f3n, Javier Milei<\/strong>, quien dio ayer un &#8216;me gusta&#8217; a una publicaci\u00f3n en redes sociales a una imagen del Gobernador de Chubut, Ignacio Torres, en el que se lo observa con el rostro editado con caracter\u00edsticas de una persona con SD&#8221;, dijeron a trav\u00e9s de un comunicado difundido este mediod\u00eda.<\/p>\n\n\n\n<p>&#8220;Se trat\u00f3 de un&nbsp;<strong>claro acto de discriminaci\u00f3n en el contexto de la tensi\u00f3n pol\u00edtica<\/strong>&nbsp;que atraviesa la Naci\u00f3n con la provincia&#8221;, agregaron.<\/p>\n\n\n\n<p>Las organizaciones informan, en este texto, que &#8220;desde la Red T21&nbsp;<strong>hubo un contacto con el Equipo de Comunicaci\u00f3n del Ejecutivo nacional, que consider\u00f3 el episodio como &#8216;un error&#8217;<\/strong>&#8220;, en tanto que &#8220;tambi\u00e9n se hicieron contactos con la Agencia Nacional de Discapacidad (Andis),&nbsp;<strong>pero, por ahora, no hubo respuestas<\/strong>&#8220;.<\/p>\n\n\n\n<p>&#8220;Durante el d\u00eda de ayer, el presidente Milei respald\u00f3 mensajes en X (ex Twitter) que se burlaban de Torres por supuestamente no abrir su cuenta de correo electr\u00f3nico.\u00a0<strong>Uno de los &#8216;me gusta&#8217; que el Presidente otorg\u00f3 fue a un meme que mostraba a Torres con caracter\u00edsticas de una persona con SD, como si esa condici\u00f3n fuera la causa por la cual el gobernador no hab\u00eda visto su correo a tiempo<\/strong>&#8220;, dijeron.<\/p>\n\n\n\n<p><strong>&#8220;El exabrupto de Milei preocupa porque antes de que asumiera a la Presidencia utiliz\u00f3 el t\u00e9rmino &#8216;mog\u00f3lico&#8217; para insultar y descalificar a una persona&#8221;, agregaron.<\/strong><\/p>\n\n\n\n<p>Tambi\u00e9n explicaron que &#8220;a trav\u00e9s de ASDRA -Asociaci\u00f3n S\u00edndrome de Down de la Rep\u00fablica Argentina- se envi\u00f3 una nota a la Andis el 11 de diciembre de 2023 y se realizaron&nbsp;<strong>distintos pedidos de reuni\u00f3n<\/strong>&nbsp;a trav\u00e9s de contactos con asesores para tratar temas fundamentales en relaci\u00f3n con la situaci\u00f3n del colectivo de las personas con SD, en particular, y con discapacidad, en general,&nbsp;<strong>pero a\u00fan no hubo novedades<\/strong>&#8220;.<\/p>\n\n\n\n<h2 class=\"wp-block-heading\">Argentina tiene una deuda muy grande con las personas con discapacidad<\/h2>\n\n\n\n<p>&#8220;Para la Red T21 es crucial entablar un di\u00e1logo con las autoridades, ya que la Argentina tiene una deuda muy grande con las personas con discapacidad&#8221;, dijeron.<\/p>\n\n\n\n<p>En ese sentido,&nbsp;<strong>recordaron que el 93% de las personas con SD que tuvieron alguna formaci\u00f3n laboral no acceden a un trabajo<\/strong>, que el 17% de las personas con trisom\u00eda del par 21, de entre 3 y 17 a\u00f1os, no ingres\u00f3 al sistema educativo, que s\u00f3lo el 3% de las personas de esta condici\u00f3n alcanzaron un nivel terciario o universitario, y apenas el 0,14% viven solas; seg\u00fan los datos de la encuesta &#8220;S\u00edndrome de N\u00fameros&#8221;, que se realiz\u00f3 a trav\u00e9s de Asdra sobre una muestra de 5.000 personas en el a\u00f1o 2021.<\/p>\n\n\n\n<p>&#8220;<strong>La Red T21 ofreci\u00f3 un espacio de di\u00e1logo esta ma\u00f1ana a voceros del Gobierno nacional\u00a0<\/strong>para reflexionar sobre estos episodios. Tambi\u00e9n intenta ponerse en contacto con la Gobernaci\u00f3n de Chubut, con el objetivo de impulsar acciones de concientizaci\u00f3n en la provincia&#8221;, dijeron.<\/p>\n\n\n\n<p>&#8220;Desde las asociaciones hacemos un llamamiento al Presidente de la Naci\u00f3n y a la sociedad en general&nbsp;<strong>para que, en v\u00edsperas al 21 de marzo, los diferentes actores tomen contacto con las organizaciones de familias locales para profundizar en el &#8216;modelo social de la discapacidad&#8217;<\/strong>&nbsp;(\u2026) con el prop\u00f3sito de derribar mitos y tender puentes para una mayor inclusi\u00f3n, con igualdad de oportunidades para todas las personas&#8221;, agregaron.<\/p>\n\n\n\n<p>Integran la Red Argentina T21: Asdra, Colibr\u00ed (Salta), Asociaci\u00f3n Civil Todos Juntos (Jujuy), Asociaci\u00f3n Civil Trisom\u00eda 21 Villa \u00c1ngela (Chaco), Down Catamarca, Down is Up Tucum\u00e1n, Fundaci\u00f3n Incluir (Gualeguaych\u00fa) y Asdcu (Concepci\u00f3n del Uruguay).<\/p>\n\n\n\n<p>Forman parte de este conglomerado, tambi\u00e9n, Peque\u00f1o Mundo (Misiones), ARID (San Juan),&nbsp;<strong>ADOM (Mendoza)<\/strong>, Tandil Inclusiva, Asociaci\u00f3n Civil T21 El Tr\u00e9bol (Sata Fe), Aisdro (Rosario), Down is Up C\u00f3rdoba), Avisdown (Villa Mar\u00eda), Caleuche (La Pampa), Fundaci\u00f3n Par 21 (San Luis), Apasido (Neuqu\u00e9n y R\u00edo Negro), Asociaci\u00f3n Civil Ruca Nehu\u00e9n (R\u00edo Negro) y Apasdech (Chubut).<\/p>\n\n\n\n<p>En tanto, Dominique Kantor, vicepresidenta del Consejo Asesor de Personas con S\u00edndrome de Down de ASDRA, pidi\u00f3 en las redes sociales al presidente de la Naci\u00f3n&nbsp;<strong>que &#8220;pida disculpas p\u00fablicamente por lo que dijo<\/strong>, y defender al colectivo discapacidad, las personas con discapacidad intelectual, o sea el s\u00edndrome de Down, porque&nbsp;<strong>nos sentimos ofendidos<\/strong>&nbsp;las personas con s\u00edndrome de Down; no merecemos ese trato, no nos merecemos que nos ofendan y nos hagan mal diciendo esas cosas&#8221;.<\/p>\n\n\n\n<p>Por su parte, el exministro de agroindustria Ricardo Buryaile pidi\u00f3 hoy&nbsp;<strong>&#8220;m\u00e1s empat\u00eda y menos violencia&#8221;<\/strong>&nbsp;luego de que se viralizara el pol\u00e9mico posteo.<\/p>\n\n\n\n<p>A trav\u00e9s de una publicaci\u00f3n en X, Buryaile calific\u00f3 como &#8220;<strong>poco humana<\/strong>&nbsp;esta publicaci\u00f3n a la que Milei ha hecho propia&#8221;.<\/p>\n\n\n\n<p>&#8220;Tengo un hijo con discapacidad y siento<strong>\u00a0impotencia<\/strong>\u00a0cuando algunos aparentemente &#8216;normales&#8217; intentan descalificar a otros por una alg\u00fan tipo de condici\u00f3n f\u00edsica o intelectual&#8221;, enfatiz\u00f3 el ex legislador de la UCR.<\/p>\n\n\n\n<p>FUENTE: Diariouno.com.ar <\/p>\n","protected":false},"excerpt":{"rendered":"<p>Para la Red T21, en la que participa la\u00a0Asociaci\u00f3n Down Mendoza (ADOM), la Argentina tiene una deuda muy grande con las personas con discapacidad La Red Argentina Trisom\u00eda 21 (Red T21)\u00a0que integran\u00a0m\u00e1s de 20 organizaciones de todo el pa\u00eds, entre ellas ADOM (Asociaci\u00f3n Down Mendoza),\u00a0expres\u00f3 su\u00a0&#8220;rechazo al acto discriminatorio del presidente Javier Milei hacia las [&hellip;]<\/p>\n","protected":false},"author":2,"featured_media":5731,"comment_status":"open","ping_status":"open","sticky":true,"template":"","format":"standard","meta":[],"categories":[47],"tags":[],"_links":{"self":[{"href":"https:\/\/pasaenmendoza.com\/index.php?rest_route=\/wp\/v2\/posts\/5730"}],"collection":[{"href":"https:\/\/pasaenmendoza.com\/index.php?rest_route=\/wp\/v2\/posts"}],"about":[{"href":"https:\/\/pasaenmendoza.com\/index.php?rest_route=\/wp\/v2\/types\/post"}],"author":[{"embeddable":true,"href":"https:\/\/pasaenmendoza.com\/index.php?rest_route=\/wp\/v2\/users\/2"}],"replies":[{"embeddable":true,"href":"https:\/\/pasaenmendoza.com\/index.php?rest_route=%2Fwp%2Fv2%2Fcomments&post=5730"}],"version-history":[{"count":1,"href":"https:\/\/pasaenmendoza.com\/index.php?rest_route=\/wp\/v2\/posts\/5730\/revisions"}],"predecessor-version":[{"id":5732,"href":"https:\/\/pasaenmendoza.com\/index.php?rest_route=\/wp\/v2\/posts\/5730\/revisions\/5732"}],"wp:featuredmedia":[{"embeddable":true,"href":"https:\/\/pasaenmendoza.com\/index.php?rest_route=\/wp\/v2\/media\/5731"}],"wp:attachment":[{"href":"https:\/\/pasaenmendoza.com\/index.php?rest_route=%2Fwp%2Fv2%2Fmedia&parent=5730"}],"wp:term":[{"taxonomy":"category","embeddable":true,"href":"https:\/\/pasaenmendoza.com\/index.php?rest_route=%2Fwp%2Fv2%2Fcategories&post=5730"},{"taxonomy":"post_tag","embeddable":true,"href":"https:\/\/pasaenmendoza.com\/index.php?rest_route=%2Fwp%2Fv2%2Ftags&post=5730"}],"curies":[{"name":"wp","href":"https:\/\/api.w.org\/{rel}","templated":true}]}}