{"id":5733,"date":"2024-02-29T13:13:37","date_gmt":"2024-02-29T12:13:37","guid":{"rendered":"https:\/\/pasaenmendoza.com\/?p=5733"},"modified":"2024-02-29T13:13:38","modified_gmt":"2024-02-29T12:13:38","slug":"como-votaran-rodolfo-suarez-y-mariana-juri-el-dnu-de-javier-milei","status":"publish","type":"post","link":"https:\/\/pasaenmendoza.com\/?p=5733","title":{"rendered":"C\u00f3mo votar\u00e1n Rodolfo Suarez y Mariana Juri el DNU de Javier Milei"},"content":{"rendered":"\n<p><span style=\"color: rgb(75, 75, 75); font-family: polysans; font-size: 20px; white-space: normal;\">El megadecreto del presidente Javier Milei podr\u00eda ser votado en breve en el Senado. De los tres senadores por Mendoza, Anabel Fern\u00e1ndez Sagasti votar\u00e1 en contra. \u00bfQu\u00e9 har\u00e1n Suarez y Juri?<\/span><\/p>\n\n\n\n<p>El<strong>\u00a0megadecreto\u00a0<\/strong>de\u00a0<strong>Javier Milei,\u00a0<\/strong>que debe ser convalidado en el Congreso, podr\u00eda ser tratado la semana pr\u00f3xima en el Senado por presi\u00f3n de distintos sectores de la oposici\u00f3n quienes esta semana volvieron a insistir con su tratamiento y todo indica que ser\u00e1 rechazado en breve en el recinto por\u00a0la C\u00e1mara que preside la vicepresidenta Victoria Villarruel. De los tres representantes que tiene la provincia de Mendoza, la senadora peronista Anabel Fern\u00e1ndez Sagasti votar\u00e1 en contra del<strong>\u00a0DNU,\u00a0<\/strong>como ya lo advirti\u00f3 p\u00fablicamente y en sinton\u00eda con el resto del bloque de Uni\u00f3n por la Patria<strong>.\u00a0<\/strong>En cambio, los radicales mendocinos\u00a0<strong>Rodolfo Suarez<\/strong>\u00a0y\u00a0<strong>Mariana Juri<\/strong>,\u00a0votar\u00e1n a favor del texto que contiene desregulaciones econ\u00f3micas y que est\u00e1 vigente actualmente a excepci\u00f3n de algunos cap\u00edtulos suspendidos por la Justicia.\u00a0<\/p>\n\n\n\n<p>Luego de muchas dilaciones, la semana pasada, qued\u00f3 conformada la comisi\u00f3n Bicameral para debatir el<strong>\u00a0DNU<\/strong>, pese a que el 5 de enero el Ejecutivo envi\u00f3 el texto al Congreso y los legisladores ten\u00edan diez d\u00edas h\u00e1biles para emitir un dictamen sobre el megadecreto\u00a0de\u00a0<strong>necesidad y urgencia de Milei\u00a0<\/strong>que derog\u00f3 cientos de leyes, como la ley de alquileres, g\u00f3ndolas, entre otros puntos. Luego de este viernes 1 de marzo, que el Presidente abrir\u00e1 las sesiones ordinarias encabezando la asamblea que ser\u00e1 esta vez por la noche, todo indica que el DNU pasar\u00e1 por el Senado especialmente por presi\u00f3n de Uni\u00f3n por la Patria a los que se sumaron legisladores de distintas provincias en medio de la disputa entre\u00a0<strong>Milei\u00a0<\/strong>y los gobernadores, que tuvo su punto de ebullici\u00f3n con la pelea con Ignacio Torres, el gobernador del PRO que es de Chubut por el recorte de la coparticipaci\u00f3n.<\/p>\n\n\n\n<p>El debate en el Senado estar\u00eda perdido\u00a0para el oficialismo nacional, sin embargo, los dos senadores nacionales que responden al gobernador de Mendoza, Alfredo Cornejo, dar\u00e1n el aval al<strong>\u00a0DNU<\/strong>. El exmandatario mendocino,\u00a0<strong>Suarez<\/strong>, asumi\u00f3 su banca el a\u00f1o pasado en reemplazo de Cornejo y estar\u00e1 en el cargo de legislador por cuatro a\u00f1os m\u00e1s y en tanto Juri es senadora hace dos a\u00f1os. Ambos trabajan en sinton\u00eda desde hace d\u00e9cadas- desde la \u00e9poca del fallecido intendente de la Ciudad de Mendoza Victor Fayad- pero en estos tiempos responder\u00e1n a la respuesta que quiera dar el Gobernador mendocino frente a<strong>\u00a0Milei.<\/strong>\u00a0Cornejo en ese sentido, apunta a que el DNU sea apoyado a pesar que hay sectores del radicalismo nacional que est\u00e1n en contra.\u00a0<\/p>\n\n\n\n<p>De hecho, la semana pasada hubo una charla abierta en el comit\u00e9 provincia, donde legisladores nacionales de la UCR se mostraron a favor de avalar las reformas, argumentando que la fuerza ha apuntado hist\u00f3ricamente al reformismo y apuntando a agilizar algunos temas de la vida p\u00fablica como propone&nbsp;<strong>Milei<\/strong>&nbsp;ante la retirada de la intervenci\u00f3n del&nbsp;Estado. Un ejemplo es la ley de alquileres que qued\u00f3 sin efecto y por lo tanto ahora las partes puede acordar las condiciones contractuales y los montos. Sin embargo desde muchos sectores critican los cambios por los altos precios que a\u00fan mantienen esos contratos.&nbsp;<\/p>\n\n\n\n<p>La Justicia ya rechaz\u00f3 partes del DNU a pedido de gremios o particulares y casi es un hecho que al Gobierno nacional no les dan los n\u00fameros para aprobarlo en el recinto en el Senado. Sin embargo, si consigue los n\u00fameros en la C\u00e1mara Baja, puede quedar convalidado. Es decir que si s\u00f3lo una c\u00e1mara lo avala, el\u00a0<strong>DNU<\/strong>\u00a0queda aprobado por el Congreso. Hay pron\u00f3sticos que apuestan\u00a0que como la Ley Bases en su votaci\u00f3n en\u00a0general, quedar\u00e1 aprobado por Diputados. Otros menos optimistas creen, por el contrario que la norma ,ser\u00e1 rechazada por ambas c\u00e1maras y ser\u00e1 una nueva derrota para\u00a0<strong>Milei<\/strong>\u00a0porque no ven en el horizonte puentes que puedan tenenderse con la mayor\u00eda de los gobernadores y porque adem\u00e1s, la interna del PRO se ha recrudecido respecto a la votaci\u00f3n de la primera ley \u00f3mnibus y podr\u00eda llegar a afectar.\u00a0<\/p>\n\n\n\n<p>FUENTE: MDZonline.<\/p>\n","protected":false},"excerpt":{"rendered":"<p>El megadecreto del presidente Javier Milei podr\u00eda ser votado en breve en el Senado. De los tres senadores por Mendoza, Anabel Fern\u00e1ndez Sagasti votar\u00e1 en contra. \u00bfQu\u00e9 har\u00e1n Suarez y Juri? El\u00a0megadecreto\u00a0de\u00a0Javier Milei,\u00a0que debe ser convalidado en el Congreso, podr\u00eda ser tratado la semana pr\u00f3xima en el Senado por presi\u00f3n de distintos sectores de la [&hellip;]<\/p>\n","protected":false},"author":2,"featured_media":5738,"comment_status":"open","ping_status":"open","sticky":true,"template":"","format":"standard","meta":[],"categories":[47],"tags":[],"_links":{"self":[{"href":"https:\/\/pasaenmendoza.com\/index.php?rest_route=\/wp\/v2\/posts\/5733"}],"collection":[{"href":"https:\/\/pasaenmendoza.com\/index.php?rest_route=\/wp\/v2\/posts"}],"about":[{"href":"https:\/\/pasaenmendoza.com\/index.php?rest_route=\/wp\/v2\/types\/post"}],"author":[{"embeddable":true,"href":"https:\/\/pasaenmendoza.com\/index.php?rest_route=\/wp\/v2\/users\/2"}],"replies":[{"embeddable":true,"href":"https:\/\/pasaenmendoza.com\/index.php?rest_route=%2Fwp%2Fv2%2Fcomments&post=5733"}],"version-history":[{"count":1,"href":"https:\/\/pasaenmendoza.com\/index.php?rest_route=\/wp\/v2\/posts\/5733\/revisions"}],"predecessor-version":[{"id":5739,"href":"https:\/\/pasaenmendoza.com\/index.php?rest_route=\/wp\/v2\/posts\/5733\/revisions\/5739"}],"wp:featuredmedia":[{"embeddable":true,"href":"https:\/\/pasaenmendoza.com\/index.php?rest_route=\/wp\/v2\/media\/5738"}],"wp:attachment":[{"href":"https:\/\/pasaenmendoza.com\/index.php?rest_route=%2Fwp%2Fv2%2Fmedia&parent=5733"}],"wp:term":[{"taxonomy":"category","embeddable":true,"href":"https:\/\/pasaenmendoza.com\/index.php?rest_route=%2Fwp%2Fv2%2Fcategories&post=5733"},{"taxonomy":"post_tag","embeddable":true,"href":"https:\/\/pasaenmendoza.com\/index.php?rest_route=%2Fwp%2Fv2%2Ftags&post=5733"}],"curies":[{"name":"wp","href":"https:\/\/api.w.org\/{rel}","templated":true}]}}