{"id":5734,"date":"2024-02-29T13:10:57","date_gmt":"2024-02-29T12:10:57","guid":{"rendered":"https:\/\/pasaenmendoza.com\/?p=5734"},"modified":"2024-02-29T13:10:58","modified_gmt":"2024-02-29T12:10:58","slug":"como-estara-el-tiempo-en-mendoza-despues-de-la-intensa-tormenta-de-lluvia-y-granizo","status":"publish","type":"post","link":"https:\/\/pasaenmendoza.com\/?p=5734","title":{"rendered":"C\u00f3mo estar\u00e1 el tiempo en Mendoza despu\u00e9s de la intensa tormenta de lluvia y granizo"},"content":{"rendered":"\n<p>Luego de la intensa tormenta registrada en varios puntos de la provincia, regresa el calor. Adem\u00e1s, para este&nbsp;<strong>jueves<\/strong>&nbsp;se pronostica cielo algo nublado, vientos leves del sudeste.&nbsp;<mark>La m\u00ednima ser\u00e1 de 22 grados y la m\u00e1xima de 32.<\/mark><\/p>\n\n\n\n<p>Para el\u00a0<strong>viernes<\/strong>, d\u00eda en que se celebra la\u00a0<strong>V\u00eda Blanca de las reinas,<\/strong>\u00a0la\u00a0<strong>Direcci\u00f3n de Contingencias Clim\u00e1ticas<\/strong>\u00a0anuncia: \u201cCaluroso con nubosidad variable y tormentas al final del d\u00ed\u00ada, vientos moderados del noreste\u201d.\u00a0<mark>La m\u00ednima ser\u00e1 de 23 grados y la m\u00e1xima de 35.<\/mark><\/p>\n\n\n\n<p>El\u00a0<strong>s\u00e1bado<\/strong>, durante el\u00a0<strong>Carrusel<\/strong>\u00a0de las reinas, se prev\u00e9 cielo parcialmente nublado y ventoso con descenso de la temperatura. Inestable en la ma\u00f1ana con precipitaciones aisladas.<\/p>\n\n\n\n<p>Las condiciones mejoran durante la tarde, y por la noche, mientras se realice el<strong>\u00a0Acto Central\u00a0<\/strong>no se esperan tormentas.\u00a0<mark>La m\u00ednima ser\u00e1 de 23 grados y la m\u00e1xima de 29.<\/mark><\/p>\n\n\n\n<p><strong>La situaci\u00f3n en alta monta\u00f1a<\/strong><\/p>\n\n\n\n<p>El&nbsp;<strong>Sistema Integrado Cristo Redentor<\/strong>&nbsp;se encuentra&nbsp;<mark>habilitado<\/mark>&nbsp;para todo tipo de veh\u00edculos, durante las 24 horas.<\/p>\n\n\n\n<p>El\u00a0<strong>paso Pehuenche<\/strong>\u00a0est\u00e1\u00a0<mark>transitable<\/mark>, de 9 a 19.<\/p>\n\n\n\n<p><strong>Fuente: www.elsol.com.ar<\/strong><\/p>\n","protected":false},"excerpt":{"rendered":"<p>Luego de la intensa tormenta registrada en varios puntos de la provincia, regresa el calor. Adem\u00e1s, para este&nbsp;jueves&nbsp;se pronostica cielo algo nublado, vientos leves del sudeste.&nbsp;La m\u00ednima ser\u00e1 de 22 grados y la m\u00e1xima de 32. Para el\u00a0viernes, d\u00eda en que se celebra la\u00a0V\u00eda Blanca de las reinas,\u00a0la\u00a0Direcci\u00f3n de Contingencias Clim\u00e1ticas\u00a0anuncia: \u201cCaluroso con nubosidad variable [&hellip;]<\/p>\n","protected":false},"author":2,"featured_media":5735,"comment_status":"open","ping_status":"open","sticky":false,"template":"","format":"standard","meta":[],"categories":[52],"tags":[],"_links":{"self":[{"href":"https:\/\/pasaenmendoza.com\/index.php?rest_route=\/wp\/v2\/posts\/5734"}],"collection":[{"href":"https:\/\/pasaenmendoza.com\/index.php?rest_route=\/wp\/v2\/posts"}],"about":[{"href":"https:\/\/pasaenmendoza.com\/index.php?rest_route=\/wp\/v2\/types\/post"}],"author":[{"embeddable":true,"href":"https:\/\/pasaenmendoza.com\/index.php?rest_route=\/wp\/v2\/users\/2"}],"replies":[{"embeddable":true,"href":"https:\/\/pasaenmendoza.com\/index.php?rest_route=%2Fwp%2Fv2%2Fcomments&post=5734"}],"version-history":[{"count":1,"href":"https:\/\/pasaenmendoza.com\/index.php?rest_route=\/wp\/v2\/posts\/5734\/revisions"}],"predecessor-version":[{"id":5736,"href":"https:\/\/pasaenmendoza.com\/index.php?rest_route=\/wp\/v2\/posts\/5734\/revisions\/5736"}],"wp:featuredmedia":[{"embeddable":true,"href":"https:\/\/pasaenmendoza.com\/index.php?rest_route=\/wp\/v2\/media\/5735"}],"wp:attachment":[{"href":"https:\/\/pasaenmendoza.com\/index.php?rest_route=%2Fwp%2Fv2%2Fmedia&parent=5734"}],"wp:term":[{"taxonomy":"category","embeddable":true,"href":"https:\/\/pasaenmendoza.com\/index.php?rest_route=%2Fwp%2Fv2%2Fcategories&post=5734"},{"taxonomy":"post_tag","embeddable":true,"href":"https:\/\/pasaenmendoza.com\/index.php?rest_route=%2Fwp%2Fv2%2Ftags&post=5734"}],"curies":[{"name":"wp","href":"https:\/\/api.w.org\/{rel}","templated":true}]}}