{"id":5740,"date":"2024-02-29T13:16:17","date_gmt":"2024-02-29T12:16:17","guid":{"rendered":"https:\/\/pasaenmendoza.com\/?p=5740"},"modified":"2024-02-29T13:16:18","modified_gmt":"2024-02-29T12:16:18","slug":"que-esperan-los-legisladores-mendocinos-del-discurso-de-milei","status":"publish","type":"post","link":"https:\/\/pasaenmendoza.com\/?p=5740","title":{"rendered":"Qu\u00e9 esperan los legisladores mendocinos del discurso de Milei"},"content":{"rendered":"\n<p>Este viernes a las 21, el presidente tendr\u00e1 su primera exposici\u00f3n ante la asamblea legislativa. Dudas y posibles anuncios.<\/p>\n\n\n\n<p>Este viernes, a partir de las 21,&nbsp;<strong>Javier Milei<\/strong>&nbsp;realizar\u00e1 su primera apertura de&nbsp;<strong>sesiones ordinarias del Congreso,<\/strong>&nbsp;un discurso que ha provocado una expectativa total sobre la posibilidad de anuncios y, sobre todo,<mark>&nbsp;si dar\u00e1 detalles de los pr\u00f3ximos pasos de su gobierno.<\/mark><\/p>\n\n\n\n<p>Los legisladores nacionales por Mendoza ocupar\u00e1n una platea privilegiada este viernes por la noche. Y dieron a conocer sus sensaciones de cara al discurso de Milei, principalmente por la profundidad de los cambios que est\u00e1 llevando adelante el libertario durante los primeros d\u00edas de su gesti\u00f3n.<\/p>\n\n\n\n<p>Desde el entorno de&nbsp;<strong>Julio Cobos&nbsp;<\/strong>aseguraron que \u201c<em>esta apertura ser\u00e1 muy diferente<\/em>\u201d a la de a\u00f1os anteriores y se\u00f1alaron que \u201c<em>no esperan anuncios muy constructivistas<\/em>\u201c<\/p>\n\n\n\n<p><em>\u201cEn cualquier otro contexto, las expectativas ser\u00e1 ver anuncios econ\u00f3micos y leyes al Congreso. Este no es ese contexto, a veces da la sensaci\u00f3n en que se empe\u00f1a m\u00e1s en chicanear y pasarse de rosca en las redes sociales que en acciones constructivistas de gobierno. Uno espera anuncios con pol\u00edticas sociales, que beneficien a la gente, pero la verdad es que es una inc\u00f3gnita\u201d<\/em>, explicaron desde el c\u00edrculo cercano de Cobos.<\/p>\n\n\n\n<p><strong>Lisandro Nieri<\/strong>&nbsp;-de Cambia Mendoza como Cobos- no fue tan cr\u00edtico como el exgobernador y subray\u00f3 que si bien est\u00e1 de acuerdo con la mayor\u00eda de las reformas que Milei quiere llevar adelante con su gesti\u00f3n, debe&nbsp;<em>\u201ccambiar las formas para alcanzar consensos\u201d<\/em>.<\/p>\n\n\n\n<p><em>\u201cEsperar\u00eda un presidente que que hable de manera constructiva, que apele a sumar esfuerzos para para lograr las reformas que propone tanto en el DNU como como en la Ley de Bases, las cuales en su mayor\u00eda coincido\u201d<\/em>, comenz\u00f3 Nieri y agreg\u00f3 que ojal\u00e1 que&nbsp;<em>\u201csalga del rol de de campa\u00f1a en el que est\u00e1 y de las descalificaciones que hace. La expectativa es que comience a construir en pos de lograr todas estas reformas para, junto con un ordenamiento, macroecon\u00f3mico dejar atr\u00e1s, el gran estancamiento y la grave situaci\u00f3n socioecon\u00f3mica que tiene que tiene Argentina<\/em>\u201c.<\/p>\n\n\n\n<p>Por su parte, el diputado del PRO,<strong>&nbsp;\u00c1lvaro Mart\u00ednez<\/strong>, i<mark>ndic\u00f3 que espera que el mensaje del mandatario sea fiel a su estilo estridente y no descart\u00f3 la posibilidad que d\u00e9 a conocer anuncios sorpresivos.<\/mark><\/p>\n\n\n\n<p><em>\u201cEstimo que va a ser muy al estilo de Milei, al cual ya nos tiene acostumbrado, con un mensaje muy fuerte. Adem\u00e1s, estoy seguro de que habr\u00e1 algunas sorpresas y anuncios, por lo que en lo personal tengo mucha expectativa\u201d<\/em>, se\u00f1al\u00f3 el hombre m\u00e1s cercano a Omar De Marchi en el Congreso.<\/p>\n\n\n\n<p>En tanto , el legislador oficialista&nbsp;<strong>Facundo Correa Llano&nbsp;<\/strong>asegur\u00f3 que&nbsp;<em>\u201capoya al presidente\u201d<\/em>&nbsp;y explic\u00f3 que \u201c<em>estamos en el camino correcto para bajar la inflaci\u00f3n<\/em>\u201c<\/p>\n\n\n\n<p>\u201c<em>Estoy con grandes expectativas. Realmente conf\u00edo en que el modelo de pa\u00eds que est\u00e1 implementando el presidente es el que Argentina necesita y el que la mayor\u00eda de los argentinos pidieron y siguen pidiendo a gritos. Estamos en el camino correcto para bajar la inflaci\u00f3n y la inseguridad, terminar y desmantelar la corrupci\u00f3n y la mafia sindical, y de este modo poder devolverles a todos los ciudadanos la libertad que les hab\u00edan robado y la seguridad jur\u00eddica que tanto necesitan<\/em>\u201c, dijo Correa Llano.<\/p>\n\n\n\n<p>En tanto, el diputado de Uni\u00f3n por la Patria,&nbsp;<strong>Adolfo Bermejo<\/strong>, fue muy cr\u00edtico con Milei y asegur\u00f3 que \u201c<em>es un presidente que le ha faltado el respeto al Congreso en reiteradas oportunidades<\/em>\u201c, y lo catalog\u00f3 como \u201c<em>temerario<\/em>\u201c.<\/p>\n\n\n\n<p><em>\u201cVeo un panorama sombr\u00edo hacia adelante. Todos queremos cuentas ordenadas. Los que hemos estado en distintos lugares del Ejecutivo -yo como intendente-, siempre hemos buscado, por supuesto, el equilibrio fiscal, no gastar m\u00e1s de lo que entra, pero tampoco vale hacerlo a cualquier costo. Hoy estamos viendo dificultades por todos lados\u201d<\/em>, asegur\u00f3 el maipucino.<\/p>\n\n\n\n<p>Bermejo aprovech\u00f3 adem\u00e1s para expresar su preocupaci\u00f3n por el recorte de fondos nacionales, y se\u00f1al\u00f3 que&nbsp;<em>\u201clos m\u00e1s afectados terminan siendo los municipios\u201d<\/em>.<\/p>\n\n\n\n<p><em>\u201cCreo que va a ir por m\u00e1s recortes y me preocupa la situaci\u00f3n, no solamente la provincia, sino lo los municipios. En el caso concreto de Maip\u00fa hay una obra de Enohsa (Ente Nacional De Obras H\u00eddricas De Saneamiento), para un colector cloacal de la zona este del departamento que hoy est\u00e1 totalmente paralizado y el municipio no tiene los fondos para afrontar semejante obra\u201d<\/em>, se\u00f1al\u00f3.<\/p>\n\n\n\n<p>FUENTE: Elsol.com.ar <\/p>\n","protected":false},"excerpt":{"rendered":"<p>Este viernes a las 21, el presidente tendr\u00e1 su primera exposici\u00f3n ante la asamblea legislativa. Dudas y posibles anuncios. Este viernes, a partir de las 21,&nbsp;Javier Milei&nbsp;realizar\u00e1 su primera apertura de&nbsp;sesiones ordinarias del Congreso,&nbsp;un discurso que ha provocado una expectativa total sobre la posibilidad de anuncios y, sobre todo,&nbsp;si dar\u00e1 detalles de los pr\u00f3ximos pasos [&hellip;]<\/p>\n","protected":false},"author":2,"featured_media":5741,"comment_status":"open","ping_status":"open","sticky":true,"template":"","format":"standard","meta":[],"categories":[47],"tags":[],"_links":{"self":[{"href":"https:\/\/pasaenmendoza.com\/index.php?rest_route=\/wp\/v2\/posts\/5740"}],"collection":[{"href":"https:\/\/pasaenmendoza.com\/index.php?rest_route=\/wp\/v2\/posts"}],"about":[{"href":"https:\/\/pasaenmendoza.com\/index.php?rest_route=\/wp\/v2\/types\/post"}],"author":[{"embeddable":true,"href":"https:\/\/pasaenmendoza.com\/index.php?rest_route=\/wp\/v2\/users\/2"}],"replies":[{"embeddable":true,"href":"https:\/\/pasaenmendoza.com\/index.php?rest_route=%2Fwp%2Fv2%2Fcomments&post=5740"}],"version-history":[{"count":1,"href":"https:\/\/pasaenmendoza.com\/index.php?rest_route=\/wp\/v2\/posts\/5740\/revisions"}],"predecessor-version":[{"id":5742,"href":"https:\/\/pasaenmendoza.com\/index.php?rest_route=\/wp\/v2\/posts\/5740\/revisions\/5742"}],"wp:featuredmedia":[{"embeddable":true,"href":"https:\/\/pasaenmendoza.com\/index.php?rest_route=\/wp\/v2\/media\/5741"}],"wp:attachment":[{"href":"https:\/\/pasaenmendoza.com\/index.php?rest_route=%2Fwp%2Fv2%2Fmedia&parent=5740"}],"wp:term":[{"taxonomy":"category","embeddable":true,"href":"https:\/\/pasaenmendoza.com\/index.php?rest_route=%2Fwp%2Fv2%2Fcategories&post=5740"},{"taxonomy":"post_tag","embeddable":true,"href":"https:\/\/pasaenmendoza.com\/index.php?rest_route=%2Fwp%2Fv2%2Ftags&post=5740"}],"curies":[{"name":"wp","href":"https:\/\/api.w.org\/{rel}","templated":true}]}}