{"id":5743,"date":"2024-02-29T13:20:42","date_gmt":"2024-02-29T12:20:42","guid":{"rendered":"https:\/\/pasaenmendoza.com\/?p=5743"},"modified":"2024-02-29T13:20:43","modified_gmt":"2024-02-29T12:20:43","slug":"tormenta-el-gobernador-dijo-que-hay-entre-5-mil-y-8-mil-hectareas-afectadas","status":"publish","type":"post","link":"https:\/\/pasaenmendoza.com\/?p=5743","title":{"rendered":"Tormenta: el Gobernador dijo que hay &#8220;entre 5 mil y 8 mil hect\u00e1reas afectadas&#8221;"},"content":{"rendered":"\n<p>\u00a0Este mi\u00e9rcoles por la noche se realiz\u00f3 la\u00a0<strong>Fiesta de la Cosecha<\/strong>\u00a0en los vi\u00f1edos del Aeropuerto. El festejo se empa\u00f1\u00f3 porque pocas horas antes de su inicio, los productores de algunas zonas de la provincia sufrieron una fuerte\u00a0<strong>granizada<\/strong>\u00a0que afect\u00f3 a miles de hect\u00e1reas. &#8220;Todav\u00eda no hay cifras definitivas, pero como m\u00ednimo son entre 5 mil y 8 mil hect\u00e1reas afectadas&#8221;, asegur\u00f3 el gobernador\u00a0<strong>Alfredo Cornejo<\/strong>.<\/p>\n\n\n\n<p>Antes del inicio del evento, el Gobernador sostuvo que intentaron imprimirle sobriedad a esta edici\u00f3n de la\u00a0<strong>Vendimia<\/strong>: &#8220;Hemos intentado que sea austera, en consideraci\u00f3n con las tantas dificultades econ\u00f3micas que existen en el pa\u00eds y en Mendoza&#8221;.\u00a0<\/p>\n\n\n\n<p>En ese sentido,\u00a0<strong>Cornejo<\/strong>\u00a0remarc\u00f3 que contrataron &#8220;muchos artistas locales. Si bien no la organizamos nosotros, hemos participado de ese criterio de austeridad. Pero creemos que estamos a la altura de dar buenos espect\u00e1culos tambi\u00e9n&#8221;.<\/p>\n\n\n\n<p>Fue entonces cuando el mandatario se refiri\u00f3 a la&nbsp;<strong>tormenta<\/strong>&nbsp;con ca\u00edda de&nbsp;<strong>granizo<\/strong>&nbsp;que cay\u00f3 especialmente en el este y partes del Gran Mendoza. &#8220;Hemos decidido suspender el acto de la cosecha en los vi\u00f1edos&#8221;, anunci\u00f3 el Gobernador.&nbsp;<\/p>\n\n\n\n<p>&#8220;Ojal\u00e1 sea una buena Vendimia. En l\u00edneas generales, los pron\u00f3sticos son buenos acerca de cantidades, y el sector privado y el sector p\u00fablico est\u00e1n trabajando juntos, intentando precios que sean razonables, que sostengan la producci\u00f3n&#8221;, a\u00f1adi\u00f3 el Gobernador.<\/p>\n\n\n\n<p>M\u00e1s all\u00e1 del cambio simb\u00f3lico que significa la eliminaci\u00f3n de la cosecha, y de la foto que no fue, la fiesta comenz\u00f3 a las 22.&nbsp;<\/p>\n\n\n\n<p>El cronograma inclu\u00eda un concierto de la Orquesta Filarm\u00f3nica de Mendoza con los siguientes artistas: Nahuel Pennisi, Kevin Johansen, Benito Cerati, La Bruja Salguero, Los Tabaleros; las cantoras mendocinas Leticia Bibiloni, Melisa Budini, Francisca Figueroa, Ini Ceverino, Mailen Obrador, Aluh\u00e9 Dum\u00e9, Gabriela Fern\u00e1ndez y Julieta Laparra.\u00a0<\/p>\n\n\n\n<p>Adem\u00e1s, un ensamble de m\u00fasicos mendocinos de lujo: Nico Diez, Charly Pereira, Rodrigo Botaccaulli, Laureano Busse, Seba Narv\u00e1ez y Mariano Colombo.<\/p>\n\n\n\n<p>FUENTE: Mendozapost.<\/p>\n","protected":false},"excerpt":{"rendered":"<p>\u00a0Este mi\u00e9rcoles por la noche se realiz\u00f3 la\u00a0Fiesta de la Cosecha\u00a0en los vi\u00f1edos del Aeropuerto. El festejo se empa\u00f1\u00f3 porque pocas horas antes de su inicio, los productores de algunas zonas de la provincia sufrieron una fuerte\u00a0granizada\u00a0que afect\u00f3 a miles de hect\u00e1reas. &#8220;Todav\u00eda no hay cifras definitivas, pero como m\u00ednimo son entre 5 mil y [&hellip;]<\/p>\n","protected":false},"author":2,"featured_media":5745,"comment_status":"open","ping_status":"open","sticky":true,"template":"","format":"standard","meta":[],"categories":[47],"tags":[],"_links":{"self":[{"href":"https:\/\/pasaenmendoza.com\/index.php?rest_route=\/wp\/v2\/posts\/5743"}],"collection":[{"href":"https:\/\/pasaenmendoza.com\/index.php?rest_route=\/wp\/v2\/posts"}],"about":[{"href":"https:\/\/pasaenmendoza.com\/index.php?rest_route=\/wp\/v2\/types\/post"}],"author":[{"embeddable":true,"href":"https:\/\/pasaenmendoza.com\/index.php?rest_route=\/wp\/v2\/users\/2"}],"replies":[{"embeddable":true,"href":"https:\/\/pasaenmendoza.com\/index.php?rest_route=%2Fwp%2Fv2%2Fcomments&post=5743"}],"version-history":[{"count":1,"href":"https:\/\/pasaenmendoza.com\/index.php?rest_route=\/wp\/v2\/posts\/5743\/revisions"}],"predecessor-version":[{"id":5746,"href":"https:\/\/pasaenmendoza.com\/index.php?rest_route=\/wp\/v2\/posts\/5743\/revisions\/5746"}],"wp:featuredmedia":[{"embeddable":true,"href":"https:\/\/pasaenmendoza.com\/index.php?rest_route=\/wp\/v2\/media\/5745"}],"wp:attachment":[{"href":"https:\/\/pasaenmendoza.com\/index.php?rest_route=%2Fwp%2Fv2%2Fmedia&parent=5743"}],"wp:term":[{"taxonomy":"category","embeddable":true,"href":"https:\/\/pasaenmendoza.com\/index.php?rest_route=%2Fwp%2Fv2%2Fcategories&post=5743"},{"taxonomy":"post_tag","embeddable":true,"href":"https:\/\/pasaenmendoza.com\/index.php?rest_route=%2Fwp%2Fv2%2Ftags&post=5743"}],"curies":[{"name":"wp","href":"https:\/\/api.w.org\/{rel}","templated":true}]}}