{"id":5755,"date":"2024-02-29T13:36:04","date_gmt":"2024-02-29T12:36:04","guid":{"rendered":"https:\/\/pasaenmendoza.com\/?p=5755"},"modified":"2024-02-29T13:36:05","modified_gmt":"2024-02-29T12:36:05","slug":"la-policia-capturo-a-uno-de-los-presuntos-autores-del-crimen-del-empleado-de-ipc","status":"publish","type":"post","link":"https:\/\/pasaenmendoza.com\/?p=5755","title":{"rendered":"La Polic\u00eda captur\u00f3 a uno de los presuntos autores del crimen del empleado de IPC"},"content":{"rendered":"\n<p><strong>La Polic\u00eda detuvo este mi\u00e9rcoles en la tarde a uno de los sospechosos del crimen<\/strong>\u00a0de\u00a0<strong>Gabriel Ortiz Vilchez (30).<\/strong>\u00a0La v\u00edctima fue ultimada a golpes por los delincuentes, con el objetivo de apoderarse su bicicleta. El crimen ocurri\u00f3 el lunes en Las Heras, cuando iba a su trabajo.<\/p>\n\n\n\n<p>En un procedimiento, ordenado por la Unidad Fiscal de Homicidios, los uniformados capturaron a un hombre identificado como&nbsp;<strong>Kevin Ariel Vera Valdez.<\/strong>&nbsp;El individuo fue aprehendido antes de ingresar a su domicilio en la calle El Carrizal del departamento de Godoy Cruz.<\/p>\n\n\n\n<p>A trav\u00e9s de tareas investigativas, el Ministerio P\u00fablico Fiscal, a trav\u00e9s Unidad Fiscal de Homicidios y Violencia Institucional, hab\u00eda emitido un\u00a0<strong>pedido de captura nacional e internacional\u00a0<\/strong>por la causa de Homicidio Criminis Causa en Concurso Real con robo simple.<\/p>\n\n\n\n<h2 class=\"wp-block-heading\"><strong>El crimen de Gabriel Ortiz Vilchez en Las Heras<\/strong><\/h2>\n\n\n\n<p><strong>Gabriel Ortiz&nbsp;<\/strong>fue encontrado inconsciente en la calle y lo trasladaron al Hospital Central donde<strong>&nbsp;12 horas m\u00e1s tarde lograron identificarlo<\/strong>. Por las heridas sufridas en su cabeza qued\u00f3 internado en terapia intensiva en grave estado.<\/p>\n\n\n\n<p>El hecho ocurri\u00f3 en calle&nbsp;<strong>Lisandro Moyano y Fangio<\/strong>, de&nbsp;<strong>Las Heras<\/strong>,&nbsp;<strong>alrededor de las 6.30 del lunes pasado<\/strong>. Varios llamados al 911 alertaron sobre un hombre que estaba inconsciente en el suelo. La Polic\u00eda y una ambulancia del Servicio de Emergencias Coordinado llegaron al lugar y asistieron a la v\u00edctima, quien no reaccionaba y lo trasladaron al Hospital Central.<\/p>\n\n\n\n<p>Los polic\u00edas reconstruyeron parte de lo ocurrido y la primera hip\u00f3tesis era que la v\u00edctima hab\u00eda sido golpeada en su cabeza debido a la herida que ten\u00eda en una de sus orejas y qued\u00f3 inconsciente. Seg\u00fan los pesquisas, el o los delincuentes lo golpearon para robarle la bicicleta que usaba para ir a su trabajo.<\/p>\n\n\n\n<p>Una vez en el Central determinaron que ten\u00eda lesiones en su cabeza y segu\u00eda inconsciente. Debido a esto y a que no le encontraron sus documentos, no pod\u00edan saber qui\u00e9n era. Alrededor de las 10 del lunes personal de la Unidad Investigativa de Las Heras habl\u00f3 con los vecinos de la zona para determinar lo ocurrido e identificar al hombre, pero nadie aport\u00f3 datos.<\/p>\n\n\n\n<p>Tambi\u00e9n revisaron las im\u00e1genes de las c\u00e1maras de seguridad de la zona, pero los resultados tambi\u00e9n fueron negativos.<\/p>\n\n\n\n<p><strong>Doce horas pasaron sin poder identificar al empleado de IPC<\/strong><\/p>\n\n\n\n<p>Las horas pasaban, la v\u00edctima segu\u00eda inconsciente y todav\u00eda no sab\u00edan c\u00f3mo se llamaba. Desde la fiscal\u00eda que investiga el caso ordenaron que personal policial fuera al hospital con el aparato biom\u00e9trico para sacar los datos de la persona, pero tampoco pudieron identificarlo debido a que no ten\u00eda antecedentes.<\/p>\n\n\n\n<p>En la tarde del lunes lo identificaron por el logo en su remera y constataron que se trataba Gabriel Ortiz, quien ten\u00eda domicilio en Las Heras. Hab\u00eda salido de su casa en bicicleta para ir a trabajar a la f\u00e1brica de piletas que queda en el Parque Industrial, a 5 kil\u00f3metros de su residencia.<\/p>\n\n\n\n<p>Este domingo\u00a0<strong>muri\u00f3 Gabriel Ortiz Vilchez, quien<\/strong>\u00a0<strong>estaba casado y ten\u00eda tres hijos.<\/strong>\u00a0Pas\u00f3 sus \u00faltimos d\u00edas en terapia intensiva del hospital Italiano por el fuerte golpe que recibi\u00f3 en la cabeza. La hab\u00edan realizado una cirug\u00eda y luego lo diagnosticaron con muerte cerebral por lo que su familia don\u00f3 sus \u00f3rganos.<\/p>\n\n\n\n<p><strong>Fuente: www.diariouno.com.ar<\/strong><\/p>\n","protected":false},"excerpt":{"rendered":"<p>La Polic\u00eda detuvo este mi\u00e9rcoles en la tarde a uno de los sospechosos del crimen\u00a0de\u00a0Gabriel Ortiz Vilchez (30).\u00a0La v\u00edctima fue ultimada a golpes por los delincuentes, con el objetivo de apoderarse su bicicleta. El crimen ocurri\u00f3 el lunes en Las Heras, cuando iba a su trabajo. En un procedimiento, ordenado por la Unidad Fiscal de [&hellip;]<\/p>\n","protected":false},"author":2,"featured_media":5756,"comment_status":"open","ping_status":"open","sticky":false,"template":"","format":"standard","meta":[],"categories":[48],"tags":[],"_links":{"self":[{"href":"https:\/\/pasaenmendoza.com\/index.php?rest_route=\/wp\/v2\/posts\/5755"}],"collection":[{"href":"https:\/\/pasaenmendoza.com\/index.php?rest_route=\/wp\/v2\/posts"}],"about":[{"href":"https:\/\/pasaenmendoza.com\/index.php?rest_route=\/wp\/v2\/types\/post"}],"author":[{"embeddable":true,"href":"https:\/\/pasaenmendoza.com\/index.php?rest_route=\/wp\/v2\/users\/2"}],"replies":[{"embeddable":true,"href":"https:\/\/pasaenmendoza.com\/index.php?rest_route=%2Fwp%2Fv2%2Fcomments&post=5755"}],"version-history":[{"count":1,"href":"https:\/\/pasaenmendoza.com\/index.php?rest_route=\/wp\/v2\/posts\/5755\/revisions"}],"predecessor-version":[{"id":5757,"href":"https:\/\/pasaenmendoza.com\/index.php?rest_route=\/wp\/v2\/posts\/5755\/revisions\/5757"}],"wp:featuredmedia":[{"embeddable":true,"href":"https:\/\/pasaenmendoza.com\/index.php?rest_route=\/wp\/v2\/media\/5756"}],"wp:attachment":[{"href":"https:\/\/pasaenmendoza.com\/index.php?rest_route=%2Fwp%2Fv2%2Fmedia&parent=5755"}],"wp:term":[{"taxonomy":"category","embeddable":true,"href":"https:\/\/pasaenmendoza.com\/index.php?rest_route=%2Fwp%2Fv2%2Fcategories&post=5755"},{"taxonomy":"post_tag","embeddable":true,"href":"https:\/\/pasaenmendoza.com\/index.php?rest_route=%2Fwp%2Fv2%2Ftags&post=5755"}],"curies":[{"name":"wp","href":"https:\/\/api.w.org\/{rel}","templated":true}]}}