{"id":5758,"date":"2024-02-29T16:39:36","date_gmt":"2024-02-29T15:39:36","guid":{"rendered":"https:\/\/pasaenmendoza.com\/?p=5758"},"modified":"2024-02-29T16:40:05","modified_gmt":"2024-02-29T15:40:05","slug":"el-desayuno-real-reunio-a-politicos-y-candidatas-a-reina-de-la-vendimia-en-el-museo-fader","status":"publish","type":"post","link":"https:\/\/pasaenmendoza.com\/?p=5758","title":{"rendered":"El Desayuno Real reuni\u00f3 a pol\u00edticos y candidatas a Reina de la Vendimia en el Museo Fader"},"content":{"rendered":"\n<p>Comenz\u00f3 el Desayuno Real en el Museo de Fader, actividad que se vuelve un cl\u00e1sico de la\u00a0<strong>Vendimia\u00a0<\/strong>en Mendoza porque re\u00fane a pol\u00edticos, empresarios y a las 18 candidatas departamentales al cetro nacional.<\/p>\n\n\n\n<p>Organizada por Grupo Cooperativa, la celebraci\u00f3n cuenta con la presencia del&nbsp;<strong>gobernador, Alfredo Cornejo, la vice, Hebe Casado<\/strong>, funcionarios, empresarios, los intendentes con las soberanas vendimiales e invitados for\u00e1neos, como el presidente de la C\u00e1mara de Diputados de la Naci\u00f3n, Mart\u00edn Menem, en la previa del esperado discurso del&nbsp;<strong>Presidente Javier Milei en el Congreso<\/strong>.<\/p>\n\n\n\n<p>Color y despliegue con aires de Vendimia dominan el Museo y el bello paisaje lujanino, pero con toques de la infaltable rosca pol\u00edtica y comentarios sobre la&nbsp;<strong>tensa relaci\u00f3n entre Milei y las provincias por los fondos coparticipables, que lleg\u00f3 a la Justicia nacional<\/strong>.<\/p>\n\n\n\n<p>Otro tema excluyente entre el cafecito, las confituras y los discursos: las grav\u00edsimas consecuencias de&nbsp;la feroz tormenta granicera del mi\u00e9rcoles&nbsp;sobre zonas de Maip\u00fa, San Mart\u00edn, Lavalle, Rivadavia y Luj\u00e1n, que da\u00f1aron, seg\u00fan Cornejo, 12 mil hect\u00e1reas productivas y no productivas.<\/p>\n\n\n\n<p><strong>Fuente: www.diariouno.com.ar<\/strong><\/p>\n","protected":false},"excerpt":{"rendered":"<p>Comenz\u00f3 el Desayuno Real en el Museo de Fader, actividad que se vuelve un cl\u00e1sico de la\u00a0Vendimia\u00a0en Mendoza porque re\u00fane a pol\u00edticos, empresarios y a las 18 candidatas departamentales al cetro nacional. Organizada por Grupo Cooperativa, la celebraci\u00f3n cuenta con la presencia del&nbsp;gobernador, Alfredo Cornejo, la vice, Hebe Casado, funcionarios, empresarios, los intendentes con las [&hellip;]<\/p>\n","protected":false},"author":2,"featured_media":5759,"comment_status":"open","ping_status":"open","sticky":false,"template":"","format":"standard","meta":[],"categories":[74],"tags":[],"_links":{"self":[{"href":"https:\/\/pasaenmendoza.com\/index.php?rest_route=\/wp\/v2\/posts\/5758"}],"collection":[{"href":"https:\/\/pasaenmendoza.com\/index.php?rest_route=\/wp\/v2\/posts"}],"about":[{"href":"https:\/\/pasaenmendoza.com\/index.php?rest_route=\/wp\/v2\/types\/post"}],"author":[{"embeddable":true,"href":"https:\/\/pasaenmendoza.com\/index.php?rest_route=\/wp\/v2\/users\/2"}],"replies":[{"embeddable":true,"href":"https:\/\/pasaenmendoza.com\/index.php?rest_route=%2Fwp%2Fv2%2Fcomments&post=5758"}],"version-history":[{"count":2,"href":"https:\/\/pasaenmendoza.com\/index.php?rest_route=\/wp\/v2\/posts\/5758\/revisions"}],"predecessor-version":[{"id":5761,"href":"https:\/\/pasaenmendoza.com\/index.php?rest_route=\/wp\/v2\/posts\/5758\/revisions\/5761"}],"wp:featuredmedia":[{"embeddable":true,"href":"https:\/\/pasaenmendoza.com\/index.php?rest_route=\/wp\/v2\/media\/5759"}],"wp:attachment":[{"href":"https:\/\/pasaenmendoza.com\/index.php?rest_route=%2Fwp%2Fv2%2Fmedia&parent=5758"}],"wp:term":[{"taxonomy":"category","embeddable":true,"href":"https:\/\/pasaenmendoza.com\/index.php?rest_route=%2Fwp%2Fv2%2Fcategories&post=5758"},{"taxonomy":"post_tag","embeddable":true,"href":"https:\/\/pasaenmendoza.com\/index.php?rest_route=%2Fwp%2Fv2%2Ftags&post=5758"}],"curies":[{"name":"wp","href":"https:\/\/api.w.org\/{rel}","templated":true}]}}