{"id":5762,"date":"2024-02-29T16:47:38","date_gmt":"2024-02-29T15:47:38","guid":{"rendered":"https:\/\/pasaenmendoza.com\/?p=5762"},"modified":"2024-02-29T16:47:40","modified_gmt":"2024-02-29T15:47:40","slug":"las-8-automotrices-apelaron-el-juicio-que-perdieron-contra-30-000-clientes-de-planes-de-ahorro","status":"publish","type":"post","link":"https:\/\/pasaenmendoza.com\/?p=5762","title":{"rendered":"Las 8 automotrices apelaron el juicio que perdieron contra 30.000 clientes de planes de ahorro"},"content":{"rendered":"\n<p>Las ocho automotrices apelaron la sentencia del juicio civil que perdieron contra 30.000 mendocinos adherentes de\u00a0<strong>planes de ahorro<\/strong>\u00a0para el 0 km, cuyas cuotas mensuales se volvieron impagables por el aumento del valor m\u00f3vil de los rodados.<\/p>\n\n\n\n<p>Los escritos de los abogados de&nbsp;<strong>Volkswagen, Renault, Ford, Peugeot, Citr\u00f6en, Toyota, Chevrolet y Chery&nbsp;<\/strong>contra el fallo de la jueza Fabiana Martinelli ingresaron este martes a la Segunda C\u00e1mara de Apelaciones, al filo del vencimiento del plazo estipulado para accionar.<\/p>\n\n\n\n<p>El 19 de febrero y tras un pleito colectivo que dur\u00f3 casi 5 a\u00f1os, Martinelli les orden\u00f3\u00a0<strong>rebajar el 14% el valor m\u00f3vil de los 0 km y recalcular las cuotas mensuales de cada uno de los contratos por haber violentado derechos de los consumidores y normativas civiles mediante cl\u00e1usulas abusivas.<\/strong><\/p>\n\n\n\n<p><strong>&#8220;Considero que se ha violado el deber de informaci\u00f3n en todas las etapas contractuales&#8221;<\/strong><\/p>\n\n\n\n<p>Mientras las juezas&nbsp;<strong>Silvina Furlotti Moretti, Teresa Carabajal Molina y Gladys Marsala<\/strong>&nbsp;analizan el caso,&nbsp;<strong>la decisi\u00f3n de Martinelli sigue firme.<\/strong><\/p>\n\n\n\n<p>O sea, las automotrices deben cumplir la orden de recalcular, en un plazo de 20 d\u00edas h\u00e1biles, los planes contratados\u00a0<strong>antes del 30 de septiembre de 2019 y con vigencia al 5 de febrero de 2020<\/strong>\u00a0sobre un precio base 14% menor y aplicando el IPC cada mes desde 2018.<\/p>\n\n\n\n<p>La Segunda C\u00e1mara de Apelaciones en lo Civil y Comercial ya hab\u00eda intervenido en este expediente, que ha sido caratulado &#8220;Aciar, Edgardo Exequiel y Otros c\/ Volkswagen SA de Ahorro Para Fines Determinados y Volkswagen Argentina SA p\/Proceso de Consumo&#8221;.<\/p>\n\n\n\n<p>Fue casi al comienzo del pleito, cuando las automotrices&nbsp;<strong>apelaron dos cuestiones importantes que Martinelli hab\u00eda decidido<\/strong>.<\/p>\n\n\n\n<p><strong>1) Que la demanda fuera de alcance colectivo y no individual<\/strong>&nbsp;porque involucra, m\u00e1s all\u00e1 de los clientes que accionaron en los Tribunales, a otros miles en la misma situaci\u00f3n, elevando esa cantidad a casi 30.000.<\/p>\n\n\n\n<p><strong>2) La cautelar que dispuso que los clientes pod\u00edan pagar a cuenta\u00a0<\/strong>hasta que hubiera sentencia judicial y que los veh\u00edculos no les pod\u00edan ser quitados por no abonar lo que las automotrices facturaban.<\/p>\n\n\n\n<p><strong>Fuente: www.diariouno.com.ar<\/strong><\/p>\n","protected":false},"excerpt":{"rendered":"<p>Las ocho automotrices apelaron la sentencia del juicio civil que perdieron contra 30.000 mendocinos adherentes de\u00a0planes de ahorro\u00a0para el 0 km, cuyas cuotas mensuales se volvieron impagables por el aumento del valor m\u00f3vil de los rodados. Los escritos de los abogados de&nbsp;Volkswagen, Renault, Ford, Peugeot, Citr\u00f6en, Toyota, Chevrolet y Chery&nbsp;contra el fallo de la jueza [&hellip;]<\/p>\n","protected":false},"author":2,"featured_media":5763,"comment_status":"open","ping_status":"open","sticky":false,"template":"","format":"standard","meta":[],"categories":[51],"tags":[],"_links":{"self":[{"href":"https:\/\/pasaenmendoza.com\/index.php?rest_route=\/wp\/v2\/posts\/5762"}],"collection":[{"href":"https:\/\/pasaenmendoza.com\/index.php?rest_route=\/wp\/v2\/posts"}],"about":[{"href":"https:\/\/pasaenmendoza.com\/index.php?rest_route=\/wp\/v2\/types\/post"}],"author":[{"embeddable":true,"href":"https:\/\/pasaenmendoza.com\/index.php?rest_route=\/wp\/v2\/users\/2"}],"replies":[{"embeddable":true,"href":"https:\/\/pasaenmendoza.com\/index.php?rest_route=%2Fwp%2Fv2%2Fcomments&post=5762"}],"version-history":[{"count":1,"href":"https:\/\/pasaenmendoza.com\/index.php?rest_route=\/wp\/v2\/posts\/5762\/revisions"}],"predecessor-version":[{"id":5764,"href":"https:\/\/pasaenmendoza.com\/index.php?rest_route=\/wp\/v2\/posts\/5762\/revisions\/5764"}],"wp:featuredmedia":[{"embeddable":true,"href":"https:\/\/pasaenmendoza.com\/index.php?rest_route=\/wp\/v2\/media\/5763"}],"wp:attachment":[{"href":"https:\/\/pasaenmendoza.com\/index.php?rest_route=%2Fwp%2Fv2%2Fmedia&parent=5762"}],"wp:term":[{"taxonomy":"category","embeddable":true,"href":"https:\/\/pasaenmendoza.com\/index.php?rest_route=%2Fwp%2Fv2%2Fcategories&post=5762"},{"taxonomy":"post_tag","embeddable":true,"href":"https:\/\/pasaenmendoza.com\/index.php?rest_route=%2Fwp%2Fv2%2Ftags&post=5762"}],"curies":[{"name":"wp","href":"https:\/\/api.w.org\/{rel}","templated":true}]}}