{"id":5768,"date":"2024-02-29T16:56:44","date_gmt":"2024-02-29T15:56:44","guid":{"rendered":"https:\/\/pasaenmendoza.com\/?p=5768"},"modified":"2024-02-29T16:57:27","modified_gmt":"2024-02-29T15:57:27","slug":"el-titular-de-la-union-frutihorticola-anticipo-que-las-perdidas-por-el-granizo-haran-subir-los-precios","status":"publish","type":"post","link":"https:\/\/pasaenmendoza.com\/?p=5768","title":{"rendered":"El titular de la Uni\u00f3n Frutihort\u00edcola anticip\u00f3 que las p\u00e9rdidas por el granizo har\u00e1n subir los precios"},"content":{"rendered":"\n<p>El mercado de&nbsp;<strong>frutas y verduras<\/strong>&nbsp;es muy sensible a los vaivenes de la oferta y la demanda. Por eso es que&nbsp;la&nbsp;<strong>tormenta de granizo<\/strong>&nbsp;que este mi\u00e9rcoles afect\u00f3 a unas&nbsp;<strong>12.000 hect\u00e1reas<\/strong>&nbsp;productivas en Mendoza&nbsp;podr\u00eda influir sobre el&nbsp;<strong>precio de esos productos<\/strong>.<\/p>\n\n\n\n<p>As\u00ed lo asegur\u00f3&nbsp;<strong>Omar Carrasco<\/strong>, presidente de la&nbsp;<strong>Uni\u00f3n Frutihort\u00edcola Argentina<\/strong>&nbsp;regi\u00f3n Cuyo, quien durante la ma\u00f1ana del jueves dio un panorama de lo que est\u00e1 ocurriendo en las ferias de Mendoza.<\/p>\n\n\n\n<p>&#8220;En dos o tres d\u00edas vamos a tener informaci\u00f3n detallada, pero\u00a0<strong>hay sectores donde el granizo se ha llevado el 100% de la producci\u00f3n<\/strong>&#8220;, lament\u00f3 el referente.<\/p>\n\n\n\n<h2 class=\"wp-block-heading\">Qu\u00e9 pasar\u00e1 con los precios de frutas y verduras<\/h2>\n\n\n\n<p>&#8220;En este momento&nbsp;<strong>los precios no se han movido<\/strong>&nbsp;porque las ventas est\u00e1n bastante ca\u00eddas. Pero en Beltr\u00e1n, Barrancas y parte de Valle de Uco hay productores que nos han dicho que&nbsp;<strong>les qued\u00f3 el campo como un billar<\/strong>. Eso va a tener un impacto&#8221;, analiz\u00f3 Carrasco, quien record\u00f3 tambi\u00e9n los aportes que hizo para el sector el reci\u00e9n fallecido referente justicialista&nbsp;Carlos Abihaggle.<\/p>\n\n\n\n<p>A la hora de pensar soluciones, el entrevistado propuso&nbsp;<strong>reflotar la idea de un registro frutihort\u00edcola<\/strong>&nbsp;que permita no s\u00f3lo monitorear la evoluci\u00f3n de ese sector de la econom\u00eda, sino tambi\u00e9n&nbsp;<strong>&#8220;ayudar al productor y al consumidor para moderar de alguna forma impactos como los generados por esta tormenta&#8221;<\/strong>.<\/p>\n\n\n\n<p><strong>Estamos viendo que, como en la pandemia, hay familias que ponen una peque\u00f1a verduler\u00eda en su casa porque los jefes de hogar se han quedado sin trabajo<\/strong><\/p>\n\n\n\n<p>Y concluy\u00f3: &#8220;Hoy la gente lleva&nbsp;<strong>lo b\u00e1sico<\/strong>: papa, camote, lechuga, zanahoria, choclo, pimiento, berenjena y tomate (&#8230;).&nbsp;<strong>Estamos viendo, tambi\u00e9n, que como en la pandemia hay familias que ponen una peque\u00f1a verduler\u00eda en sus casas porque los jefes de hogar se han quedado sin trabajo:<\/strong>&nbsp;saben que, aunque les vaya mal, al menos as\u00ed tendr\u00e1n<strong>&nbsp;algo para el puchero<\/strong>&#8220;.<\/p>\n\n\n\n<p><strong>Fuente: www.diariouno.com.ar<\/strong><\/p>\n","protected":false},"excerpt":{"rendered":"<p>El mercado de&nbsp;frutas y verduras&nbsp;es muy sensible a los vaivenes de la oferta y la demanda. Por eso es que&nbsp;la&nbsp;tormenta de granizo&nbsp;que este mi\u00e9rcoles afect\u00f3 a unas&nbsp;12.000 hect\u00e1reas&nbsp;productivas en Mendoza&nbsp;podr\u00eda influir sobre el&nbsp;precio de esos productos. As\u00ed lo asegur\u00f3&nbsp;Omar Carrasco, presidente de la&nbsp;Uni\u00f3n Frutihort\u00edcola Argentina&nbsp;regi\u00f3n Cuyo, quien durante la ma\u00f1ana del jueves dio un panorama [&hellip;]<\/p>\n","protected":false},"author":2,"featured_media":5769,"comment_status":"open","ping_status":"open","sticky":false,"template":"","format":"standard","meta":[],"categories":[79],"tags":[],"_links":{"self":[{"href":"https:\/\/pasaenmendoza.com\/index.php?rest_route=\/wp\/v2\/posts\/5768"}],"collection":[{"href":"https:\/\/pasaenmendoza.com\/index.php?rest_route=\/wp\/v2\/posts"}],"about":[{"href":"https:\/\/pasaenmendoza.com\/index.php?rest_route=\/wp\/v2\/types\/post"}],"author":[{"embeddable":true,"href":"https:\/\/pasaenmendoza.com\/index.php?rest_route=\/wp\/v2\/users\/2"}],"replies":[{"embeddable":true,"href":"https:\/\/pasaenmendoza.com\/index.php?rest_route=%2Fwp%2Fv2%2Fcomments&post=5768"}],"version-history":[{"count":2,"href":"https:\/\/pasaenmendoza.com\/index.php?rest_route=\/wp\/v2\/posts\/5768\/revisions"}],"predecessor-version":[{"id":5771,"href":"https:\/\/pasaenmendoza.com\/index.php?rest_route=\/wp\/v2\/posts\/5768\/revisions\/5771"}],"wp:featuredmedia":[{"embeddable":true,"href":"https:\/\/pasaenmendoza.com\/index.php?rest_route=\/wp\/v2\/media\/5769"}],"wp:attachment":[{"href":"https:\/\/pasaenmendoza.com\/index.php?rest_route=%2Fwp%2Fv2%2Fmedia&parent=5768"}],"wp:term":[{"taxonomy":"category","embeddable":true,"href":"https:\/\/pasaenmendoza.com\/index.php?rest_route=%2Fwp%2Fv2%2Fcategories&post=5768"},{"taxonomy":"post_tag","embeddable":true,"href":"https:\/\/pasaenmendoza.com\/index.php?rest_route=%2Fwp%2Fv2%2Ftags&post=5768"}],"curies":[{"name":"wp","href":"https:\/\/api.w.org\/{rel}","templated":true}]}}