{"id":5772,"date":"2024-03-01T13:19:10","date_gmt":"2024-03-01T12:19:10","guid":{"rendered":"https:\/\/pasaenmendoza.com\/?p=5772"},"modified":"2024-03-01T13:19:12","modified_gmt":"2024-03-01T12:19:12","slug":"la-corte-de-la-nacion-intervino-en-el-caso-provolo-que-decision-tomo","status":"publish","type":"post","link":"https:\/\/pasaenmendoza.com\/?p=5772","title":{"rendered":"La Corte de la Naci\u00f3n intervino en el caso Pr\u00f3volo: qu\u00e9 decisi\u00f3n tom\u00f3"},"content":{"rendered":"\n<p>La Corte Suprema descart\u00f3 la apelaci\u00f3n presentada por Horacio Corbacho, el cura que recibi\u00f3 una pena de 45 a\u00f1os por los abusos sexuales en el Instituto Pr\u00f3volo.<\/p>\n\n\n\n<p>La\u00a0Corte Suprema de Justicia de la Naci\u00f3n\u00a0rechaz\u00f3 un recurso de queja y dej\u00f3 firme la condena de 45 a\u00f1os de prisi\u00f3n que un tribunal de Mendoza impuso al sacerdote Horacio Corbacho, por\u00a0abuso sexual\u00a0agravado y corrupci\u00f3n de menores en el\u00a0Instituto Pr\u00f3volo\u00a0de Luj\u00e1n de Cuyo.\u00a0<\/p>\n\n\n\n<p>Las&nbsp;victimas fueron ni\u00f1os y adolescentes sordomudos e hipoac\u00fasicos y los vej\u00e1menes ocurrieron entre 2005 y 2016 en la&nbsp;mencionada instituci\u00f3n, que funcionaba como escuela albergue.&nbsp;<\/p>\n\n\n\n<p>El proceso investigativo, que tuvo tres juicios,&nbsp;concluy\u00f3 el a\u00f1o pasado con la absoluci\u00f3n de nueve imputadas: las monjas Kumiko Kosaka y Asunci\u00f3n Mart\u00ednez, las exdirectoras y empleadas&nbsp;Graciela Pascual y&nbsp;Gladys Pinacca, la cocinera Noem\u00ed Paz, Valeska Quintana, Laura Gate\u00e1n, Cristina Leguiza y la psic\u00f3loga Cecilia Raffo.<\/p>\n\n\n\n<p>Este debate&nbsp;comenz\u00f3 el 3 de mayo de 2021&nbsp;y const\u00f3 de 304 audiencias, declararon m\u00e1s de 100 testigos y las instancias testimoniales de las personas sordas se realizaron -en su totalidad- en c\u00e1mara Gesell con la participaci\u00f3n de int\u00e9rpretes y psic\u00f3logas del Cuerpo Auxiliar Interdisciplinar.<\/p>\n\n\n\n<p>En los juicios\u00a0anteriores, entre ellos un\u00a0abreviado\u00a0el 25 de septiembre de 2018, cuando el exmonaguillo Jorge Bord\u00f3n, tambi\u00e9n exempleado administrativo del\u00a0<strong>Pr\u00f3volo<\/strong>, confes\u00f3 la autor\u00eda de los hechos y recibi\u00f3 una pena de 10 a\u00f1os de prisi\u00f3n.<\/p>\n\n\n\n<p>En tanto, en el segundo debate\u00a0el 25 de noviembre de 2019 se conden\u00f3 a los curas Nicol\u00e1s Bruno Corradi (ya fallecido)\u00a0a 42 a\u00f1os de c\u00e1rcel\u00a0y a\u00a0Corbacho\u00a0a 45 a\u00f1os, y el jardinero Armando Ram\u00f3n G\u00f3mez, por su parte, recibi\u00f3 18.<\/p>\n\n\n\n<p>El caso lleg\u00f3 al m\u00e1ximo tribunal de la Naci\u00f3n luego de que la Suprema Corte de Mendoza rechazara una apelaci\u00f3n&nbsp;contra el fallo dictado por el Tribunal Penal Colegiado 2, en relaci\u00f3n a la sentencia&nbsp;del religioso que a\u00fan vive.&nbsp;<\/p>\n\n\n\n<p>La&nbsp;<strong>Corte<\/strong>&nbsp;consider\u00f3 que el recurso &#8220;de hecho&#8221; presentado por este acusado&nbsp;era &#8220;inadmisible&#8221; y lo desestim\u00f3 con la firma de su presidente Horacio Rosatti y los ministros Juan Carlos Maqueda y Ricardo Lorenzetti.<\/p>\n\n\n\n<p>&#8220;La mayor\u00eda de los chicos abusados proven\u00edan de familias de escasos recursos, que eran dejados por su familias como pupilos. Los curas y directivos&nbsp;reclutaban a los chicos con el argumento de que era un instituto modelo donde se ense\u00f1aba el lenguaje oral y se dejaba de lado la lengua de se\u00f1as. El padre de una de las v\u00edctimas explic\u00f3 que esa t\u00e9cnica termin\u00f3 siendo una trampa porque&nbsp;no los dejaban comunicarse con su lengua original (de se\u00f1as)&#8221;, se deprende de la resoluci\u00f3n, que ahora deja firme la condena.&nbsp;<\/p>\n\n\n\n<p>En noviembre de 2016 salieron a la luz los casos de abusos sexuales en el&nbsp;<strong>Pr\u00f3volo<\/strong>, lo que llev\u00f3 a la clausura del establecimiento.<\/p>\n\n\n\n<p>El hist\u00f3rico veredicto fue seguido con atenci\u00f3n tambi\u00e9n por los denunciantes de la sede de la misma entidad en La Plata y en Verona, Italia, donde naci\u00f3\u00a0y donde hubo denuncias por delitos similares.<\/p>\n\n\n\n<p>FUENTE: MDZonline.<\/p>\n","protected":false},"excerpt":{"rendered":"<p>La Corte Suprema descart\u00f3 la apelaci\u00f3n presentada por Horacio Corbacho, el cura que recibi\u00f3 una pena de 45 a\u00f1os por los abusos sexuales en el Instituto Pr\u00f3volo. La\u00a0Corte Suprema de Justicia de la Naci\u00f3n\u00a0rechaz\u00f3 un recurso de queja y dej\u00f3 firme la condena de 45 a\u00f1os de prisi\u00f3n que un tribunal de Mendoza impuso al [&hellip;]<\/p>\n","protected":false},"author":2,"featured_media":5773,"comment_status":"open","ping_status":"open","sticky":true,"template":"","format":"standard","meta":[],"categories":[51],"tags":[],"_links":{"self":[{"href":"https:\/\/pasaenmendoza.com\/index.php?rest_route=\/wp\/v2\/posts\/5772"}],"collection":[{"href":"https:\/\/pasaenmendoza.com\/index.php?rest_route=\/wp\/v2\/posts"}],"about":[{"href":"https:\/\/pasaenmendoza.com\/index.php?rest_route=\/wp\/v2\/types\/post"}],"author":[{"embeddable":true,"href":"https:\/\/pasaenmendoza.com\/index.php?rest_route=\/wp\/v2\/users\/2"}],"replies":[{"embeddable":true,"href":"https:\/\/pasaenmendoza.com\/index.php?rest_route=%2Fwp%2Fv2%2Fcomments&post=5772"}],"version-history":[{"count":1,"href":"https:\/\/pasaenmendoza.com\/index.php?rest_route=\/wp\/v2\/posts\/5772\/revisions"}],"predecessor-version":[{"id":5774,"href":"https:\/\/pasaenmendoza.com\/index.php?rest_route=\/wp\/v2\/posts\/5772\/revisions\/5774"}],"wp:featuredmedia":[{"embeddable":true,"href":"https:\/\/pasaenmendoza.com\/index.php?rest_route=\/wp\/v2\/media\/5773"}],"wp:attachment":[{"href":"https:\/\/pasaenmendoza.com\/index.php?rest_route=%2Fwp%2Fv2%2Fmedia&parent=5772"}],"wp:term":[{"taxonomy":"category","embeddable":true,"href":"https:\/\/pasaenmendoza.com\/index.php?rest_route=%2Fwp%2Fv2%2Fcategories&post=5772"},{"taxonomy":"post_tag","embeddable":true,"href":"https:\/\/pasaenmendoza.com\/index.php?rest_route=%2Fwp%2Fv2%2Ftags&post=5772"}],"curies":[{"name":"wp","href":"https:\/\/api.w.org\/{rel}","templated":true}]}}