{"id":5775,"date":"2024-03-01T13:22:16","date_gmt":"2024-03-01T12:22:16","guid":{"rendered":"https:\/\/pasaenmendoza.com\/?p=5775"},"modified":"2024-03-01T13:22:17","modified_gmt":"2024-03-01T12:22:17","slug":"cornejo-aseguro-que-la-vendimia-de-este-ano-sera-austera","status":"publish","type":"post","link":"https:\/\/pasaenmendoza.com\/?p=5775","title":{"rendered":"Cornejo asegur\u00f3 que la Vendimia de este a\u00f1o ser\u00e1 \u201caustera\u201d"},"content":{"rendered":"\n<p>El gobernador&nbsp;<strong>Alfredo Cornejo<\/strong>&nbsp;particip\u00f3 este mi\u00e9rcoles por la noche de la tradicional&nbsp;<strong>Fiesta de la Cosecha&nbsp;<\/strong>que se llev\u00f3 a cabo en los vi\u00f1edos del aeropuerto. All\u00ed el mandatario&nbsp;<mark>se refiri\u00f3 a la austeridad que caracterizar\u00e1 los festejos vendimiales de este a\u00f1o, como as\u00ed tambi\u00e9n a la tormenta de importante magnitud que afect\u00f3 a los departamentos de Maip\u00fa, Lavalle y San Mart\u00edn.<\/mark><\/p>\n\n\n\n<p><em>\u201cLa decisi\u00f3n de hacer una Vendimia austera es en consideraci\u00f3n de las dificultades econ\u00f3micas que existen en el pa\u00eds y en Mendoza\u201d<\/em>, detall\u00f3 el mandatario provincial.<\/p>\n\n\n\n<p>Por otra parte, se refiri\u00f3 a la magnitud de la tormenta y se\u00f1al\u00f3 que \u201c<em>son entre 5.000 y 8.000 hect\u00e1reas afectadas<\/em>\u201d y explic\u00f3 que por este motivo se suspendi\u00f3 la tradicional cosecha de la fiesta.<\/p>\n\n\n\n<p><em>\u201cEs una p\u00e9sima noticia la que hemos recibido, la granizada y temporal que afect\u00f3 el este de San Mart\u00edn, Maip\u00fa y una parte de Lavalle. Aunque no hay cifras definitivas, sabemos que como m\u00ednimo son entre 5.000 y 8.000 hect\u00e1reas las afectadas\u201d<\/em>, se\u00f1al\u00f3 Cornejo.<\/p>\n\n\n\n<p><em>\u201cEs algo que nos entristece. Tanto es as\u00ed que se suspende la cosecha propiamente dicha que forma parte de esta celebraci\u00f3n. Lo decidimos en com\u00fan acuerdo con el Fondo Vitivin\u00edcola y los intendentes, como un gesto de solidaridad con quienes han perdido su cosecha<\/em>\u201c, agreg\u00f3 el mandatario.<\/p>\n\n\n\n<p>En tanto, Cornejo mostr\u00f3 optimismo con la cosecha de este a\u00f1o y pidi\u00f3 que\u00a0<em>\u201csea una buena vendimia en l\u00edneas generales\u201d<\/em>. Adem\u00e1s, se mostr\u00f3 confiado en que\u00a0<em>\u201clos pron\u00f3sticos son buenos acerca de cantidades\u201d<\/em>.<\/p>\n\n\n\n<p>FUENTE: Elsol.com.ar <\/p>\n","protected":false},"excerpt":{"rendered":"<p>El gobernador&nbsp;Alfredo Cornejo&nbsp;particip\u00f3 este mi\u00e9rcoles por la noche de la tradicional&nbsp;Fiesta de la Cosecha&nbsp;que se llev\u00f3 a cabo en los vi\u00f1edos del aeropuerto. All\u00ed el mandatario&nbsp;se refiri\u00f3 a la austeridad que caracterizar\u00e1 los festejos vendimiales de este a\u00f1o, como as\u00ed tambi\u00e9n a la tormenta de importante magnitud que afect\u00f3 a los departamentos de Maip\u00fa, Lavalle [&hellip;]<\/p>\n","protected":false},"author":2,"featured_media":5778,"comment_status":"open","ping_status":"open","sticky":true,"template":"","format":"standard","meta":[],"categories":[47],"tags":[],"_links":{"self":[{"href":"https:\/\/pasaenmendoza.com\/index.php?rest_route=\/wp\/v2\/posts\/5775"}],"collection":[{"href":"https:\/\/pasaenmendoza.com\/index.php?rest_route=\/wp\/v2\/posts"}],"about":[{"href":"https:\/\/pasaenmendoza.com\/index.php?rest_route=\/wp\/v2\/types\/post"}],"author":[{"embeddable":true,"href":"https:\/\/pasaenmendoza.com\/index.php?rest_route=\/wp\/v2\/users\/2"}],"replies":[{"embeddable":true,"href":"https:\/\/pasaenmendoza.com\/index.php?rest_route=%2Fwp%2Fv2%2Fcomments&post=5775"}],"version-history":[{"count":1,"href":"https:\/\/pasaenmendoza.com\/index.php?rest_route=\/wp\/v2\/posts\/5775\/revisions"}],"predecessor-version":[{"id":5779,"href":"https:\/\/pasaenmendoza.com\/index.php?rest_route=\/wp\/v2\/posts\/5775\/revisions\/5779"}],"wp:featuredmedia":[{"embeddable":true,"href":"https:\/\/pasaenmendoza.com\/index.php?rest_route=\/wp\/v2\/media\/5778"}],"wp:attachment":[{"href":"https:\/\/pasaenmendoza.com\/index.php?rest_route=%2Fwp%2Fv2%2Fmedia&parent=5775"}],"wp:term":[{"taxonomy":"category","embeddable":true,"href":"https:\/\/pasaenmendoza.com\/index.php?rest_route=%2Fwp%2Fv2%2Fcategories&post=5775"},{"taxonomy":"post_tag","embeddable":true,"href":"https:\/\/pasaenmendoza.com\/index.php?rest_route=%2Fwp%2Fv2%2Ftags&post=5775"}],"curies":[{"name":"wp","href":"https:\/\/api.w.org\/{rel}","templated":true}]}}