{"id":5776,"date":"2024-03-01T13:23:18","date_gmt":"2024-03-01T12:23:18","guid":{"rendered":"https:\/\/pasaenmendoza.com\/?p=5776"},"modified":"2024-03-01T13:23:20","modified_gmt":"2024-03-01T12:23:20","slug":"via-blanca-con-lluvias-el-pronostico-del-tiempo-para-este-viernes","status":"publish","type":"post","link":"https:\/\/pasaenmendoza.com\/?p=5776","title":{"rendered":"\u00bfV\u00eda Blanca con lluvias? El pron\u00f3stico del tiempo para este viernes"},"content":{"rendered":"\n<p>Una nueva edici\u00f3n de la Fiesta Nacional de la Vendimia se vive en Mendoza y este viernes se celebra la V\u00eda Blanca. \u00bfC\u00f3mo estar\u00e1 el tiempo?<\/p>\n\n\n\n<p>Seg\u00fan la\u00a0Direcci\u00f3n de Contingencias Clim\u00e1ticas de la provincia, se\u00f1ala que ser\u00e1 una jornada calurosa con nubosidad variable y s\u00ed habr\u00e1 tormentas hacia la noche, vientos moderados del noreste.<\/p>\n\n\n\n<p>La temperatura m\u00e1xima rondar\u00e1 los 35 grados cent\u00edgrados y la m\u00ednima, unos 21 grados.<\/p>\n\n\n\n<p>Por su parte, el\u00a0Servicio Meteorol\u00f3gico Nacional (SMN)\u00a0indica que por la ma\u00f1ana estar\u00e1 parcialmente nublado, por la tarde mayormente nublado y por la noche\u00a0<strong>tormentas fuertes<\/strong>.<\/p>\n\n\n\n<p>La temperatura m\u00e1xima estar\u00e1 en 32 grados cent\u00edgrados y la m\u00ednima en 24 grados.<\/p>\n\n\n\n<p><strong>Alerta amarillo<\/strong><\/p>\n\n\n\n<p>Desde el SMN advierten de un Alerta Amarillo por tormenta, algunas localmente fuertes. Las mismas podr\u00e1n estar acompa\u00f1adas por ocasional ca\u00edda de granizo, r\u00e1fagas intensas, fuerte actividad el\u00e9ctrica y abundante ca\u00edda de agua en cortos per\u00edodos.\u00a0<\/p>\n\n\n\n<p>Se prev\u00e9n valores de precipitaci\u00f3n acumulada entre 20 y 40 mm, pudiendo ser superados en forma puntual.<\/p>\n\n\n\n<p>Los departamentos afectados son Capital, Godoy Cruz, Guaymall\u00e9n y Maip\u00fa.<\/p>\n\n\n\n<p><strong>Fuente: www.mendozapost.com<\/strong><\/p>\n","protected":false},"excerpt":{"rendered":"<p>Una nueva edici\u00f3n de la Fiesta Nacional de la Vendimia se vive en Mendoza y este viernes se celebra la V\u00eda Blanca. \u00bfC\u00f3mo estar\u00e1 el tiempo? Seg\u00fan la\u00a0Direcci\u00f3n de Contingencias Clim\u00e1ticas de la provincia, se\u00f1ala que ser\u00e1 una jornada calurosa con nubosidad variable y s\u00ed habr\u00e1 tormentas hacia la noche, vientos moderados del noreste. La [&hellip;]<\/p>\n","protected":false},"author":2,"featured_media":5780,"comment_status":"open","ping_status":"open","sticky":false,"template":"","format":"standard","meta":[],"categories":[52],"tags":[],"_links":{"self":[{"href":"https:\/\/pasaenmendoza.com\/index.php?rest_route=\/wp\/v2\/posts\/5776"}],"collection":[{"href":"https:\/\/pasaenmendoza.com\/index.php?rest_route=\/wp\/v2\/posts"}],"about":[{"href":"https:\/\/pasaenmendoza.com\/index.php?rest_route=\/wp\/v2\/types\/post"}],"author":[{"embeddable":true,"href":"https:\/\/pasaenmendoza.com\/index.php?rest_route=\/wp\/v2\/users\/2"}],"replies":[{"embeddable":true,"href":"https:\/\/pasaenmendoza.com\/index.php?rest_route=%2Fwp%2Fv2%2Fcomments&post=5776"}],"version-history":[{"count":1,"href":"https:\/\/pasaenmendoza.com\/index.php?rest_route=\/wp\/v2\/posts\/5776\/revisions"}],"predecessor-version":[{"id":5781,"href":"https:\/\/pasaenmendoza.com\/index.php?rest_route=\/wp\/v2\/posts\/5776\/revisions\/5781"}],"wp:featuredmedia":[{"embeddable":true,"href":"https:\/\/pasaenmendoza.com\/index.php?rest_route=\/wp\/v2\/media\/5780"}],"wp:attachment":[{"href":"https:\/\/pasaenmendoza.com\/index.php?rest_route=%2Fwp%2Fv2%2Fmedia&parent=5776"}],"wp:term":[{"taxonomy":"category","embeddable":true,"href":"https:\/\/pasaenmendoza.com\/index.php?rest_route=%2Fwp%2Fv2%2Fcategories&post=5776"},{"taxonomy":"post_tag","embeddable":true,"href":"https:\/\/pasaenmendoza.com\/index.php?rest_route=%2Fwp%2Fv2%2Ftags&post=5776"}],"curies":[{"name":"wp","href":"https:\/\/api.w.org\/{rel}","templated":true}]}}