{"id":578,"date":"2023-08-10T00:51:51","date_gmt":"2023-08-09T22:51:51","guid":{"rendered":"https:\/\/pasaenmendoza.com\/?p=578"},"modified":"2023-08-10T00:51:51","modified_gmt":"2023-08-09T22:51:51","slug":"raul-mercau-el-exministro-de-celso-jaque-que-representa-al-peronismo-anti-k","status":"publish","type":"post","link":"https:\/\/pasaenmendoza.com\/?p=578","title":{"rendered":"Ra\u00fal Mercau, el exministro de Celso Jaque que representa al peronismo anti K"},"content":{"rendered":"\n<p id=\"m39-38-40\">El precandidato a diputado nacional acompa\u00f1a la f\u00f3rmula presidencial de Juan Schiaretti y Florencio Randazzo, espacio en el que confluyen dirigentes justicialistas enfrentados con el kirchnerismo.<\/p>\n\n\n\n<p><strong>Ra\u00fal Mercau<\/strong>\u00a0encabeza la lista de precandidatos a diputados nacionales de Hacemos Unidos por Mendoza, el espacio que respalda la f\u00f3rmula presidencial integrada por Juan Schiaretti y Florencio Randazzo. El exministro de\u00a0Producci\u00f3n durante la gobernaci\u00f3n de Celso Jaque aspira a representar al peronismo antikirchnerista en las elecciones PASO nacionales de este 13 de agosto.<\/p>\n\n\n\n<p>Consultado, el economista afirm\u00f3 que en el caso de llegar al Congreso apoyar\u00eda reformas en materia laboral, impositiva y previsional, mientras que se manifest\u00f3 en contra de acompa\u00f1ar una iniciativa que plantee la baja<\/p>\n\n\n\n<p><strong>-\u00bfEst\u00e1 de acuerdo con la necesidad de avanzar con una reforma laboral? \u00bfPor qu\u00e9?<\/strong><br>-Estoy de acuerdo en avanzar en una reforma laboral porque entiendo que la econom\u00eda no ha generado puestos de trabajo pr\u00e1cticamente en los \u00faltimos 10 a\u00f1os, la econom\u00eda est\u00e1 estancada. Lo m\u00e1s importante es tratar de equilibrar la generaci\u00f3n de puestos de trabajo con un trabajo decente, con un trabajo que sea registrado. El sistema laboral hoy tiene un mont\u00f3n de elementos y\u00a0componentes que hacen que a las peque\u00f1as y medianas empresas les resulte muy dif\u00edcil poder avanzar en esto. Quiz\u00e1s lo m\u00e1s importante ser\u00eda que, en lo posible, el sindicato tambi\u00e9n estuviera adentro. Creo que no se puede aplicar una misma legislaci\u00f3n a todos por igual, entonces, estoy convencido de que hay que hacer una reforma laboral.<\/p>\n\n\n\n<p><strong>-\u00bfEst\u00e1 de acuerdo con la necesidad de avanzar con una reforma impositiva? \u00bfPor qu\u00e9?<\/strong><br>-Por supuesto. El sistema impositivo es una mara\u00f1a que s\u00f3lo puede ser manejada por expertos, ni siquiera un contador com\u00fan\u00a0puede hacer lo que se llama un tax planning, una verdadera profundizaci\u00f3n. Y en segundo lugar,\u00a0implica costos realmente innecesarios para las empresas. Hay que ampliar la base, hay que simplificar el sistema impositivo, hay que eliminar la superposici\u00f3n que existe en los niveles\u00a0nacional, provincial y municipal. Una reforma important\u00edsima es eliminar Ingresos Brutos, hay que reemplazarlo por un IVA provincial o por un impuesto a la \u00faltima venta. Y tambi\u00e9n hay que eliminar los impuestos del comercio exterior. En este sentido, tambi\u00e9n\u00a0se puede pensar en una legislaci\u00f3n especial para las startups, para las peque\u00f1as y medianas empresas, en la medida en que generen puestos de trabajo o que tengan incrementos de exportaci\u00f3n. Creo que hay que ser creativo, teniendo en mente no s\u00f3lo la recaudaci\u00f3n, sino de qu\u00e9 manera afecta o se incentiva el sistema productivo.<\/p>\n\n\n\n<p><strong>-\u00bfEst\u00e1 de acuerdo con la necesidad de avanzar con una reforma previsional? \u00bfPor qu\u00e9?<\/strong><br>-Es un tema complejo porque&nbsp;estamos hablando de la tercera edad, pero creo que hace falta una reforma previsional. Es un problema en el mundo la poca cantidad de aportantes, de poblaci\u00f3n activa, y una gran cantidad de poblaci\u00f3n pasiva. Hay que pensar en reformas que tengan en cuenta esta realidad. Y en segundo lugar, cuando estamos pensando en lo previsional deber\u00edamos pensar c\u00f3mo afecta eso en el sistema jubilatorio, c\u00f3mo mejora la situaci\u00f3n de los jubilados, el tema del peso fiscal que tienen. Entonces, creo que hay que estudiarlo mucho, hay que convocar a la OIT, que tambi\u00e9n est\u00e1 trabajando en distintos pa\u00edses en el tema de la reforma previsional. Hay que trabajar fuertemente para hacerlo y no tener solamente una visi\u00f3n fiscal, sino principalmente en un sistema que realmente sirva para los jubilados.<\/p>\n\n\n\n<p><strong>-\u00bfEst\u00e1 de acuerdo con bajar la edad de imputabilidad?\u00a0\u00bfPor qu\u00e9?<\/strong><br>-Estoy en contra por distintas razones. La primera es porque me parece una cuesti\u00f3n demag\u00f3gica el tema de bajar la edad de imputabilidad en el sistema actual carcelario. \u00bfAd\u00f3nde vamos a poner a j\u00f3venes por debajo de los 18 a\u00f1os? Hoy los j\u00f3venes de 18 o 19 a\u00f1os entran en un sistema carcelario que es perverso, que son v\u00edctimas de acosos, de violaciones. Yo creo que hay que tener un sistema m\u00e1s integral. Pensemos que son j\u00f3venes con los cuales hay una gran posibilidad de recuperaci\u00f3n. Es un tema que hay que enfocarlo de otra manera. Esto se asocia tambi\u00e9n con el tema del consumo de sustancias problem\u00e1ticas. Creo que hay que darle otro enfoque.\u00a0Adem\u00e1s, tenemos las c\u00e1rceles superpobladas,\u00a0no tenemos un sistema para poder pensar en bajar la edad de imputabilidad.<\/p>\n\n\n\n<p><strong><em>FUENTE:<\/em><\/strong> MDZ Online<\/p>\n","protected":false},"excerpt":{"rendered":"<p>El precandidato a diputado nacional acompa\u00f1a la f\u00f3rmula presidencial de Juan Schiaretti y Florencio Randazzo, espacio en el que confluyen dirigentes justicialistas enfrentados con el kirchnerismo. Ra\u00fal Mercau\u00a0encabeza la lista de precandidatos a diputados nacionales de Hacemos Unidos por Mendoza, el espacio que respalda la f\u00f3rmula presidencial integrada por Juan Schiaretti y Florencio Randazzo. El [&hellip;]<\/p>\n","protected":false},"author":2,"featured_media":579,"comment_status":"open","ping_status":"open","sticky":true,"template":"","format":"standard","meta":[],"categories":[47],"tags":[],"_links":{"self":[{"href":"https:\/\/pasaenmendoza.com\/index.php?rest_route=\/wp\/v2\/posts\/578"}],"collection":[{"href":"https:\/\/pasaenmendoza.com\/index.php?rest_route=\/wp\/v2\/posts"}],"about":[{"href":"https:\/\/pasaenmendoza.com\/index.php?rest_route=\/wp\/v2\/types\/post"}],"author":[{"embeddable":true,"href":"https:\/\/pasaenmendoza.com\/index.php?rest_route=\/wp\/v2\/users\/2"}],"replies":[{"embeddable":true,"href":"https:\/\/pasaenmendoza.com\/index.php?rest_route=%2Fwp%2Fv2%2Fcomments&post=578"}],"version-history":[{"count":1,"href":"https:\/\/pasaenmendoza.com\/index.php?rest_route=\/wp\/v2\/posts\/578\/revisions"}],"predecessor-version":[{"id":580,"href":"https:\/\/pasaenmendoza.com\/index.php?rest_route=\/wp\/v2\/posts\/578\/revisions\/580"}],"wp:featuredmedia":[{"embeddable":true,"href":"https:\/\/pasaenmendoza.com\/index.php?rest_route=\/wp\/v2\/media\/579"}],"wp:attachment":[{"href":"https:\/\/pasaenmendoza.com\/index.php?rest_route=%2Fwp%2Fv2%2Fmedia&parent=578"}],"wp:term":[{"taxonomy":"category","embeddable":true,"href":"https:\/\/pasaenmendoza.com\/index.php?rest_route=%2Fwp%2Fv2%2Fcategories&post=578"},{"taxonomy":"post_tag","embeddable":true,"href":"https:\/\/pasaenmendoza.com\/index.php?rest_route=%2Fwp%2Fv2%2Ftags&post=578"}],"curies":[{"name":"wp","href":"https:\/\/api.w.org\/{rel}","templated":true}]}}