{"id":5782,"date":"2024-03-01T13:27:23","date_gmt":"2024-03-01T12:27:23","guid":{"rendered":"https:\/\/pasaenmendoza.com\/?p=5782"},"modified":"2024-03-01T13:27:24","modified_gmt":"2024-03-01T12:27:24","slug":"el-gobernador-pelea-por-la-ampliacion-del-aeropuerto-el-plumerillo-para-2025","status":"publish","type":"post","link":"https:\/\/pasaenmendoza.com\/?p=5782","title":{"rendered":"El Gobernador &#8220;pelea&#8221; por la ampliaci\u00f3n del Aeropuerto El Plumerillo para 2025"},"content":{"rendered":"\n<p>En el marco del inicio del\u00a0<strong>5to Foro de Inversiones &amp; Negocios<\/strong>\u00a0que se desarrolla en el\u00a0Hotel Hilton, el gobernador de Mendoza,\u00a0Alfredo Cornejo, se dirigi\u00f3 a los empresarios y autoridades presentes en el auditorio y analiz\u00f3 la situaci\u00f3n de la provincia, inversiones, miner\u00eda e inform\u00f3 que hay un proyecto en puerta para ampliar el aeropuerto El Plumerillo y traer m\u00e1s vuelos internacionales.<\/p>\n\n\n\n<p>&#8220;En el Turismo, Mendoza nos muestra que es el segundo destino internacional despu\u00e9s de Buenos Aires. Estamos peleando con un&nbsp;<strong>proyecto ejecutivo para ampliar el Aeropuerto de Mendoza<\/strong>&nbsp;el a\u00f1o que viene y tener muchos m\u00e1s vuelos internacionales&#8221;, lanz\u00f3 el jefe de Estado provincial.<\/p>\n\n\n\n<p>En esa l\u00ednea, la provincia sumar\u00e1 en enero vuelos a R\u00edo de Janeiro y Lima a partir de marzo. Actualmente\u00a0<strong>El Plumerillo opera 42 vuelos internacionales por semana<\/strong>\u00a0y mueve m\u00e1s de 2,5 millones de pasajeros al a\u00f1o.<\/p>\n\n\n\n<p>&#8220;Estos nuevos vuelos no s\u00f3lo impactan positivamente en este sector, tambi\u00e9n lo hacen en el empresarial y productivo, permitiendo mayor conexi\u00f3n entre ciudades estrat\u00e9gicas de Latinoam\u00e9rica&#8221;, hab\u00eda expresado el Gobernador.<\/p>\n\n\n\n<p>La ampliaci\u00f3n llegar\u00eda de la mano de la\u00a0<strong>nueva traza del Metrotranv\u00eda<\/strong>\u00a0que en sus etapas en obras tendr\u00e1 una estaci\u00f3n en el Aeropuerto.<\/p>\n\n\n\n<p>La situaci\u00f3n del pa\u00eds<\/p>\n\n\n\n<p>&#8220;Ir a d\u00e9ficit cero es un compromiso que la dirigencia pol\u00edtica en su conjunto debe acompa\u00f1ar y no hay que dar marcha atr\u00e1s en esto. Pero no es suficiente, esas reformas requieren altos consensos para que la Argentina pueda dar vuelta la p\u00e1gina definitivamente&#8221;, asegur\u00f3 Alfredo Cornejo.<\/p>\n\n\n\n<p>&#8220;El retraso cambiario destruye nuestra econom\u00eda en particular, una econom\u00eda bastante transable que necesita estabilidad macroecon\u00f3mica&#8221;, sentenci\u00f3.<\/p>\n\n\n\n<p>Inversiones en Mendoza<\/p>\n\n\n\n<p>&#8220;Necesitamos inversi\u00f3n, crear reglas claras macroecon\u00f3micamente y el Estado provincial seguir mejorando su administraci\u00f3n. Aqu\u00ed hay oportunidad de negocios&#8221;, explic\u00f3 el mandatario provincial.<\/p>\n\n\n\n<p>&#8220;El mundo est\u00e1 requiriendo energ\u00eda, el mundo est\u00e1 requiriendo alimentos, el mundo est\u00e1 requiriendo minerales y todos ellos los tenemos en Mendoza y ya tenemos recursos humanos desarrollados esas tareas&#8221;.&nbsp;<\/p>\n\n\n\n<p>&#8220;En Mendoza no es mala palabra la inversi\u00f3n extranjera, Mendoza ofrece oportunidades de inversi\u00f3n&#8221;.&nbsp; &nbsp;<\/p>\n\n\n\n<p>Miner\u00eda<\/p>\n\n\n\n<p>&#8220;<strong>Queremos hacer miner\u00eda sustentable<\/strong>. El mundo necesita algunos minerales en particular para cuidar el ambiente, el mundo necesita del cobre y en Mendoza hay a montones. Estamos avanzando con una ley que es muy restrictiva, pero que estamos dispuestos a cumplir. El 80% del cobre se saca en el mundo con reglas como las que existen en Mendoza&#8221;, detall\u00f3 Alfredo Cornejo.<\/p>\n\n\n\n<p>&#8220;Necesitamos seducir a las grandes inversiones para que vengan a la provincia a desarrollar esa miner\u00eda sustentable&#8221;, concluy\u00f3.<\/p>\n\n\n\n<p>FUENTE: Mendozapost.<\/p>\n","protected":false},"excerpt":{"rendered":"<p>En el marco del inicio del\u00a05to Foro de Inversiones &amp; Negocios\u00a0que se desarrolla en el\u00a0Hotel Hilton, el gobernador de Mendoza,\u00a0Alfredo Cornejo, se dirigi\u00f3 a los empresarios y autoridades presentes en el auditorio y analiz\u00f3 la situaci\u00f3n de la provincia, inversiones, miner\u00eda e inform\u00f3 que hay un proyecto en puerta para ampliar el aeropuerto El Plumerillo [&hellip;]<\/p>\n","protected":false},"author":2,"featured_media":5784,"comment_status":"open","ping_status":"open","sticky":true,"template":"","format":"standard","meta":[],"categories":[59],"tags":[],"_links":{"self":[{"href":"https:\/\/pasaenmendoza.com\/index.php?rest_route=\/wp\/v2\/posts\/5782"}],"collection":[{"href":"https:\/\/pasaenmendoza.com\/index.php?rest_route=\/wp\/v2\/posts"}],"about":[{"href":"https:\/\/pasaenmendoza.com\/index.php?rest_route=\/wp\/v2\/types\/post"}],"author":[{"embeddable":true,"href":"https:\/\/pasaenmendoza.com\/index.php?rest_route=\/wp\/v2\/users\/2"}],"replies":[{"embeddable":true,"href":"https:\/\/pasaenmendoza.com\/index.php?rest_route=%2Fwp%2Fv2%2Fcomments&post=5782"}],"version-history":[{"count":1,"href":"https:\/\/pasaenmendoza.com\/index.php?rest_route=\/wp\/v2\/posts\/5782\/revisions"}],"predecessor-version":[{"id":5785,"href":"https:\/\/pasaenmendoza.com\/index.php?rest_route=\/wp\/v2\/posts\/5782\/revisions\/5785"}],"wp:featuredmedia":[{"embeddable":true,"href":"https:\/\/pasaenmendoza.com\/index.php?rest_route=\/wp\/v2\/media\/5784"}],"wp:attachment":[{"href":"https:\/\/pasaenmendoza.com\/index.php?rest_route=%2Fwp%2Fv2%2Fmedia&parent=5782"}],"wp:term":[{"taxonomy":"category","embeddable":true,"href":"https:\/\/pasaenmendoza.com\/index.php?rest_route=%2Fwp%2Fv2%2Fcategories&post=5782"},{"taxonomy":"post_tag","embeddable":true,"href":"https:\/\/pasaenmendoza.com\/index.php?rest_route=%2Fwp%2Fv2%2Ftags&post=5782"}],"curies":[{"name":"wp","href":"https:\/\/api.w.org\/{rel}","templated":true}]}}