{"id":5783,"date":"2024-03-01T13:35:17","date_gmt":"2024-03-01T12:35:17","guid":{"rendered":"https:\/\/pasaenmendoza.com\/?p=5783"},"modified":"2024-03-01T13:35:18","modified_gmt":"2024-03-01T12:35:18","slug":"tragedia-en-guaymallen-murio-un-operario-que-cayo-de-3-metros-de-altura","status":"publish","type":"post","link":"https:\/\/pasaenmendoza.com\/?p=5783","title":{"rendered":"Tragedia en Guaymall\u00e9n: muri\u00f3 un operario que cay\u00f3 de 3 metros de altura"},"content":{"rendered":"\n<p>Un grave&nbsp;<strong>accidente<\/strong>&nbsp;se llev\u00f3 la vida de un joven operario el\u00e9ctrico este jueves en&nbsp;<strong>Guaymall\u00e9n<\/strong>. En una tarde marcada por la&nbsp;<strong>tragedia<\/strong>, un joven identificado como J. L., de 28 a\u00f1os, muri\u00f3 en la calle Dr. Moreno al 1200, tras sufrir una fuerte descarga el\u00e9ctrica mientras realizaba labores de instalaci\u00f3n de cableado a una altura aproximada de 3 metros.<\/p>\n\n\n\n<p>La Polic\u00eda tom\u00f3 conocimiento alrededor de las 17.00, cuando el 911 recibi\u00f3 un llamado de emergencia que alertaba sobre un\u00a0<strong>accidente<\/strong>\u00a0en el lugar. Los efectivos acudieron al lugar y se encontraron con una dram\u00e1tica escena.<\/p>\n\n\n\n<p>Seg\u00fan los informes policiales, la v\u00edctima estaba realizando trabajos en altura con la instalaci\u00f3n de un cableado cuando recibi\u00f3 una descarga el\u00e9ctrica proveniente de un cable de alta tensi\u00f3n. El impacto lo hizo perder el equilibrio y caer al suelo, sufriendo lesiones de consideraci\u00f3n.<\/p>\n\n\n\n<p>La ambulancia brind\u00f3 asistencia inmediata al joven lesionado y lo traslad\u00f3 de urgencia al Hospital Central, donde el m\u00e9dico de guardia le diagnostic\u00f3 politraumatismo por ca\u00edda de altura seguido de electrocuci\u00f3n.&nbsp;<\/p>\n\n\n\n<p>A pesar de los esfuerzos m\u00e9dicos, el hombre entr\u00f3 en paro cardiorrespiratorio, requiriendo maniobras de reanimaci\u00f3n cardiopulmonar (RCP). Finalmente, a las 18.30 se confirm\u00f3 su fallecimiento.<\/p>\n\n\n\n<p>La Oficina Fiscal N\u00b0 8 tom\u00f3 intervenci\u00f3n en el caso.<\/p>\n\n\n\n<p><strong>Fuente: www.mendozapost.com<\/strong><\/p>\n","protected":false},"excerpt":{"rendered":"<p>Un grave&nbsp;accidente&nbsp;se llev\u00f3 la vida de un joven operario el\u00e9ctrico este jueves en&nbsp;Guaymall\u00e9n. En una tarde marcada por la&nbsp;tragedia, un joven identificado como J. L., de 28 a\u00f1os, muri\u00f3 en la calle Dr. Moreno al 1200, tras sufrir una fuerte descarga el\u00e9ctrica mientras realizaba labores de instalaci\u00f3n de cableado a una altura aproximada de 3 [&hellip;]<\/p>\n","protected":false},"author":2,"featured_media":5789,"comment_status":"open","ping_status":"open","sticky":false,"template":"","format":"standard","meta":[],"categories":[48],"tags":[],"_links":{"self":[{"href":"https:\/\/pasaenmendoza.com\/index.php?rest_route=\/wp\/v2\/posts\/5783"}],"collection":[{"href":"https:\/\/pasaenmendoza.com\/index.php?rest_route=\/wp\/v2\/posts"}],"about":[{"href":"https:\/\/pasaenmendoza.com\/index.php?rest_route=\/wp\/v2\/types\/post"}],"author":[{"embeddable":true,"href":"https:\/\/pasaenmendoza.com\/index.php?rest_route=\/wp\/v2\/users\/2"}],"replies":[{"embeddable":true,"href":"https:\/\/pasaenmendoza.com\/index.php?rest_route=%2Fwp%2Fv2%2Fcomments&post=5783"}],"version-history":[{"count":1,"href":"https:\/\/pasaenmendoza.com\/index.php?rest_route=\/wp\/v2\/posts\/5783\/revisions"}],"predecessor-version":[{"id":5790,"href":"https:\/\/pasaenmendoza.com\/index.php?rest_route=\/wp\/v2\/posts\/5783\/revisions\/5790"}],"wp:featuredmedia":[{"embeddable":true,"href":"https:\/\/pasaenmendoza.com\/index.php?rest_route=\/wp\/v2\/media\/5789"}],"wp:attachment":[{"href":"https:\/\/pasaenmendoza.com\/index.php?rest_route=%2Fwp%2Fv2%2Fmedia&parent=5783"}],"wp:term":[{"taxonomy":"category","embeddable":true,"href":"https:\/\/pasaenmendoza.com\/index.php?rest_route=%2Fwp%2Fv2%2Fcategories&post=5783"},{"taxonomy":"post_tag","embeddable":true,"href":"https:\/\/pasaenmendoza.com\/index.php?rest_route=%2Fwp%2Fv2%2Ftags&post=5783"}],"curies":[{"name":"wp","href":"https:\/\/api.w.org\/{rel}","templated":true}]}}