{"id":5786,"date":"2024-03-01T13:30:48","date_gmt":"2024-03-01T12:30:48","guid":{"rendered":"https:\/\/pasaenmendoza.com\/?p=5786"},"modified":"2024-03-01T13:30:49","modified_gmt":"2024-03-01T12:30:49","slug":"verasay-interpelo-a-milei-a-horas-del-discurso-en-el-congreso-que-presente-su-plan-de-gobierno","status":"publish","type":"post","link":"https:\/\/pasaenmendoza.com\/?p=5786","title":{"rendered":"Verasay interpel\u00f3 a Milei a horas del discurso en el Congreso: &#8220;Que presente su plan de gobierno&#8221;"},"content":{"rendered":"\n<p>La diputada nacional por Mendoza espera que el Presidente ofrezca &#8220;definitivamente&#8221; sus planes a seguir y cu\u00e1les son las herramientas que necesitar\u00e1<\/p>\n\n\n\n<p>La diputada nacional por Mendoza\u00a0<strong>Pamela Verasay<\/strong>\u00a0especul\u00f3 con el posible discurso de Javier Milei en la apertura de sesiones ordinarias del Congreso de la Naci\u00f3n, en medio de la tensi\u00f3n con los legisladores, a quienes llam\u00f3 &#8220;ratas&#8221; tras la ca\u00edda de la\u00a0<strong>Ley \u00d3mnibus<\/strong>. Espera &#8220;que presente definitivamente su plan de gobierno y las herramientas que necesita&#8221;.<\/p>\n\n\n\n<p>En di\u00e1logo, en medio de los festejos vendimiales y a horas de la Asamblea Legislativa, la diputada dese\u00f3\u00a0<strong>que el Presidente no se l\u00ede con &#8220;insultos y expresiones metaf\u00f3ricas que no conducen a nada&#8221; y, por el contrario, de una vez por todas d\u00e9 a conocer forlamente su plan de gobierno<\/strong>\u00a0y lo que necesita del Congreso &#8220;para empezar a trabajarlo inmediatamente&#8221;.<\/p>\n\n\n\n<p>De todas maneras, casi en simult\u00e1neo, el Financial Times daba cuenta de que el propio Milei dijo que &#8220;no necesita al Congreso para salvar la econom\u00eda&#8221; por lo que las pr\u00f3ximas medidas ser\u00edan publicadas por decreto.<\/p>\n\n\n\n<h2 class=\"wp-block-heading\">\u00bfVuelve la Ley \u00d3mnibus? \u00bfSer\u00e1 en cuentagotas?<\/h2>\n\n\n\n<p><strong>&#8220;Milei viene siendo muy herm\u00e9tico con el discurso&#8221;<\/strong>, reconoci\u00f3 la diputada mendocina, aunque junto con el bloque de la Uni\u00f3n C\u00edvica Radical han analizado algunas hip\u00f3tesis: &#8220;De conversaciones con el presidente del bloque Rodrigo De Loredo hemos podido percibir que el Presidente estar\u00eda pensando en&nbsp;<strong>enviar la Ley \u00d3mnibus por cap\u00edtulos<\/strong>&#8220;.<\/p>\n\n\n\n<p>En los \u00faltimos d\u00edas, en los pasillos del Congreso circularon m\u00e1s versiones: &#8220;Que&nbsp;<strong>mandar\u00e1 la reforma laboral y un r\u00e9gimen de promoci\u00f3n de inversiones<\/strong>&#8220;. Pero, dijo la propia Verasay, estas no son m\u00e1s que suposiciones.<\/p>\n\n\n\n<p>Antes de la Asamblea Legislativa los legisladores radicales, diputados y senadores, se reunir\u00e1n para terminar de pulir la estrategia que desplegar\u00e1n durante el discurso de Milei.<\/p>\n\n\n\n<p>&#8220;Si en lo actitudinal insiste con la violencia, hay que tener un poco de templanza&#8221;, consider\u00f3 ella. &#8220;Vamos a participar de la Asamblea, a escuchar el discurso y, mientras lo vayamos transitando, se ver\u00e1 el clima. Algunos dicen que viene fuerte. Pero si es fuerte para contar el plan de gobierno, estamos predispuestos para trabajar. Lo que espero es que no entremos en los insultos y las expresiones metaf\u00f3ricas&#8221;, agreg\u00f3.<\/p>\n\n\n\n<h2 class=\"wp-block-heading\">\u00bfY si se discute la Ley \u00d3mnibus completa a cambio de un alivio financiero para las provincias?<\/h2>\n\n\n\n<p>Esa es otra alternativa que manejan allegados al Presidente. Seg\u00fan cuenta&nbsp;<em><strong>El Cronista<\/strong><\/em>, en medio del clima de tensi\u00f3n entre Milei y los gobernadores por el recorte de gastos, habr\u00eda una puerta de negociaci\u00f3n abierta:<strong>&nbsp;la Casa Rosada estar\u00eda dispuesta a incluir en la Ley Bases un paquete fiscal con impuestos coparticipables para llevar alivio financiero a las provincias<\/strong>. Pero todo ello a cambio de que la oposici\u00f3n discuta el proyecto completo y no por tajadas.<\/p>\n\n\n\n<h2 class=\"wp-block-heading\">El discurso en medio de la Vendimia<\/h2>\n\n\n\n<p>Los legisladores mendocinos participar\u00e1n este jueves de actividades vendimiales para viajar el mismo viernes a Buenos Aires y estar presentes en la apertura de sesiones. En los primeros vuelos de la ma\u00f1ana del s\u00e1bado,\u00a0<strong>una comitiva de funcionarios, diputados y senadores intentar\u00e1 llegar a tiempo para el Desayuno de la COVIAR, escenario pol\u00edtico clave en medio de la Vendimia.<\/strong><\/p>\n\n\n\n<p>Teniendo en cuenta que el discurso de Milei ser\u00e1 el viernes por la noche y que, efectivamente figuras de la pol\u00edtica nacional y local reci\u00e9n podr\u00e1n viajar en el amanecer del s\u00e1bado, la Corporaci\u00f3n Vitivin\u00edcola retras\u00f3 el evento para las 10.<\/p>\n\n\n\n<p>&#8220;Diputados y senadores nacionales quieren acompa\u00f1ar al gobernador Cornejo en el Desayuno de la COVIAR. Vendr\u00e1n De Loredo, otros diputados cordobeses, de Tucum\u00e1n, de Entre R\u00edos. Tambi\u00e9n diputados de Hacemos como Monz\u00f3 y legisladores del PRO&#8221;, asegur\u00f3 Verasay.<\/p>\n\n\n\n<p>FUENTE: Diariouno.com.ar <\/p>\n","protected":false},"excerpt":{"rendered":"<p>La diputada nacional por Mendoza espera que el Presidente ofrezca &#8220;definitivamente&#8221; sus planes a seguir y cu\u00e1les son las herramientas que necesitar\u00e1 La diputada nacional por Mendoza\u00a0Pamela Verasay\u00a0especul\u00f3 con el posible discurso de Javier Milei en la apertura de sesiones ordinarias del Congreso de la Naci\u00f3n, en medio de la tensi\u00f3n con los legisladores, a [&hellip;]<\/p>\n","protected":false},"author":2,"featured_media":5787,"comment_status":"open","ping_status":"open","sticky":true,"template":"","format":"standard","meta":[],"categories":[47],"tags":[],"_links":{"self":[{"href":"https:\/\/pasaenmendoza.com\/index.php?rest_route=\/wp\/v2\/posts\/5786"}],"collection":[{"href":"https:\/\/pasaenmendoza.com\/index.php?rest_route=\/wp\/v2\/posts"}],"about":[{"href":"https:\/\/pasaenmendoza.com\/index.php?rest_route=\/wp\/v2\/types\/post"}],"author":[{"embeddable":true,"href":"https:\/\/pasaenmendoza.com\/index.php?rest_route=\/wp\/v2\/users\/2"}],"replies":[{"embeddable":true,"href":"https:\/\/pasaenmendoza.com\/index.php?rest_route=%2Fwp%2Fv2%2Fcomments&post=5786"}],"version-history":[{"count":1,"href":"https:\/\/pasaenmendoza.com\/index.php?rest_route=\/wp\/v2\/posts\/5786\/revisions"}],"predecessor-version":[{"id":5788,"href":"https:\/\/pasaenmendoza.com\/index.php?rest_route=\/wp\/v2\/posts\/5786\/revisions\/5788"}],"wp:featuredmedia":[{"embeddable":true,"href":"https:\/\/pasaenmendoza.com\/index.php?rest_route=\/wp\/v2\/media\/5787"}],"wp:attachment":[{"href":"https:\/\/pasaenmendoza.com\/index.php?rest_route=%2Fwp%2Fv2%2Fmedia&parent=5786"}],"wp:term":[{"taxonomy":"category","embeddable":true,"href":"https:\/\/pasaenmendoza.com\/index.php?rest_route=%2Fwp%2Fv2%2Fcategories&post=5786"},{"taxonomy":"post_tag","embeddable":true,"href":"https:\/\/pasaenmendoza.com\/index.php?rest_route=%2Fwp%2Fv2%2Ftags&post=5786"}],"curies":[{"name":"wp","href":"https:\/\/api.w.org\/{rel}","templated":true}]}}