{"id":5791,"date":"2024-03-01T13:43:06","date_gmt":"2024-03-01T12:43:06","guid":{"rendered":"https:\/\/pasaenmendoza.com\/?p=5791"},"modified":"2024-03-01T13:43:08","modified_gmt":"2024-03-01T12:43:08","slug":"pasaran-a-la-carcel-a-12-hinchas-de-colo-colo-acusados-de-cometer-delitos-en-mendoza","status":"publish","type":"post","link":"https:\/\/pasaenmendoza.com\/?p=5791","title":{"rendered":"Pasar\u00e1n a la c\u00e1rcel a 12 hinchas de Colo Colo acusados de cometer delitos en Mendoza"},"content":{"rendered":"\n<p>De los m\u00e1s de 40&nbsp;<strong>hinchas de Colo Colo&nbsp;<\/strong>que cayeron por diferentes delitos y contravenciones durante su estad\u00eda en&nbsp;<strong>Mendoza<\/strong>, doce fueron trasladados entre el mi\u00e9rcoles y este jueves a la<strong>&nbsp;Estaci\u00f3n Transitoria de Detenidos y Aprehendidos&nbsp;<\/strong>(<strong>Estrada<\/strong>), donde permanecer\u00e1n alojados previo a su paso a la c\u00e1rcel.<\/p>\n\n\n\n<p><mark>Se trata de nueve hombres y tres mujeres del vecino pa\u00eds que fueron imputados en los \u00faltimos d\u00edas<\/mark>. Entre ellos se encuentra el presunto autor del&nbsp;<strong>abuso sexual&nbsp;<\/strong>a una joven en las inmediaciones del&nbsp;<strong>Hospital Central<\/strong>, mientras que el resto est\u00e1 acusado por un&nbsp;<strong>robo en manada<\/strong>&nbsp;perpetrado en el centro.<\/p>\n\n\n\n<p>Luego de que la Justicia defini\u00f3 sus situaciones procesales y, debido a que no cuentan con domicilio fijado en la provincia, deber\u00e1n quedar tras las rejas en el\u00a0<strong>penal San Felipe<\/strong>.<\/p>\n\n\n\n<p>El traslado a ese complejo penitenciario se efectivizar\u00e1 en las pr\u00f3ximas horas, luego de que se realicen los tr\u00e1mites judiciales correspondientes y se confeccionen sus respectivos prontuarios.<\/p>\n\n\n\n<p>Miles de simpatizantes del conjunto de la capital chilena pasaron la semana pasada por la provincia para vivir el cruce ante&nbsp;<strong>Godoy Cruz<\/strong>&nbsp;por la Fase 2 de la&nbsp;<strong>Copa Libertadores de Am\u00e9rica<\/strong>.<\/p>\n\n\n\n<p><mark>Los\u00a0<strong>barrabravas\u00a0<\/strong>del\u00a0<em>Albo\u00a0<\/em>protagonizaron desmanes y diferentes episodios delictivos en el microcentro\u00a0<\/mark>mendocino, donde la gran mayor\u00eda de ellos se aloj\u00f3 en departamentos y hoteles.<\/p>\n\n\n\n<p><strong>Abuso en Ciudad<\/strong><\/p>\n\n\n\n<p>Fue durante la madrugada del jueves 22, cerca de las 2, cuando\u00a0un fan\u00e1tico del Colo Colo\u00a0abus\u00f3 sexualmente a una joven de 29 a\u00f1os en la<strong>\u00a0plazoleta Almirante Brown<\/strong>, frente al\u00a0<strong>Hospital Central<\/strong>, de acuerdo con la denuncia radicada en la<strong>\u00a0Oficina Fiscal N\u00ba 1<\/strong>.<\/p>\n\n\n\n<p>La versi\u00f3n de la v\u00edctima se\u00f1ala que el hombre la amenaz\u00f3 con un arma blanca y la accedi\u00f3 carnalmente en la v\u00eda p\u00fablica.<\/p>\n\n\n\n<p>A ra\u00edz de eso, el sospechoso, de 30 a\u00f1os,\u00a0<mark>fue detenido a los pocos minutos de que la muchacha acudi\u00f3 a la polic\u00eda y el viernes lo imputaron<\/mark>\u00a0por\u00a0<strong>abuso sexual con acceso carnal agravado por el uso de arma<\/strong>.<\/p>\n\n\n\n<p><strong>Robo en manada<\/strong><\/p>\n\n\n\n<p>Durante la previa del partido, en plena tarde del jueves, hubo enfrentamientos encabezados por los fan\u00e1ticos colocolenses en la v\u00eda p\u00fablica, algunos de los cuales fueron filmados por transe\u00fantes: uno en la plaza Independencia y otro en el ingreso al&nbsp;<strong>parque General San Mart\u00edn<\/strong>.<\/p>\n\n\n\n<p>Ese mismo d\u00eda, un grupo de nueve hinchas de nacionalidad chilena\u00a0<mark>fue detenido despu\u00e9s de robar en manada un maxiquiosco de\u00a0<strong>avenida Godoy Cruz y calle 25 de Mayo<\/strong><\/mark>.<\/p>\n\n\n\n<p>De acuerdo con la informaci\u00f3n, los hinchas del conjunto chileno ingresaron cerca de las 18.30 al comercio<strong>&nbsp;<\/strong>para&nbsp;<mark>sustraer bebidas alcoh\u00f3licas, tales como cerveza y vino, as\u00ed como tambi\u00e9n helado, gaseosas y dem\u00e1s mercader\u00eda<\/mark>.<\/p>\n\n\n\n<p><strong>Preventores\u00a0<\/strong>y polic\u00edas llegaron hasta el lugar del hecho, donde lograron atrapar a cerca de una decena de sospechosos, a quienes les incautaron algunos de los elementos robados y banderas identificatorias del equipo de la vecina rep\u00fablica.<\/p>\n\n\n\n<p><strong>Fuente: www.elsol.com.ar<\/strong><\/p>\n","protected":false},"excerpt":{"rendered":"<p>De los m\u00e1s de 40&nbsp;hinchas de Colo Colo&nbsp;que cayeron por diferentes delitos y contravenciones durante su estad\u00eda en&nbsp;Mendoza, doce fueron trasladados entre el mi\u00e9rcoles y este jueves a la&nbsp;Estaci\u00f3n Transitoria de Detenidos y Aprehendidos&nbsp;(Estrada), donde permanecer\u00e1n alojados previo a su paso a la c\u00e1rcel. Se trata de nueve hombres y tres mujeres del vecino pa\u00eds [&hellip;]<\/p>\n","protected":false},"author":2,"featured_media":5792,"comment_status":"open","ping_status":"open","sticky":false,"template":"","format":"standard","meta":[],"categories":[48],"tags":[],"_links":{"self":[{"href":"https:\/\/pasaenmendoza.com\/index.php?rest_route=\/wp\/v2\/posts\/5791"}],"collection":[{"href":"https:\/\/pasaenmendoza.com\/index.php?rest_route=\/wp\/v2\/posts"}],"about":[{"href":"https:\/\/pasaenmendoza.com\/index.php?rest_route=\/wp\/v2\/types\/post"}],"author":[{"embeddable":true,"href":"https:\/\/pasaenmendoza.com\/index.php?rest_route=\/wp\/v2\/users\/2"}],"replies":[{"embeddable":true,"href":"https:\/\/pasaenmendoza.com\/index.php?rest_route=%2Fwp%2Fv2%2Fcomments&post=5791"}],"version-history":[{"count":1,"href":"https:\/\/pasaenmendoza.com\/index.php?rest_route=\/wp\/v2\/posts\/5791\/revisions"}],"predecessor-version":[{"id":5793,"href":"https:\/\/pasaenmendoza.com\/index.php?rest_route=\/wp\/v2\/posts\/5791\/revisions\/5793"}],"wp:featuredmedia":[{"embeddable":true,"href":"https:\/\/pasaenmendoza.com\/index.php?rest_route=\/wp\/v2\/media\/5792"}],"wp:attachment":[{"href":"https:\/\/pasaenmendoza.com\/index.php?rest_route=%2Fwp%2Fv2%2Fmedia&parent=5791"}],"wp:term":[{"taxonomy":"category","embeddable":true,"href":"https:\/\/pasaenmendoza.com\/index.php?rest_route=%2Fwp%2Fv2%2Fcategories&post=5791"},{"taxonomy":"post_tag","embeddable":true,"href":"https:\/\/pasaenmendoza.com\/index.php?rest_route=%2Fwp%2Fv2%2Ftags&post=5791"}],"curies":[{"name":"wp","href":"https:\/\/api.w.org\/{rel}","templated":true}]}}