{"id":5794,"date":"2024-03-01T13:47:46","date_gmt":"2024-03-01T12:47:46","guid":{"rendered":"https:\/\/pasaenmendoza.com\/?p=5794"},"modified":"2024-03-01T13:47:47","modified_gmt":"2024-03-01T12:47:47","slug":"condenaron-a-un-capo-de-la-barrabrava-de-independiente-rivadavia-por-tenencia-de-drogas","status":"publish","type":"post","link":"https:\/\/pasaenmendoza.com\/?p=5794","title":{"rendered":"Condenaron a un capo de la barrabrava de Independiente Rivadavia por tenencia de drogas"},"content":{"rendered":"\n<p>Desde hace algunos a\u00f1os que\u00a0la<strong>\u00a0barrabrava de Independiente Rivadavia<\/strong>\u00a0viene protagonizando diversos conflictos\u00a0por enfrentamientos entre facciones y por causas de narcotr\u00e1fico. En este \u00faltimo punto se cerr\u00f3 un cap\u00edtulo m\u00e1s cuando uno de los popes de la barra de la\u00a0<em>Lepra<\/em>\u00a0fue condenado en los \u00faltimos d\u00edas por tenencia de drogas. Continuar\u00e1 preso hasta que se defina otra causa pendiente que tiene por tenencia de armas de fuego.<\/p>\n\n\n\n<p><strong>Federico Agust\u00edn Cano tiene 31 a\u00f1os.\u00a0<\/strong>A medida que se fue desmembrando una de las facciones de la barrabrava, en simult\u00e1neo\u00a0<strong>fue ganando poder dentro del grupo con asiento en Villa Hip\u00f3dromo<\/strong>, en Godoy Cruz. De hecho, gran parte de esto se debi\u00f3 a que<strong>\u00a0es primo hermano de Nicol\u00e1s<em>\u00a0Gordo Marta<\/em>\u00a0Cano (31), uno de los condenados a cinco a\u00f1os de prisi\u00f3n por\u00a0el asesinato de Gabriel\u00a0<em>Gabito\u00a0<\/em>Videla (36)\u00a0<\/strong>ocurrido en un banderazo de los hinchas leprosos cuando celebraban el aniversario del club en los portones del Parque General San Mart\u00edn el 23 de enero de 2021.<\/p>\n\n\n\n<p>Lo cierto es que tras la detenci\u00f3n del\u00a0<em>Gordo Marta<\/em>,\u00a0<strong>su primo empez\u00f3 a ganar poder dentro de las tribunas del Bautista Gargantini. Pero todo eso qued\u00f3 trunco el 15 de junio pasado cuando efectivos policiales realizaron un allanamiento<\/strong>\u00a0en una propiedad ubicada en calle Guti\u00e9rrez, en las inmediaciones de Villa Hip\u00f3dromo. All\u00ed encontraron rastros de un kiosco de venta de drogas:\u00a0<strong>algunas dosis de coca\u00edna, otras de marihuana, balanzas, elementos de corte y fraccionamiento. Tambi\u00e9n hallaron dos rev\u00f3lveres y dos pistolas.<\/strong><\/p>\n\n\n\n<p>De hecho, el procedimiento se realiz\u00f3 en el marco de una investigaci\u00f3n que naci\u00f3 el 22 de mayo de 2023 donde un llamado an\u00f3nimo al Fonodrogas alert\u00f3 que en ese lugar<strong>&nbsp;&#8220;venden droga a toda hora&#8221;.<\/strong><\/p>\n\n\n\n<p>En el operativo policial quedaron detenidos dos j\u00f3venes en el lugar del hecho. Pero tambi\u00e9n\u00a0<strong>fue capturado Federico Cano quien segundos antes hab\u00eda salido en una camioneta VW Saveiro junto otro sujeto -ser\u00eda comprador de droga- y fueron capturados en las inmediaciones. El barrabrava ten\u00eda en su poder casi un gramo de coca\u00edna y un cigarrillo de marihuana.<\/strong><\/p>\n\n\n\n<p>Cano estuvo en un principio imputado por comercializaci\u00f3n de estupefacientes, pero en los \u00faltimos protagoniz\u00f3 un juicio abreviado donde pact\u00f3 con la Fiscal\u00eda Federal admitir su autor\u00eda en el hecho y recibir una pena menor. Finalmente<strong>&nbsp;fue condenado a 3 a\u00f1os de prisi\u00f3n en efectivo por tenencia de estupefacientes.<\/strong><\/p>\n\n\n\n<p>De todas formas,\u00a0<strong>el joven ahora deber\u00e1 esperar lo que resuelva la Justicia provincial respecto a las armas de fuego que se encontraron en el domicilio allanado.<\/strong>\u00a0En esta causa est\u00e1 imputado por dos hechos de tenencia ilegal de arma de fuego de guerra y dos hechos de tenencia ilegal de arma de fuego de uso civil, por lo que\u00a0<strong>podr\u00eda ser condenado a entre 2 y 16 a\u00f1os de c\u00e1rcel.<\/strong><\/p>\n\n\n\n<p><strong>Fuente: www.diariouno.com.ar<\/strong><\/p>\n","protected":false},"excerpt":{"rendered":"<p>Desde hace algunos a\u00f1os que\u00a0la\u00a0barrabrava de Independiente Rivadavia\u00a0viene protagonizando diversos conflictos\u00a0por enfrentamientos entre facciones y por causas de narcotr\u00e1fico. En este \u00faltimo punto se cerr\u00f3 un cap\u00edtulo m\u00e1s cuando uno de los popes de la barra de la\u00a0Lepra\u00a0fue condenado en los \u00faltimos d\u00edas por tenencia de drogas. Continuar\u00e1 preso hasta que se defina otra causa [&hellip;]<\/p>\n","protected":false},"author":2,"featured_media":5795,"comment_status":"open","ping_status":"open","sticky":false,"template":"","format":"standard","meta":[],"categories":[48],"tags":[],"_links":{"self":[{"href":"https:\/\/pasaenmendoza.com\/index.php?rest_route=\/wp\/v2\/posts\/5794"}],"collection":[{"href":"https:\/\/pasaenmendoza.com\/index.php?rest_route=\/wp\/v2\/posts"}],"about":[{"href":"https:\/\/pasaenmendoza.com\/index.php?rest_route=\/wp\/v2\/types\/post"}],"author":[{"embeddable":true,"href":"https:\/\/pasaenmendoza.com\/index.php?rest_route=\/wp\/v2\/users\/2"}],"replies":[{"embeddable":true,"href":"https:\/\/pasaenmendoza.com\/index.php?rest_route=%2Fwp%2Fv2%2Fcomments&post=5794"}],"version-history":[{"count":1,"href":"https:\/\/pasaenmendoza.com\/index.php?rest_route=\/wp\/v2\/posts\/5794\/revisions"}],"predecessor-version":[{"id":5796,"href":"https:\/\/pasaenmendoza.com\/index.php?rest_route=\/wp\/v2\/posts\/5794\/revisions\/5796"}],"wp:featuredmedia":[{"embeddable":true,"href":"https:\/\/pasaenmendoza.com\/index.php?rest_route=\/wp\/v2\/media\/5795"}],"wp:attachment":[{"href":"https:\/\/pasaenmendoza.com\/index.php?rest_route=%2Fwp%2Fv2%2Fmedia&parent=5794"}],"wp:term":[{"taxonomy":"category","embeddable":true,"href":"https:\/\/pasaenmendoza.com\/index.php?rest_route=%2Fwp%2Fv2%2Fcategories&post=5794"},{"taxonomy":"post_tag","embeddable":true,"href":"https:\/\/pasaenmendoza.com\/index.php?rest_route=%2Fwp%2Fv2%2Ftags&post=5794"}],"curies":[{"name":"wp","href":"https:\/\/api.w.org\/{rel}","templated":true}]}}