{"id":5799,"date":"2024-03-01T14:04:07","date_gmt":"2024-03-01T13:04:07","guid":{"rendered":"https:\/\/pasaenmendoza.com\/?p=5799"},"modified":"2024-03-01T14:04:09","modified_gmt":"2024-03-01T13:04:09","slug":"las-reservas-hoteleras-para-la-vendimia-2024-cayeron-el-30-con-respecto-al-ano-pasado","status":"publish","type":"post","link":"https:\/\/pasaenmendoza.com\/?p=5799","title":{"rendered":"Las reservas hoteleras para la Vendimia 2024 cayeron el 30% con respecto al a\u00f1o pasado"},"content":{"rendered":"\n<p>El<strong>\u00a0Ente de Turismo de Mendoza proyect\u00f3 un 75% de ocupaci\u00f3n hotelera\u00a0<\/strong>para este fin de semana que se realizar\u00e1 la\u00a0<strong>Fiesta de la Vendimia 2024.<\/strong>\u00a0El dato refleja una ca\u00edda del 30% con respecto al a\u00f1o pasado en el que unos 50.000 visitantes llegaron a la provincia, pero hay que esperar hasta que el dato se consolide en la ocupaci\u00f3n que finalmente se registre hasta el martes, tras las repeticiones.<\/p>\n\n\n\n<p><strong>La presidenta del Emetur, Gabriela Testa<\/strong>, coment\u00f3 que el perfil tur\u00edstico de la Fiesta de la Vendimia ha cambiado en los \u00faltimos a\u00f1os. \u201cHoy nos visita un turista m\u00e1s corporativo, porque gran parte de nuestros turistas son invitados de grandes empresas que tienen sede en Mendoza y que invitan o a sus clientes o proveedores para mostrar a Mendoza en un momento de plenitud. Esto hace que haya una demanda m\u00e1s alta en la hoteler\u00eda de mayor nivel\u201d, coment\u00f3 la funcionaria.<\/p>\n\n\n\n<p>Para el per\u00edodo comprendido entre el 26 de febrero y el 4 de marzo,\u00a0<strong>se proyecta una ocupaci\u00f3n media ponderada, para el \u00e1rea de influencia de la fiesta, del 75%.<\/strong>\u00a0Cabe destacar que, si bien los principales actos se realizan en la Ciudad de Mendoza, los turistas recorren el resto de los departamentos del Gran Mendoza y zonas como Potrerillos, la Ruta 82 y Cacheuta.<\/p>\n\n\n\n<p>Para este fin de semana&nbsp;<strong>se esperan m\u00e1s de 34.000 visitantes,<\/strong>&nbsp;de los cuales cerca de&nbsp;<strong>19.000 se hospedar\u00e1n en alojamientos pagos<\/strong>&nbsp;y el resto lo har\u00e1 en casas de parientes o amigos. El dato marca una fuerte disminuci\u00f3n importante con respecto a la ocupaci\u00f3n hotelera del 2023.<\/p>\n\n\n\n<p><strong>La estad\u00eda promedio esperada es de 4 d\u00edas y medio, con un gasto diario por persona que supera los $50.000 en promedio<\/strong>.<\/p>\n\n\n\n<p>A partir de este movimiento tur\u00edstico ingresar\u00e1n a la provincia m\u00e1s de $7.360 millones.<\/p>\n\n\n\n<p>Desde la C\u00e1mara Hotelera de Mendoza hab\u00edan advertido que la demanda hotelera no fue la esperada y se notaba hasta hace unos d\u00edas el p\u00e1rate en la econom\u00eda. El titular del organismo,&nbsp;<strong>Ricardo Becacecci admiti\u00f3 que no habr\u00e1 ocupaci\u00f3n plena, como ocurri\u00f3 en las Vendimias posteriores a la pandemia.<\/strong><\/p>\n\n\n\n<h2 class=\"wp-block-heading\"><strong>Una agenda para disfrutar de Mendoza<\/strong><\/h2>\n\n\n\n<p>Si bien las actividades comenzaron hace varios d\u00edas, con eventos organizados por diversas empresas o instituciones, el calendario oficial se intensifica y permite que mendocinos y turistas puedan disfrutar de la Vendimia 2024.<\/p>\n\n\n\n<ul>\n<li>1 de marzo. A las 21. \u2013 V\u00eda Blanca. Principales avenidas de la Ciudad de Mendoza<\/li>\n\n\n\n<li>2 de marzo. A las 10. \u2013 Carrusel. Principales avenidas de la Ciudad de Mendoza<\/li>\n\n\n\n<li>2 de marzo. A las 22. \u2013 Acto Central de la Fiesta Nacional de la Vendimia 2024&nbsp;<em>Coronados de historia y futuro.<\/em>&nbsp;Apertura del Teatro Griego: 18. Previa con artistas locales.<\/li>\n\n\n\n<li>3 de marzo. A las 21.30 \u2013 Segunda noche de la Fiesta Nacional de la Vendimia 2024&nbsp;<em>Coronados de historia y futuro.&nbsp;<\/em>Apertura del Teatro Griego: 18. Previa con artistas locales. Cierre con Ciro y los Persas.<\/li>\n\n\n\n<li>4 de marzo. A las 21.30. \u2013 Tercera noche de la Fiesta Nacional de la Vendimia 2024\u00a0<em>Coronados de historia y futuro.\u00a0<\/em>Apertura del Teatro Griego: 18. Previa con artistas locales. Cierre con La Delio Valdez.<\/li>\n<\/ul>\n\n\n\n<p><strong>Fuente: www.diariouno.com.ar<\/strong><\/p>\n","protected":false},"excerpt":{"rendered":"<p>El\u00a0Ente de Turismo de Mendoza proyect\u00f3 un 75% de ocupaci\u00f3n hotelera\u00a0para este fin de semana que se realizar\u00e1 la\u00a0Fiesta de la Vendimia 2024.\u00a0El dato refleja una ca\u00edda del 30% con respecto al a\u00f1o pasado en el que unos 50.000 visitantes llegaron a la provincia, pero hay que esperar hasta que el dato se consolide en [&hellip;]<\/p>\n","protected":false},"author":2,"featured_media":5800,"comment_status":"open","ping_status":"open","sticky":false,"template":"","format":"standard","meta":[],"categories":[64],"tags":[],"_links":{"self":[{"href":"https:\/\/pasaenmendoza.com\/index.php?rest_route=\/wp\/v2\/posts\/5799"}],"collection":[{"href":"https:\/\/pasaenmendoza.com\/index.php?rest_route=\/wp\/v2\/posts"}],"about":[{"href":"https:\/\/pasaenmendoza.com\/index.php?rest_route=\/wp\/v2\/types\/post"}],"author":[{"embeddable":true,"href":"https:\/\/pasaenmendoza.com\/index.php?rest_route=\/wp\/v2\/users\/2"}],"replies":[{"embeddable":true,"href":"https:\/\/pasaenmendoza.com\/index.php?rest_route=%2Fwp%2Fv2%2Fcomments&post=5799"}],"version-history":[{"count":1,"href":"https:\/\/pasaenmendoza.com\/index.php?rest_route=\/wp\/v2\/posts\/5799\/revisions"}],"predecessor-version":[{"id":5801,"href":"https:\/\/pasaenmendoza.com\/index.php?rest_route=\/wp\/v2\/posts\/5799\/revisions\/5801"}],"wp:featuredmedia":[{"embeddable":true,"href":"https:\/\/pasaenmendoza.com\/index.php?rest_route=\/wp\/v2\/media\/5800"}],"wp:attachment":[{"href":"https:\/\/pasaenmendoza.com\/index.php?rest_route=%2Fwp%2Fv2%2Fmedia&parent=5799"}],"wp:term":[{"taxonomy":"category","embeddable":true,"href":"https:\/\/pasaenmendoza.com\/index.php?rest_route=%2Fwp%2Fv2%2Fcategories&post=5799"},{"taxonomy":"post_tag","embeddable":true,"href":"https:\/\/pasaenmendoza.com\/index.php?rest_route=%2Fwp%2Fv2%2Ftags&post=5799"}],"curies":[{"name":"wp","href":"https:\/\/api.w.org\/{rel}","templated":true}]}}