{"id":5802,"date":"2024-03-01T14:11:32","date_gmt":"2024-03-01T13:11:32","guid":{"rendered":"https:\/\/pasaenmendoza.com\/?p=5802"},"modified":"2024-03-01T14:11:33","modified_gmt":"2024-03-01T13:11:33","slug":"los-artistas-de-vendimia-cobraran-4-dias-despues-de-la-fiesta-y-no-en-un-mes-o-mas-como-antes","status":"publish","type":"post","link":"https:\/\/pasaenmendoza.com\/?p=5802","title":{"rendered":"Los artistas de Vendimia cobrar\u00e1n 4 d\u00edas despu\u00e9s de la Fiesta y no en un mes o m\u00e1s como antes"},"content":{"rendered":"\n<p>En una medida que sentar\u00e1 precedente, y saldando uno de los reclamos hist\u00f3ricos de quienes hacen\u00a0<strong>Vendimia<\/strong>, los artistas de la Fiesta de la Vendimia 2024 cobrar\u00e1n por su trabajo cuatro d\u00edas despu\u00e9s de haber finalizado la \u00faltima funci\u00f3n de &#8220;Coronados de historia y futuro&#8221;. Antes deb\u00edan esperar uno o hasta dos meses para cobrar.<\/p>\n\n\n\n<p>El pr\u00f3ximo&nbsp;<strong>viernes 8 de marzo se pagar\u00e1 a los 1.052 actores, bailarines, traspuntes y m\u00fasicos<\/strong>&nbsp;que protagonizan los actos del calendario vendimial, cuya fiesta m\u00e1xima se dar\u00e1 este s\u00e1bado en el teatro griego Frank Romero Day y que tendr\u00e1 su \u00faltima repetici\u00f3n el lunes. El monto final que ofreci\u00f3 el Gobierno de Mendoza a los artistas -a trav\u00e9s de sus gremios y asociaciones- fue de&nbsp;<strong>$350.000 por el trabajo realizado durante cinco semanas.<\/strong><\/p>\n\n\n\n<p>Pese a los avances en mejoras administrativas y salariales para los artistas de la Vendimia, hay sectores que celebran cobrar en tiempo y forma pero\u00a0<strong>no est\u00e1n de acuerdo con la remuneraci\u00f3n<\/strong>. La ven insuficiente teniendo en cuenta el proceso inflacionario desde diciembre a la fecha.<\/p>\n\n\n\n<p>A fin de a\u00f1o, con la gesti\u00f3n anterior, los artistas que le dieron forma a eventos como Bendici\u00f3n de los Frutos, V\u00eda Blanca, Carrusel y Acto Central con sus repeticiones, sellaron un acuerdo que fijaba un monto de $250.000 a actualizar en febrero.<\/p>\n\n\n\n<p>En estas \u00faltimas semanas, entre idas y vueltas de la discusi\u00f3n salarial,&nbsp;<strong>la Subsecretar\u00eda de Cultura de la Provincia ofreci\u00f3 como \u00faltima propuesta $350.000, que equivale al 40% m\u00e1s<\/strong>&nbsp;de lo acordado en diciembre. Y que se abonar\u00e1 no ya dilatado en el tiempo como era costumbre, sino a cuatro d\u00edas de haber concluido el \u00faltimo acto central de la Vendimia en el Frank Romero Day.<\/p>\n\n\n\n<p>&#8220;Estos esfuerzos que hace el Estado en medio de la crisis que estamos viviendo, valen y demuestran la importancia que tiene la Vendimia y sus hacedores; adem\u00e1s que el plazo para cobrar sienta un precedente&#8221;, destac\u00f3 el subsecretario de Cultura,&nbsp;<strong>Diego Gareca<\/strong>.<\/p>\n\n\n\n<p>A esto, el actor Gonzalo Bendel\u00e9 de la Asociaci\u00f3n Argentina de Actores y Actrices &#8211; delegaci\u00f3n Mendoza, respondi\u00f3: &#8220;El ofrecimiento general a los (empleados) estatales fue del 15% m\u00e1s 15% m\u00e1s un bono de $90.000, cosa que a los trabajadores artistas no fue ofrecido&#8221;. Y critic\u00f3 que &#8220;el Gobierno nos considera trabajadores de segunda, nos hacen contratos basura&#8221;.<\/p>\n\n\n\n<p>De todos modos, el aumento porcentual del cachet de los artistas, que trabajan como prestadores de servicio para el Estado bajo el r\u00e9gimen de contrato, este a\u00f1o es similar al de un empleado p\u00fablico pero sin el extra del bono.<\/p>\n\n\n\n<h2 class=\"wp-block-heading\">El fantasma de la suspensi\u00f3n de la Vendimia<\/h2>\n\n\n\n<p>Siguiendo esta l\u00ednea, el delegado gremial de los actores asegur\u00f3 que la masa de 750 artistas que componen el espect\u00e1culo central &#8220;Coronados de historia y futuro&#8221; no tiene<strong>&nbsp;ninguna intenci\u00f3n de tomar medidas de fuerza<\/strong>&nbsp;que lleven a la suspensi\u00f3n de alguna de las tres noches ni tampoco del ensayo general que se har\u00e1 este viernes en el teatro griego Frank Romero Day.<\/p>\n\n\n\n<p>&#8220;Quiero dejar bien en claro, porque ha habido rumores mal intencionados, que&nbsp;<strong>est\u00e1 descartada cualquier medida de fuerza en ensayo o en las actuaciones<\/strong>, se va a cumplir de principio a fin el hecho art\u00edstico, el trabajo de los artistas&#8221;, recalc\u00f3 Bendel\u00e9, demoliendo el fantasma de la&nbsp;<strong>suspensi\u00f3n de la primera repetici\u00f3n que se dio en la edici\u00f3n 2011<\/strong>&nbsp;de la Vendimia por reclamo salarial y entradas gratuitas para familiares de los artistas.<\/p>\n\n\n\n<p>De todos modos, anticip\u00f3 que tomar\u00e1n &#8220;alguna medida de visibilizaci\u00f3n de nuestra disconformidad&#8221;. De todos modos, estas acciones se resuelven en&nbsp;<strong>asamblea con los artistas involucrados<\/strong>, en su mayor\u00eda los que integran esta edici\u00f3n 2024 de la fiesta dirigida por Pablo Mariano Perri.<\/p>\n\n\n\n<p>As\u00ed entonces, los artistas de Vendimia cumplir\u00e1n con sus contratos ya pactados y firmados con el Gobierno de Mendoza. De ah\u00ed que el responsable de Cultura de la Provincia record\u00f3:<\/p>\n\n\n\n<p><strong>&#8220;Con el contrato firmado, los artistas legalmente tienen que hacer la fiesta&#8221;.<\/strong><\/p>\n\n\n\n<p>Y respecto a los $350.000 de sueldo, Gareca afirm\u00f3 que &#8220;el ofrecimiento no tiene una reconsideraci\u00f3n, la propuesta es superadora en&nbsp;<strong>una fiesta que ha demandado mucho m\u00e1s esfuerzo que en a\u00f1os anteriores<\/strong>&#8220;, por eso pidi\u00f3 el entendimiento y la consideraci\u00f3n de parte de los artistas, &#8220;que seguro lo har\u00e1n porque tenemos un di\u00e1logo cordial y abierto&#8221;.<\/p>\n\n\n\n<p>En este sentido, repas\u00f3 que la base de $250.000 de cachet en diciembre qued\u00f3 establecida para el compromiso de hacer su revisi\u00f3n para febrero. &#8220;Atamos los dos indicadores inflacionarios antes de la fiesta y lo que arrojaran esos resultados es lo que cobrar\u00edan; todos estuvieron de acuerdo. El n\u00famero final qued\u00f3 en $330.000, los dos \u00edndices inflacionarios con una base pactada; todos firmaron y se dio el acuerdo con mucha cordialidad&#8221;, detall\u00f3 Gareca.<\/p>\n\n\n\n<p>Viendo la disconformidad de las partes, a esa cifra el Gobierno sum\u00f3 $20.000 para llegar a $350.000 a pagar cuatro d\u00edas despu\u00e9s de la fiesta. &#8220;Ya no tenemos mucho m\u00e1s para hacer, no vamos a reducir el hecho art\u00edstico,\u00a0<strong>la austeridad es en todos los sectores y \u00e1mbitos p\u00fablicos<\/strong>, y no vemos que sea una propuesta mala o indigna&#8221;, concluy\u00f3 el funcionario.<\/p>\n\n\n\n<p>Gonzalo Bendel\u00e9 -en representaci\u00f3n de los actores, actrices, traspuntes y bailarines- anunci\u00f3 que la cifra &#8220;base&#8221; que reclaman es de&nbsp;<strong>$420.000<\/strong>.<\/p>\n\n\n\n<p><strong>&#8220;La \u00faltima propuesta fue de $350.000 que est\u00e1 lejos de la base que ofrece el Gobierno a todos sus trabajadores, que deber\u00eda ser de $420.000, lo m\u00ednimo teniendo en cuenta el contexto que estamos viviendo&#8221;.<\/strong><\/p>\n\n\n\n<p>Adem\u00e1s, pidi\u00f3 que se pongan en valor todos los gastos que los artistas hacen para trabajar en Vendimia y que hacen disminuir su cachet. &#8220;Los pasajes de micros han aumentado, algunos artistas vienen del Este, de Lavalle, de departamentos alejados al Gran Mendoza&#8221;, agreg\u00f3 y sum\u00f3 los&nbsp;<strong>materiales que utilizan y que son de sus pertenencias, como botas y zapatos de danza, instrumentos musicales y &#8220;hasta algunos accesorios de vestuario&#8221;.<\/strong><\/p>\n\n\n\n<p><strong>Tanto Bendel\u00e9 como Gareca coincidieron en sus intenciones de concretar la celebraci\u00f3n<\/strong>. &#8220;Los artistas queremos hacer la fiesta, por supuesto, solo reclamamos por nuestros derechos; pero eso no significa que vamos a incendiar todo&#8221;, expres\u00f3 el actor y delegado gremial.<\/p>\n\n\n\n<p>Lo que Bendel\u00e9 y su asociaci\u00f3n pretenden es que se los tome como el resto de los trabajadores del Estado. &#8220;<strong>No somos prestadores de servicio sino trabajadores que cumplimos con las condiciones de la relaci\u00f3n de dependencia<\/strong>, con horarios, d\u00edas laborales y un reglamento que exige nuestro trabajo art\u00edstico; la diferencia es que nuestro trabajo es temporal, lo hacemos por un tiempo reducido&#8221;, dijo y aclar\u00f3 que &#8220;venimos reclamando este cambio de paradigma para los artistas de Vendimia desde hace mucho tiempo, no es nuevo ni de esta Vendimia&#8221;.<\/p>\n\n\n\n<h2 class=\"wp-block-heading\">Asambleas en los ensayos de Vendimia<\/h2>\n\n\n\n<p>Esta noche de jueves se prev\u00e9 una nueva asamblea en el marco de los ensayos de la fiesta que se est\u00e1n desarrollando desde el lunes en el teatro griego.<\/p>\n\n\n\n<p>En la asamblea de los artistas se realizar\u00e1 una votaci\u00f3n para dejar plasmado en un acta &#8220;la disconformidad del cobro de $350.000&#8221;, seg\u00fan explic\u00f3 Bendel\u00e9. Aunque, claro est\u00e1, habr\u00e1 que ver qu\u00e9 postura gana ya que el delegado gremial de actores reconoce que &#8220;<strong>hay artistas que est\u00e1n conformes con la propuesta salarial<\/strong>&#8220;.<\/p>\n\n\n\n<p>Las reuniones se hacen en un break de los ensayos y se trata de no quitarles demasiado tiempo, aclararon los hacedores de esta Vendimia. De hecho, manifestaron que al suspenderse el ensayo del mi\u00e9rcoles por la lluvia &#8220;seguro esta noche (por jueves) nos vamos a quedar una hora y media m\u00e1s para llegar con todo al espect\u00e1culo&#8221;.<\/p>\n\n\n\n<p>Bendel\u00e9 reconoci\u00f3 que &#8220;cobrar a tiempo no ven\u00eda pasando&#8221;, en relaci\u00f3n a la decisi\u00f3n de la gesti\u00f3n actual de Alfredo Cornejo de pagarles cuatro d\u00edas despu\u00e9s de finalizado el trabajo. Sin embargo, el actor advirti\u00f3 que de parte del colectivo art\u00edstico &#8220;<strong>administrativamente lo vemos dif\u00edcil de cumplir<\/strong>&#8221; debido a los tr\u00e1mites de facturaci\u00f3n y administrativos de las asociaciones y gremios que representan al millar de artistas en esta fiesta.<\/p>\n\n\n\n<p>A esto se suman los artistas que son a su vez docentes y cobran a trav\u00e9s de un plus Vendimia junto a sus bonos de sueldo habituales como trabajadores del Estado. Este grupo no podr\u00eda cobrar lo trabajado en la fiesta el pr\u00f3ximo viernes 8 sino en un mes cuando perciba sus haberes de marzo.<\/p>\n\n\n\n<p>&#8220;Consideramos que\u00a0<strong>es una buena medida de mejora administrativa que sienta precedente<\/strong>; a partir de ahora no podemos permitir m\u00e1s que se cobre a un mes o dos meses como hist\u00f3ricamente nos ha pasado&#8221;, declar\u00f3 el actor de Vendimia.<\/p>\n\n\n\n<p><strong>Fuente: www.diariouno.com.ar<\/strong><\/p>\n","protected":false},"excerpt":{"rendered":"<p>En una medida que sentar\u00e1 precedente, y saldando uno de los reclamos hist\u00f3ricos de quienes hacen\u00a0Vendimia, los artistas de la Fiesta de la Vendimia 2024 cobrar\u00e1n por su trabajo cuatro d\u00edas despu\u00e9s de haber finalizado la \u00faltima funci\u00f3n de &#8220;Coronados de historia y futuro&#8221;. Antes deb\u00edan esperar uno o hasta dos meses para cobrar. El [&hellip;]<\/p>\n","protected":false},"author":2,"featured_media":5803,"comment_status":"open","ping_status":"open","sticky":false,"template":"","format":"standard","meta":[],"categories":[74],"tags":[],"_links":{"self":[{"href":"https:\/\/pasaenmendoza.com\/index.php?rest_route=\/wp\/v2\/posts\/5802"}],"collection":[{"href":"https:\/\/pasaenmendoza.com\/index.php?rest_route=\/wp\/v2\/posts"}],"about":[{"href":"https:\/\/pasaenmendoza.com\/index.php?rest_route=\/wp\/v2\/types\/post"}],"author":[{"embeddable":true,"href":"https:\/\/pasaenmendoza.com\/index.php?rest_route=\/wp\/v2\/users\/2"}],"replies":[{"embeddable":true,"href":"https:\/\/pasaenmendoza.com\/index.php?rest_route=%2Fwp%2Fv2%2Fcomments&post=5802"}],"version-history":[{"count":1,"href":"https:\/\/pasaenmendoza.com\/index.php?rest_route=\/wp\/v2\/posts\/5802\/revisions"}],"predecessor-version":[{"id":5804,"href":"https:\/\/pasaenmendoza.com\/index.php?rest_route=\/wp\/v2\/posts\/5802\/revisions\/5804"}],"wp:featuredmedia":[{"embeddable":true,"href":"https:\/\/pasaenmendoza.com\/index.php?rest_route=\/wp\/v2\/media\/5803"}],"wp:attachment":[{"href":"https:\/\/pasaenmendoza.com\/index.php?rest_route=%2Fwp%2Fv2%2Fmedia&parent=5802"}],"wp:term":[{"taxonomy":"category","embeddable":true,"href":"https:\/\/pasaenmendoza.com\/index.php?rest_route=%2Fwp%2Fv2%2Fcategories&post=5802"},{"taxonomy":"post_tag","embeddable":true,"href":"https:\/\/pasaenmendoza.com\/index.php?rest_route=%2Fwp%2Fv2%2Ftags&post=5802"}],"curies":[{"name":"wp","href":"https:\/\/api.w.org\/{rel}","templated":true}]}}