{"id":5808,"date":"2024-03-01T14:23:12","date_gmt":"2024-03-01T13:23:12","guid":{"rendered":"https:\/\/pasaenmendoza.com\/?p=5808"},"modified":"2024-03-01T14:23:14","modified_gmt":"2024-03-01T13:23:14","slug":"via-blanca-y-carrusel-asi-seran-los-recorridos-y-cortes-de-transito","status":"publish","type":"post","link":"https:\/\/pasaenmendoza.com\/?p=5808","title":{"rendered":"V\u00eda Blanca y Carrusel: as\u00ed ser\u00e1n los recorridos y cortes de tr\u00e1nsito"},"content":{"rendered":"\n<p>En el marco de los eventos relacionados con el calendario de la&nbsp;<strong>Fiesta Nacional de la Vendimia<\/strong>,&nbsp;<strong>este viernes 1 y s\u00e1bado 2<\/strong>, habr\u00e1 cortes de tr\u00e1nsito por la&nbsp;<strong>V\u00eda Blanca y el Carrusel<\/strong>, como as\u00ed tambi\u00e9n cambios en los&nbsp;<strong>recorridos del transporte p\u00fablico<\/strong>.<\/p>\n\n\n\n<h2 class=\"wp-block-heading\" id=\"h-recorrido-via-blanca\">Recorrido V\u00eda Blanca<\/h2>\n\n\n\n<p>Ser\u00e1 este&nbsp;<strong>viernes 1 de marzo, desde las 21<\/strong>, y comenzar\u00e1 en San Mart\u00edn y Vicente Zapata,&nbsp;hasta Las Heras. De all\u00ed, ir\u00e1 hasta Chile, doblar\u00e1 al llegar a Sarmiento y en calle Belgrano ser\u00e1 la desconcentraci\u00f3n.<\/p>\n\n\n\n<figure class=\"wp-block-image\"><img decoding=\"async\" src=\"https:\/\/i0.wp.com\/newspack-elsol.s3.amazonaws.com\/wp-content\/uploads\/2024\/03\/RECORRIDO-VIA-BLANCA-TT-1024x576.jpg?resize=780%2C439&amp;ssl=1\" alt=\"\" class=\"wp-image-1929625\"\/><\/figure>\n\n\n\n<p><strong>Cortes de tr\u00e1nsito durante el recorrido<\/strong>\u00a0(de 17 hasta la finalizaci\u00f3n del evento)<\/p>\n\n\n\n<ul>\n<li>San Mart\u00edn de Mor\u00f3n a Las Heras<\/li>\n\n\n\n<li>Las Heras de San Mart\u00edn a Chile<\/li>\n\n\n\n<li>Chile de Las Heras a Sarmiento<\/li>\n\n\n\n<li>Sarmiento de Chile a Belgrano<\/li>\n<\/ul>\n\n\n\n<h2 class=\"wp-block-heading\" id=\"h-recorrido-carrusel\">Recorrido Carrusel<\/h2>\n\n\n\n<p>Se llevar\u00e1 a cabo el&nbsp;<strong>s\u00e1bado 2 y comenzar\u00e1 a partir de las 10<\/strong>. El recorrido partir\u00e1 desde los Portones del Parque General San Mart\u00edn, se dirigir\u00e1 hacia el este,&nbsp;por Emilio Civit,&nbsp;hasta la plaza Independencia. All\u00ed, doblar\u00e1 hacia el norte por Chile, hasta Las Heras, para luego tomar San Mart\u00edn hacia el sur. Posteriormente, doblar\u00e1 por Col\u00f3n, para desconcentrar en Belgrano.<\/p>\n\n\n\n<figure class=\"wp-block-image\"><img decoding=\"async\" src=\"https:\/\/i0.wp.com\/newspack-elsol.s3.amazonaws.com\/wp-content\/uploads\/2024\/03\/RECORRIDO-CARRUSEL-TT-1024x576.jpg?resize=780%2C439&amp;ssl=1\" alt=\"\" class=\"wp-image-1929624\"\/><\/figure>\n\n\n\n<p><strong>Cortes de tr\u00e1nsito durante el recorrido<\/strong>&nbsp;(de 7.30 hasta la finalizaci\u00f3n del evento)<\/p>\n\n\n\n<ul>\n<li>Emilio Civit y Sarmiento<\/li>\n\n\n\n<li>Chile (de Sarmiento a Las Heras)<\/li>\n\n\n\n<li>Las Heras (de Chile a San Mart\u00edn)<\/li>\n\n\n\n<li>San Mart\u00edn (de Las Heras a Col\u00f3n)<\/li>\n\n\n\n<li>Col\u00f3n<\/li>\n<\/ul>\n\n\n\n<h2 class=\"wp-block-heading\" id=\"h-desvios-del-transporte-publico-de-pasajeros\">Desv\u00edos del transporte p\u00fablico de pasajeros<\/h2>\n\n\n\n<p>Tambi\u00e9n, durante los festejos vend\u00edmiales, el\u00a0<strong>transporte p\u00fablico sufrir\u00e1 desv\u00edos<\/strong>. Para ver en detalle los mismos,\u00a0<a rel=\"noreferrer noopener\" href=\"https:\/\/mcusercontent.com\/1aa5a9a3e498e7bde74d4982f\/files\/6bd2e4ef-5cd5-46cd-ae11-9a112ed5c1ca\/DESVIOS_VIA_BLANCA_Y_CARRUSEL_2024.pdf\" target=\"_blank\"><strong>ingres\u00e1 aqu\u00ed<\/strong><\/a>.<\/p>\n\n\n\n<p><strong>Fuente: www.elsol.com.ar<\/strong><\/p>\n","protected":false},"excerpt":{"rendered":"<p>En el marco de los eventos relacionados con el calendario de la&nbsp;Fiesta Nacional de la Vendimia,&nbsp;este viernes 1 y s\u00e1bado 2, habr\u00e1 cortes de tr\u00e1nsito por la&nbsp;V\u00eda Blanca y el Carrusel, como as\u00ed tambi\u00e9n cambios en los&nbsp;recorridos del transporte p\u00fablico. Recorrido V\u00eda Blanca Ser\u00e1 este&nbsp;viernes 1 de marzo, desde las 21, y comenzar\u00e1 en San [&hellip;]<\/p>\n","protected":false},"author":2,"featured_media":5780,"comment_status":"open","ping_status":"open","sticky":false,"template":"","format":"standard","meta":[],"categories":[74],"tags":[],"_links":{"self":[{"href":"https:\/\/pasaenmendoza.com\/index.php?rest_route=\/wp\/v2\/posts\/5808"}],"collection":[{"href":"https:\/\/pasaenmendoza.com\/index.php?rest_route=\/wp\/v2\/posts"}],"about":[{"href":"https:\/\/pasaenmendoza.com\/index.php?rest_route=\/wp\/v2\/types\/post"}],"author":[{"embeddable":true,"href":"https:\/\/pasaenmendoza.com\/index.php?rest_route=\/wp\/v2\/users\/2"}],"replies":[{"embeddable":true,"href":"https:\/\/pasaenmendoza.com\/index.php?rest_route=%2Fwp%2Fv2%2Fcomments&post=5808"}],"version-history":[{"count":1,"href":"https:\/\/pasaenmendoza.com\/index.php?rest_route=\/wp\/v2\/posts\/5808\/revisions"}],"predecessor-version":[{"id":5809,"href":"https:\/\/pasaenmendoza.com\/index.php?rest_route=\/wp\/v2\/posts\/5808\/revisions\/5809"}],"wp:featuredmedia":[{"embeddable":true,"href":"https:\/\/pasaenmendoza.com\/index.php?rest_route=\/wp\/v2\/media\/5780"}],"wp:attachment":[{"href":"https:\/\/pasaenmendoza.com\/index.php?rest_route=%2Fwp%2Fv2%2Fmedia&parent=5808"}],"wp:term":[{"taxonomy":"category","embeddable":true,"href":"https:\/\/pasaenmendoza.com\/index.php?rest_route=%2Fwp%2Fv2%2Fcategories&post=5808"},{"taxonomy":"post_tag","embeddable":true,"href":"https:\/\/pasaenmendoza.com\/index.php?rest_route=%2Fwp%2Fv2%2Ftags&post=5808"}],"curies":[{"name":"wp","href":"https:\/\/api.w.org\/{rel}","templated":true}]}}