{"id":581,"date":"2023-08-10T12:13:47","date_gmt":"2023-08-10T10:13:47","guid":{"rendered":"https:\/\/pasaenmendoza.com\/?p=581"},"modified":"2023-08-10T12:13:48","modified_gmt":"2023-08-10T10:13:48","slug":"cambia-mendoza-suspendio-los-cierres-de-campana-por-el-crimen-de-morena","status":"publish","type":"post","link":"https:\/\/pasaenmendoza.com\/?p=581","title":{"rendered":"Cambia Mendoza suspendi\u00f3 los cierres de campa\u00f1a por el crimen de Morena"},"content":{"rendered":"\n<p>Lo anunciaron en redes sociales. No habr\u00e1 actividades proselitistas a pocos d\u00edas de la PASO por el crimen de la nena de Lan\u00fas a manos de motochorros.<\/p>\n\n\n\n<p>El frente&nbsp;<strong>Cambia Mendoza&nbsp;<\/strong>se hizo eco esta noche del duelo por el asesinato de la nena Morena Dom\u00ednguez, por responsabilidad de motochorros en Lan\u00fas, y suspendi\u00f3 los cierres de campa\u00f1a previstos para este jueves.<\/p>\n\n\n\n<p>\u201cA ra\u00edz del conmocionante crimen de Morena en la ciudad de Lan\u00fas,\u00a0#CambiaMendoza\u00a0suspende sus actividades de campa\u00f1a programadas para el jueves 10 de agosto\u201d, comunic\u00f3 la agrupaci\u00f3n oficialista a trav\u00e9s de las redes sociales.<\/p>\n\n\n\n<p>Y agreg\u00f3: Expresamos nuestra solidaridad con la familia y abogamos por un pronto esclarecimiento. Argentina necesita vivir en paz\u201d.<\/p>\n\n\n\n<p>La decisi\u00f3n hab\u00eda sido anticipada por dirigentes y candidatos mendocinos de distintos sectores, como quien va como compa\u00f1ero de f\u00f3rmula de Patricia Bullrich,&nbsp;<strong>Luis Petri.<\/strong><\/p>\n\n\n\n<p>Tambi\u00e9n el intendente de la Capital,&nbsp;<strong>Ulpiano Su\u00e1rez<\/strong>, suspendi\u00f3 sus actividades de campa\u00f1a debido a la conmoci\u00f3n generada en todo el pa\u00eds. Suarez inform\u00f3 que quedaba \u201csuspendido el encuentro previsto con&nbsp;<strong>dirigentes, militantes y vecinos<\/strong>&nbsp;de toda la provincia que se hab\u00eda convocado para el d\u00eda jueves 10 de agosto a las 18 en Plaza independencia\u201d.<\/p>\n\n\n\n<p>\u201cLa empat\u00eda y la solidaridad, a\u00fan a la distancia se manifiesta con hechos concretos, por ello hemos determinado que la jornada del jueves no se realizar\u00e1 la actividad prevista de cierre de campa\u00f1a.<strong>\u00a0Es una se\u00f1al de acompa\u00f1amiento a la familia de Morena en medio de tanto dolor<\/strong>\u201d manifest\u00f3 Su\u00e1rez.<\/p>\n\n\n\n<p>De esta manera qued\u00f3 \u201cdesestimada\u201d la convocatoria realizada al equipo provincial que ha trabajado<strong>&nbsp;por la precandidatura de Horacio Rodr\u00edguez Larreta en Mendoza, en el marco de la campa\u00f1a de Cambia Mendoza y Juntos por el Cambio.<\/strong><\/p>\n\n\n\n<p>Lo mismo sucedi\u00f3 con el resto de las actividades del frente que ten\u00eda organizado un raid de cierres con poco m\u00e1s de una hora de diferencia en distintos departamentos.<\/p>\n\n\n\n<h2 class=\"wp-block-heading\"><strong>LOS PRECANDIDATOS A PRESIDENTE TAMBI\u00c9N SUSPENDIERON<\/strong><\/h2>\n\n\n\n<p>En medio de la conmoci\u00f3n por el caso de Morena Dom\u00ednguez, los principales candidatos a presidente del oficialismo y de la oposici\u00f3n<strong>\u00a0-Sergio Massa, Juan Grabois, Juan Schiaretti, Patricia Bullrich y Horacio Rodr\u00edguez Larreta-\u00a0<\/strong>fueron anunciando la cancelaci\u00f3n de sus respectivos actos de este mi\u00e9rcoles y de cierre de campa\u00f1a electoral el jueves.<\/p>\n\n\n\n<p>Entre ellos, lo hizo el intendente de Lan\u00fas, N\u00e9stor Grindetti, precandidato a gobernador de la provincia de Buenos Aires del opositor Juntos por el Cambio (derecha), aliado de Bullrich.<\/p>\n\n\n\n<p>Grindetti es cuestionado por vecinos por haber dejado de lado la intendencia de Lan\u00fas desde abril, cuando pidi\u00f3 licencia para asumir como presidente del club de f\u00fatbol Independiente y luego centrarse en su campa\u00f1a electoral.<\/p>\n\n\n\n<p>Tambi\u00e9n suspendi\u00f3 su mitin <strong>Axel Kicillof, el gobernador de la provincia de Buenos Aires y aspirante a la reelecci\u00f3n.<\/strong><\/p>\n\n\n\n<p><strong><em>FUENTE:<\/em><\/strong> Los Andes.com.ar<\/p>\n","protected":false},"excerpt":{"rendered":"<p>Lo anunciaron en redes sociales. No habr\u00e1 actividades proselitistas a pocos d\u00edas de la PASO por el crimen de la nena de Lan\u00fas a manos de motochorros. El frente&nbsp;Cambia Mendoza&nbsp;se hizo eco esta noche del duelo por el asesinato de la nena Morena Dom\u00ednguez, por responsabilidad de motochorros en Lan\u00fas, y suspendi\u00f3 los cierres de [&hellip;]<\/p>\n","protected":false},"author":2,"featured_media":582,"comment_status":"open","ping_status":"open","sticky":true,"template":"","format":"standard","meta":[],"categories":[47],"tags":[],"_links":{"self":[{"href":"https:\/\/pasaenmendoza.com\/index.php?rest_route=\/wp\/v2\/posts\/581"}],"collection":[{"href":"https:\/\/pasaenmendoza.com\/index.php?rest_route=\/wp\/v2\/posts"}],"about":[{"href":"https:\/\/pasaenmendoza.com\/index.php?rest_route=\/wp\/v2\/types\/post"}],"author":[{"embeddable":true,"href":"https:\/\/pasaenmendoza.com\/index.php?rest_route=\/wp\/v2\/users\/2"}],"replies":[{"embeddable":true,"href":"https:\/\/pasaenmendoza.com\/index.php?rest_route=%2Fwp%2Fv2%2Fcomments&post=581"}],"version-history":[{"count":1,"href":"https:\/\/pasaenmendoza.com\/index.php?rest_route=\/wp\/v2\/posts\/581\/revisions"}],"predecessor-version":[{"id":583,"href":"https:\/\/pasaenmendoza.com\/index.php?rest_route=\/wp\/v2\/posts\/581\/revisions\/583"}],"wp:featuredmedia":[{"embeddable":true,"href":"https:\/\/pasaenmendoza.com\/index.php?rest_route=\/wp\/v2\/media\/582"}],"wp:attachment":[{"href":"https:\/\/pasaenmendoza.com\/index.php?rest_route=%2Fwp%2Fv2%2Fmedia&parent=581"}],"wp:term":[{"taxonomy":"category","embeddable":true,"href":"https:\/\/pasaenmendoza.com\/index.php?rest_route=%2Fwp%2Fv2%2Fcategories&post=581"},{"taxonomy":"post_tag","embeddable":true,"href":"https:\/\/pasaenmendoza.com\/index.php?rest_route=%2Fwp%2Fv2%2Ftags&post=581"}],"curies":[{"name":"wp","href":"https:\/\/api.w.org\/{rel}","templated":true}]}}