{"id":5811,"date":"2024-03-04T13:09:19","date_gmt":"2024-03-04T12:09:19","guid":{"rendered":"https:\/\/pasaenmendoza.com\/?p=5811"},"modified":"2024-03-04T13:09:21","modified_gmt":"2024-03-04T12:09:21","slug":"quien-es-el-abogado-mendocino-que-ejecuto-el-pedido-de-milei-de-cerrar-telam","status":"publish","type":"post","link":"https:\/\/pasaenmendoza.com\/?p=5811","title":{"rendered":"Qui\u00e9n es el abogado mendocino que ejecut\u00f3 el pedido de Milei de cerrar T\u00e9lam"},"content":{"rendered":"\n<p>Los empleados recibieron un mail con su firma que los dispensa de cumplir con sus tareas durante los pr\u00f3ximos siete d\u00edas. Este lunes el edificio amaneci\u00f3 vallado.<\/p>\n\n\n\n<p>A principios de febrero, mediante un decreto que lleva la firma del presidente\u00a0<strong>Javier Milei<\/strong>,\u00a0el Gobierno determin\u00f3 una\u00a0intervenci\u00f3n en los medios p\u00fablicos\u00a0y en las empresas del Estado que los controlan. Tras este primer paso, durante la Asamblea Legislativa, el mandatario ratific\u00f3 su idea de\u00a0cerrar la agencia de noticias\u00a0<strong>T\u00e9lam<\/strong>. La medida fue aplicada casi de inmediato, ya este lunes el edificio amaneci\u00f3 vallado y los empleados recibieron un mail que los liberaba de cumplir su trabajo durante los pr\u00f3ximos 7 d\u00edas.\u00a0<\/p>\n\n\n\n<p>Los cambios realizados en febrero incluyeron tambi\u00e9n la designaci\u00f3n de de interventores y\u00a0entre ellos se encuentra un abogado mendocino cuyo nombre es\u00a0<strong>Diego Mart\u00edn Chaher<\/strong>, quien ser\u00e1 el interventor principal y que estar\u00e1 acompa\u00f1ado por Diego Mar\u00edas como interventor adjunto.<\/p>\n\n\n\n<p>Justamente su la firma del mendocino la que llevaba la notificaci\u00f3n que recibieron los empleados de\u00a0<strong>T\u00e9lam\u00a0<\/strong>durante la noche en la que se los dispensaba de cumplir sus tareas durante los pr\u00f3ximos siete d\u00edas.\u00a0<\/p>\n\n\n\n<p><strong>Chaher&nbsp;<\/strong>es, como se mencion\u00f3 anteriormente, abogado en la provincia de&nbsp;Mendoza&nbsp;y tiene una extensa trayectoria en medios de comunicaci\u00f3n. Espec\u00edficamente fue el encargado de Asuntos Legales de Grupo Supercanal Arlink y director TVEO Productora de Contenidos Audiovisuales. Trabaja en Grupo Am\u00e9rica desde hace varios a\u00f1os ejerciendo funciones en \u00e1reas legales. Tambi\u00e9n hace de gerente de Canal 8 de San Juan, que pertenece al Grupo Am\u00e9rica. Lo definen como un &#8220;experto&#8221; a la hora de&nbsp;reducir planta&nbsp;en empresas, por lo que no es descabellado que ahora est\u00e9 al frente de la intervenci\u00f3n de estos medios.<\/p>\n\n\n\n<p>Es graduado de la Universidad de Belgrano y obtuvo un m\u00e1ster en Derecho Empresario de la Universidad Cat\u00f3lica de Cuyo. Ahora ser\u00e1 el encargado de supervisar el plan que tiene el Gobierno para los medios p\u00fablicos como T\u00e9lam y la TV P\u00fablica, que son dos de los medios que Javier Milei quiere intervenir para saber qu\u00e9 hay dentro de cada medio para luego transformarlos, quiz\u00e1s, en empresas privadas.<\/p>\n\n\n\n<p>El presidente de la Naci\u00f3n, cuando era candidato en campa\u00f1a, advirti\u00f3 sobre esta situaci\u00f3n y adelant\u00f3 que le gustar\u00eda que estos medios p\u00fablicos dejen de tener ese car\u00e1cter ya que, por ejemplo, &#8220;no mostraron su postura&#8221; de cara al balotaje y s\u00f3lo lo hicieron con los planes de Sergio Massa para criticar las intenciones que ten\u00eda el liberal.<\/p>\n\n\n\n<p>&#8220;Consideramos que la&nbsp;TV P\u00fablica&nbsp;se ha convertido en un mecanismo de propaganda. En la campa\u00f1a, el 75% del tiempo se habl\u00f3 de nuestro espacio de forma muy negativa, abonando una campa\u00f1a sucia y campa\u00f1a del miedo&#8221;, hab\u00eda indicado Milei en su momento al anunciar que buscar\u00eda la privatizaci\u00f3n de estos medios.<\/p>\n\n\n\n<p>Esta idea fue ratificada durante la Asamblea Legislativa del viernes y se efectiviz\u00f3 este lunes.\u00a0<\/p>\n\n\n\n<p>FUENTES: MDZonline.<\/p>\n","protected":false},"excerpt":{"rendered":"<p>Los empleados recibieron un mail con su firma que los dispensa de cumplir con sus tareas durante los pr\u00f3ximos siete d\u00edas. Este lunes el edificio amaneci\u00f3 vallado. A principios de febrero, mediante un decreto que lleva la firma del presidente\u00a0Javier Milei,\u00a0el Gobierno determin\u00f3 una\u00a0intervenci\u00f3n en los medios p\u00fablicos\u00a0y en las empresas del Estado que los [&hellip;]<\/p>\n","protected":false},"author":2,"featured_media":5812,"comment_status":"open","ping_status":"open","sticky":true,"template":"","format":"standard","meta":[],"categories":[47],"tags":[],"_links":{"self":[{"href":"https:\/\/pasaenmendoza.com\/index.php?rest_route=\/wp\/v2\/posts\/5811"}],"collection":[{"href":"https:\/\/pasaenmendoza.com\/index.php?rest_route=\/wp\/v2\/posts"}],"about":[{"href":"https:\/\/pasaenmendoza.com\/index.php?rest_route=\/wp\/v2\/types\/post"}],"author":[{"embeddable":true,"href":"https:\/\/pasaenmendoza.com\/index.php?rest_route=\/wp\/v2\/users\/2"}],"replies":[{"embeddable":true,"href":"https:\/\/pasaenmendoza.com\/index.php?rest_route=%2Fwp%2Fv2%2Fcomments&post=5811"}],"version-history":[{"count":1,"href":"https:\/\/pasaenmendoza.com\/index.php?rest_route=\/wp\/v2\/posts\/5811\/revisions"}],"predecessor-version":[{"id":5813,"href":"https:\/\/pasaenmendoza.com\/index.php?rest_route=\/wp\/v2\/posts\/5811\/revisions\/5813"}],"wp:featuredmedia":[{"embeddable":true,"href":"https:\/\/pasaenmendoza.com\/index.php?rest_route=\/wp\/v2\/media\/5812"}],"wp:attachment":[{"href":"https:\/\/pasaenmendoza.com\/index.php?rest_route=%2Fwp%2Fv2%2Fmedia&parent=5811"}],"wp:term":[{"taxonomy":"category","embeddable":true,"href":"https:\/\/pasaenmendoza.com\/index.php?rest_route=%2Fwp%2Fv2%2Fcategories&post=5811"},{"taxonomy":"post_tag","embeddable":true,"href":"https:\/\/pasaenmendoza.com\/index.php?rest_route=%2Fwp%2Fv2%2Ftags&post=5811"}],"curies":[{"name":"wp","href":"https:\/\/api.w.org\/{rel}","templated":true}]}}