{"id":5820,"date":"2024-03-04T13:20:51","date_gmt":"2024-03-04T12:20:51","guid":{"rendered":"https:\/\/pasaenmendoza.com\/?p=5820"},"modified":"2024-03-04T13:20:53","modified_gmt":"2024-03-04T12:20:53","slug":"para-cobos-al-pacto-de-milei-le-falta-la-educacion-para-derrotar-la-pobreza","status":"publish","type":"post","link":"https:\/\/pasaenmendoza.com\/?p=5820","title":{"rendered":"Para Cobos, al pacto de Milei le falta la Educaci\u00f3n para derrotar la pobreza"},"content":{"rendered":"\n<p>El diputado nacional por Mendoza\u00a0<strong>Julio Cobos<\/strong>\u00a0en di\u00e1logo con &#8220;<strong>Jornada de 6 a 7<\/strong>&#8221; que conduce Jorge Fern\u00e1ndez Rojas por Radio Jornada FM 91.9 se refiri\u00f3 al discurso del presidente\u00a0Javier Milei\u00a0en la apertura de sesiones ordinarias en el Congreso el viernes pasado donde\u00a0plante\u00f3 10 puntos de acuerdo\u00a0para firmar con los gobernadores y referentes pol\u00edticos para reformar el pa\u00eds y salir de la crisis.<\/p>\n\n\n\n<p>El legislador se\u00f1al\u00f3 que al temario planteado por mandatario le falta una cuesti\u00f3n que para \u00e9l es fundamental: la educaci\u00f3n; y que no aparece en el dec\u00e1logo. &#8220;Hay otros que no est\u00e1n, veo mucho econom\u00eda pero muy pocos temas sociales como puede ser la educaci\u00f3n, la salud. Es un problema complicado sobre todo la educaci\u00f3n&#8221;, indic\u00f3.<\/p>\n\n\n\n<p>\u00a0&#8220;Siempre he sostenido que si queremos combatir la pobreza, hay que generar trabajo, pero si queremos derrotarla hay que llenar la educaci\u00f3n para que haya m\u00e1s oportunidades inclusive laborales y de mejor calidad. Entonces me parece que esto es uno de los temas centrales, la esencialidad de la educaci\u00f3n&#8221;, defendi\u00f3 Cobos.<\/p>\n\n\n\n<p>Di\u00e1logo<\/p>\n\n\n\n<p>El diputado destac\u00f3 el llamado al di\u00e1logo que hizo el presidente en su discurso: &#8220;Yo siempre dije que el presidente ten\u00eda dos caminos, el de la confrontaci\u00f3n, como se ven\u00eda llevando hasta ahora, o el de grandes acuerdos. Yo me inclinaba por esto porque siempre hemos dicho que los problemas estructurales del pa\u00eds lo tienen que resolver con consenso&#8221;.<\/p>\n\n\n\n<p>Y aclar\u00f3 que &#8220;son las llamadas pol\u00edticas de Estado que habr\u00eda que buscar un pu\u00f1ado de pol\u00edticas para ver si podemos entre toda la dirigencia pol\u00edtica, social, empresarial y sindical para arribar a contenidos profundos que nos permitan salir del letargo que tenemos en nuestro pa\u00eds&#8221;.<\/p>\n\n\n\n<p>Indic\u00f3 adem\u00e1s que el presidente en su mensaje &#8220;intent\u00f3 poner una serie de condiciones como paso previo&#8221; por lo que manifest\u00f3 que&nbsp;van a a ver &#8220;c\u00f3mo se desarrolla este encuentro, qu\u00e9 condiciones quiere darle a un alivio fiscal&#8221;.&nbsp;<\/p>\n\n\n\n<p>Finalmente aclar\u00f3 que otras veces se ha compensado a las provincias cuando se ha modificado el impuesto a la Ganancia,\u00a0 por ejemplo. &#8220;Ha ca\u00eddo la recaudaci\u00f3n, la actividad econ\u00f3mica se han limitado a ciertos ingresos. Entonces, la situaci\u00f3n de la provincia es cada vez m\u00e1s complicada y el tema de la Ley Base es algo que no sabemos en qu\u00e9 qued\u00f3 en definitiva porque de los 600 art\u00edculos quedaron 550 y despu\u00e9s quedaron 380, sin saber cu\u00e1l es el contenido definitivo&#8221;.<\/p>\n\n\n\n<p>FUENTE: Mendozapost.<\/p>\n","protected":false},"excerpt":{"rendered":"<p>El diputado nacional por Mendoza\u00a0Julio Cobos\u00a0en di\u00e1logo con &#8220;Jornada de 6 a 7&#8221; que conduce Jorge Fern\u00e1ndez Rojas por Radio Jornada FM 91.9 se refiri\u00f3 al discurso del presidente\u00a0Javier Milei\u00a0en la apertura de sesiones ordinarias en el Congreso el viernes pasado donde\u00a0plante\u00f3 10 puntos de acuerdo\u00a0para firmar con los gobernadores y referentes pol\u00edticos para reformar [&hellip;]<\/p>\n","protected":false},"author":2,"featured_media":5821,"comment_status":"open","ping_status":"open","sticky":true,"template":"","format":"standard","meta":[],"categories":[47],"tags":[],"_links":{"self":[{"href":"https:\/\/pasaenmendoza.com\/index.php?rest_route=\/wp\/v2\/posts\/5820"}],"collection":[{"href":"https:\/\/pasaenmendoza.com\/index.php?rest_route=\/wp\/v2\/posts"}],"about":[{"href":"https:\/\/pasaenmendoza.com\/index.php?rest_route=\/wp\/v2\/types\/post"}],"author":[{"embeddable":true,"href":"https:\/\/pasaenmendoza.com\/index.php?rest_route=\/wp\/v2\/users\/2"}],"replies":[{"embeddable":true,"href":"https:\/\/pasaenmendoza.com\/index.php?rest_route=%2Fwp%2Fv2%2Fcomments&post=5820"}],"version-history":[{"count":1,"href":"https:\/\/pasaenmendoza.com\/index.php?rest_route=\/wp\/v2\/posts\/5820\/revisions"}],"predecessor-version":[{"id":5822,"href":"https:\/\/pasaenmendoza.com\/index.php?rest_route=\/wp\/v2\/posts\/5820\/revisions\/5822"}],"wp:featuredmedia":[{"embeddable":true,"href":"https:\/\/pasaenmendoza.com\/index.php?rest_route=\/wp\/v2\/media\/5821"}],"wp:attachment":[{"href":"https:\/\/pasaenmendoza.com\/index.php?rest_route=%2Fwp%2Fv2%2Fmedia&parent=5820"}],"wp:term":[{"taxonomy":"category","embeddable":true,"href":"https:\/\/pasaenmendoza.com\/index.php?rest_route=%2Fwp%2Fv2%2Fcategories&post=5820"},{"taxonomy":"post_tag","embeddable":true,"href":"https:\/\/pasaenmendoza.com\/index.php?rest_route=%2Fwp%2Fv2%2Ftags&post=5820"}],"curies":[{"name":"wp","href":"https:\/\/api.w.org\/{rel}","templated":true}]}}