{"id":5826,"date":"2024-03-04T17:43:52","date_gmt":"2024-03-04T16:43:52","guid":{"rendered":"https:\/\/pasaenmendoza.com\/?p=5826"},"modified":"2024-03-04T17:43:54","modified_gmt":"2024-03-04T16:43:54","slug":"choco-contra-una-garita-de-la-feria-de-guaymallen-e-hirio-a-un-policia","status":"publish","type":"post","link":"https:\/\/pasaenmendoza.com\/?p=5826","title":{"rendered":"Choc\u00f3 contra una garita de la Feria de Guaymall\u00e9n e hiri\u00f3 a un polic\u00eda"},"content":{"rendered":"\n<p>Un joven de 18 a\u00f1os que circulaba en una camioneta&nbsp;<strong>Toyota Hilux&nbsp;<\/strong>impact\u00f3 contra una garita de seguridad de la Cooperativa del Acceso Este de Guaymall\u00e9n y el efectivo policial que se encontraba dentro sufri\u00f3 una fractura de cadera.<\/p>\n\n\n\n<p>El hecho ocurri\u00f3 este lunes en el ingreso a la Feria cuando el conductor de la camioneta colision\u00f3 de lleno contra una de las garitas donde se encontraba trabajando un efectivo policial de 42 a\u00f1os, en calidad de servicio extraordinario.<\/p>\n\n\n\n<p>El hombre debi\u00f3 ser trasladado a la Cl\u00ednica Francesa, donde constataron que sufri\u00f3 un politraumatismo moderado a grave y se fractur\u00f3 la cadera.<\/p>\n\n\n\n<p>El conductor de la camioneta fue trasladado a la Comisar\u00eda y se dispuso el secuestro del rodado.<\/p>\n\n\n\n<p><strong>Fuente: www.elsol.com.ar<\/strong><\/p>\n","protected":false},"excerpt":{"rendered":"<p>Un joven de 18 a\u00f1os que circulaba en una camioneta&nbsp;Toyota Hilux&nbsp;impact\u00f3 contra una garita de seguridad de la Cooperativa del Acceso Este de Guaymall\u00e9n y el efectivo policial que se encontraba dentro sufri\u00f3 una fractura de cadera. El hecho ocurri\u00f3 este lunes en el ingreso a la Feria cuando el conductor de la camioneta colision\u00f3 [&hellip;]<\/p>\n","protected":false},"author":2,"featured_media":5827,"comment_status":"open","ping_status":"open","sticky":false,"template":"","format":"standard","meta":[],"categories":[48],"tags":[],"_links":{"self":[{"href":"https:\/\/pasaenmendoza.com\/index.php?rest_route=\/wp\/v2\/posts\/5826"}],"collection":[{"href":"https:\/\/pasaenmendoza.com\/index.php?rest_route=\/wp\/v2\/posts"}],"about":[{"href":"https:\/\/pasaenmendoza.com\/index.php?rest_route=\/wp\/v2\/types\/post"}],"author":[{"embeddable":true,"href":"https:\/\/pasaenmendoza.com\/index.php?rest_route=\/wp\/v2\/users\/2"}],"replies":[{"embeddable":true,"href":"https:\/\/pasaenmendoza.com\/index.php?rest_route=%2Fwp%2Fv2%2Fcomments&post=5826"}],"version-history":[{"count":1,"href":"https:\/\/pasaenmendoza.com\/index.php?rest_route=\/wp\/v2\/posts\/5826\/revisions"}],"predecessor-version":[{"id":5828,"href":"https:\/\/pasaenmendoza.com\/index.php?rest_route=\/wp\/v2\/posts\/5826\/revisions\/5828"}],"wp:featuredmedia":[{"embeddable":true,"href":"https:\/\/pasaenmendoza.com\/index.php?rest_route=\/wp\/v2\/media\/5827"}],"wp:attachment":[{"href":"https:\/\/pasaenmendoza.com\/index.php?rest_route=%2Fwp%2Fv2%2Fmedia&parent=5826"}],"wp:term":[{"taxonomy":"category","embeddable":true,"href":"https:\/\/pasaenmendoza.com\/index.php?rest_route=%2Fwp%2Fv2%2Fcategories&post=5826"},{"taxonomy":"post_tag","embeddable":true,"href":"https:\/\/pasaenmendoza.com\/index.php?rest_route=%2Fwp%2Fv2%2Ftags&post=5826"}],"curies":[{"name":"wp","href":"https:\/\/api.w.org\/{rel}","templated":true}]}}