{"id":5829,"date":"2024-03-04T18:11:53","date_gmt":"2024-03-04T17:11:53","guid":{"rendered":"https:\/\/pasaenmendoza.com\/?p=5829"},"modified":"2024-03-04T18:11:56","modified_gmt":"2024-03-04T17:11:56","slug":"allanaron-a-un-preso-acusado-de-violencia-de-genero-por-amenazar-y-escrachar-a-una-fiscal","status":"publish","type":"post","link":"https:\/\/pasaenmendoza.com\/?p=5829","title":{"rendered":"Allanaron a un preso acusado de violencia de g\u00e9nero por amenazar y escrachar a una fiscal"},"content":{"rendered":"\n<p>A comienzos del a\u00f1o pasado, una cuenta de&nbsp;<strong>Facebook<\/strong>&nbsp;puso en marcha una campa\u00f1a de desprestigio, fuertes escraches y hasta amenazas contra la actual fiscal en jefe de la Unidad Fiscal de&nbsp;<strong>Delitos Contra la Integridad Sexual<\/strong>,&nbsp;<strong>Daniela Chaler<\/strong>. Por aquellos d\u00edas, estaba al frente de&nbsp;<strong>Violencia de G\u00e9nero<\/strong>&nbsp;y<mark>&nbsp;el caso gener\u00f3 preocupaci\u00f3n en la Procuraci\u00f3n.<\/mark><\/p>\n\n\n\n<p>Desde el perfil se publicaron fotograf\u00edas familiares, datos personales y hasta las redes sociales de la representante del<strong>\u00a0Ministerio P\u00fablico<\/strong>. Incluso, el usuario lleg\u00f3 a incentivar a sus seguidores a cometer\u00a0<em>\u201calguna maldad\u201d<\/em>\u00a0contra la funcionaria. Las publicaciones se extendieron durante varios meses y motivaron una investigaci\u00f3n penal en la que tom\u00f3 intervenci\u00f3n la entonces\u00a0<strong>fiscal Correccional Gabriela Garc\u00eda Cobos\u00a0<\/strong>(pas\u00f3 hace poco a\u00a0<strong>Delitos Econ\u00f3micos<\/strong>).<\/p>\n\n\n\n<p>Gracias a un an\u00e1lisis de l\u00edneas telef\u00f3nicas a trav\u00e9s de las cuales se cometieron algunas de las maniobras intimidatorias contra la fiscal, se logr\u00f3 identificar al presunto autor como el venezolano&nbsp;<strong>Ernesto Luis Mill\u00e1n Garc\u00eda<\/strong>.<\/p>\n\n\n\n<p>Se trata de un&nbsp;<strong>extranjero que se encuentra en prisi\u00f3n imputado en causas de violencia de g\u00e9nero<\/strong>, en las que fue denunciado en 2021 por su ex pareja. Justamente, en esos procesos tuvo intervenci\u00f3n Chaler, cuando estaba al frente de la&nbsp;<strong>Unidad Fiscal de Violencia de G\u00e9nero<\/strong>.<\/p>\n\n\n\n<p>Pero eso no es todo,\u00a0<strong>ya que tiene causa por abuso sexual<\/strong>, detallaron fuentes judiciales, y los expedientes fueron recientemente elevados a juicio y uno de los jueces que formar\u00e1 el\u00a0<strong>Tribunal Penal Colegiado\u00a0<\/strong>a cargo del debate es\u00a0<strong>Luis Correa Llanos<\/strong>, esposo de fiscal que fue blanco de las amenazas.<mark>\u00a0De todas formas, es m\u00e1s que probable que sea recusado o se inhiba y no participe del proceso.<\/mark><\/p>\n\n\n\n<p>Lo cierto es que, a ra\u00edz de las pruebas recolectadas, hace pocos d\u00edas, el viernes, personal policial de la<strong>&nbsp;Divisi\u00f3n Delitos Econ\u00f3micos,<\/strong>&nbsp;dependiente de&nbsp;<strong>Investigaciones,<\/strong>&nbsp;desarroll\u00f3 un allanamiento en la celda de&nbsp;<strong>Mill\u00e1n Garc\u00eda&nbsp;<\/strong>en el&nbsp;<strong>Complejo Penitenciario San Felipe<\/strong>.<\/p>\n\n\n\n<p>Los elementos hallados en el procedimiento ser\u00e1n peritados y Garc\u00eda Cobos aguarda por el resultado de esos an\u00e1lisis para definir la situaci\u00f3n procesal de Mill\u00e1n Garc\u00eda. Fuentes judiciales y policiales se\u00f1alaron que\u00a0<em>\u201csu situaci\u00f3n es complicada\u201d\u00a0<\/em>y que podr\u00eda ser imputado en las pr\u00f3ximas horas.<\/p>\n\n\n\n<p><strong>Los posteos<\/strong><\/p>\n\n\n\n<p>De acuerdo con la investigaci\u00f3n,\u00a0<mark>las publicaciones contra Chaler aparecieron la citada red social en febrero del a\u00f1o pasado<\/mark>, en las que el acusado comparti\u00f3 la cuenta de Instagram de Chaler y tambi\u00e9n sus datos personales, tales como nombre completo y CUIT. Uno de esos posteos estuvo acompa\u00f1ado por la frase:\u00a0<em>\u201cPor si tienen ganas de activar alg\u00fan chip o hacer alguna maldad\u201d.<\/em><\/p>\n\n\n\n<p>Pero el sospechoso no s\u00f3lo compart\u00eda esa informaci\u00f3n o hac\u00eda escraches en su perfil, sino que tambi\u00e9n sol\u00eda comentar publicaciones de diarios digitales.\u00a0<em>\u201cHasta ac\u00e1 llegaste Chaler, la gente te quiere afuera y m\u00e1s vale que empieces a arreglar todas las cagadas que te has mandado y dejes de mandarte cagadas porque vamos a publicar toda la info de tus hermanos e hijos\u201d<\/em>, sosten\u00eda el usuario en un extenso cometario.<\/p>\n\n\n\n<p>De acuerdo con la instrucci\u00f3n,<mark>&nbsp;estas publicaciones estaban directamente relacionadas con un grupo de internos que aseguraban que se encontraban detenidos&nbsp;<em>\u201cinjustamente y sin pruebas\u201d<\/em>&nbsp;por delitos de violencia de g\u00e9nero<\/mark>.<\/p>\n\n\n\n<p>Iniciaron huelgas de hambre porque, sosten\u00edan, no se incorporaban evidencias suficientes para solicitar una prisi\u00f3n preventiva. Sin embargo, a la hora de las audiencias por la medida cautelar,\u00a0<strong>las causas avanzaban porque los jueces entend\u00edan que para esa etapa del proceso correspond\u00eda que los sospechosos continuaran tras las rejas.<\/strong><\/p>\n\n\n\n<p>Debido a los reclamos que intentaban instalar en la agenda diaria, desde el Ministerio P\u00fablico salieron a aclarar la situaci\u00f3n de los detenidos por maltratos a mujeres con estad\u00edsticas. Desde la Procuraci\u00f3n detallaron que, s\u00f3lo en el 2022, del total de trasladados a la penitenciar\u00eda por estos delitos,&nbsp;<strong>el 59 por ciento eran considerados&nbsp;<\/strong><em>\u201creincidentes\u201d<\/em>, es decir, que ya presentaban denuncias o condenas por hechos de violencia de g\u00e9nero.<\/p>\n\n\n\n<p>B\u00e1sicamente, el Ministerio P\u00fablico Fiscal emiti\u00f3 un comunicado explicando que el citado a\u00f1o ingresaron<strong>\u00a08.783 causas por violencia de g\u00e9nero<\/strong>. Los fiscales que integran esa Unidad Fiscal\u00a0<mark>resolvieron que 667 varones deb\u00edan estar privados de la libertad, lo que representaba el 7,59 por ciento de la masa de denunciados. Con estas cifras, el 59 por ciento ya hab\u00eda cometido este tipo de delitos.<\/mark><\/p>\n\n\n\n<p>El informe del MPF agreg\u00f3 que<em>&nbsp;\u201cla detenci\u00f3n del imputado se sustenta en informes t\u00e9cnicos de contenido cient\u00edfico que realizan profesionales de la salud mental (psicolog\u00eda y psiquiatr\u00eda) del E.P.I. (Equipo de Profesionales Interdisciplinario). Dichos informes se elaboran en base a est\u00e1ndares de evaluaci\u00f3n internacionales, arrojando el riesgo que corre la v\u00edctima de sufrir nuevamente hechos de violencia. Sin perjuicio de las pruebas obrantes en el expediente (declaraciones testimoniales, procedimiento policial, informe de lesiones del Cuerpo M\u00e9dico Forense) si del informe del EPI surge que el riesgo es alto o moderado el imputado podr\u00e1 ser detenido a fin de garantizar la integridad f\u00edsica de la mujer\u201d.<\/em><\/p>\n\n\n\n<p>Y finaliz\u00f3:<em>\u00a0\u201cEn ning\u00fan caso transcurren m\u00e1s de 10 d\u00edas desde la detenci\u00f3n hasta la realizaci\u00f3n de la audiencia de prisi\u00f3n preventiva ante el juez Penal Colegiado que es quien ratifica o no la detenci\u00f3n. Ello, en concordancia con lo establecido por el CPP (C\u00f3digo Procesal Penal de Mendoza). En esa audiencia de prisi\u00f3n preventiva, es un juez quien debe evaluar las pruebas reunidas por el fiscal y de acuerdo con el est\u00e1ndar probatorio reunido es ese mismo juez el que dispone o no la prisi\u00f3n preventiva del imputado, no siendo decisi\u00f3n del fiscal el mantenimiento de la detenci\u00f3n. Se hace saber que tanto las\/los fiscales y jueces de la Provincia se basan en normas y convenciones internacionales para sus investigaciones y decisiones procesales a las cuales nuestro pa\u00eds ha adherido en nuestra Carta Magna\u201d.<\/em><\/p>\n\n\n\n<p><strong>Fuente: www.elsol.com.ar<\/strong><\/p>\n","protected":false},"excerpt":{"rendered":"<p>A comienzos del a\u00f1o pasado, una cuenta de&nbsp;Facebook&nbsp;puso en marcha una campa\u00f1a de desprestigio, fuertes escraches y hasta amenazas contra la actual fiscal en jefe de la Unidad Fiscal de&nbsp;Delitos Contra la Integridad Sexual,&nbsp;Daniela Chaler. Por aquellos d\u00edas, estaba al frente de&nbsp;Violencia de G\u00e9nero&nbsp;y&nbsp;el caso gener\u00f3 preocupaci\u00f3n en la Procuraci\u00f3n. Desde el perfil se publicaron [&hellip;]<\/p>\n","protected":false},"author":2,"featured_media":5830,"comment_status":"open","ping_status":"open","sticky":false,"template":"","format":"standard","meta":[],"categories":[48],"tags":[],"_links":{"self":[{"href":"https:\/\/pasaenmendoza.com\/index.php?rest_route=\/wp\/v2\/posts\/5829"}],"collection":[{"href":"https:\/\/pasaenmendoza.com\/index.php?rest_route=\/wp\/v2\/posts"}],"about":[{"href":"https:\/\/pasaenmendoza.com\/index.php?rest_route=\/wp\/v2\/types\/post"}],"author":[{"embeddable":true,"href":"https:\/\/pasaenmendoza.com\/index.php?rest_route=\/wp\/v2\/users\/2"}],"replies":[{"embeddable":true,"href":"https:\/\/pasaenmendoza.com\/index.php?rest_route=%2Fwp%2Fv2%2Fcomments&post=5829"}],"version-history":[{"count":1,"href":"https:\/\/pasaenmendoza.com\/index.php?rest_route=\/wp\/v2\/posts\/5829\/revisions"}],"predecessor-version":[{"id":5831,"href":"https:\/\/pasaenmendoza.com\/index.php?rest_route=\/wp\/v2\/posts\/5829\/revisions\/5831"}],"wp:featuredmedia":[{"embeddable":true,"href":"https:\/\/pasaenmendoza.com\/index.php?rest_route=\/wp\/v2\/media\/5830"}],"wp:attachment":[{"href":"https:\/\/pasaenmendoza.com\/index.php?rest_route=%2Fwp%2Fv2%2Fmedia&parent=5829"}],"wp:term":[{"taxonomy":"category","embeddable":true,"href":"https:\/\/pasaenmendoza.com\/index.php?rest_route=%2Fwp%2Fv2%2Fcategories&post=5829"},{"taxonomy":"post_tag","embeddable":true,"href":"https:\/\/pasaenmendoza.com\/index.php?rest_route=%2Fwp%2Fv2%2Ftags&post=5829"}],"curies":[{"name":"wp","href":"https:\/\/api.w.org\/{rel}","templated":true}]}}