{"id":5838,"date":"2024-03-04T20:36:49","date_gmt":"2024-03-04T19:36:49","guid":{"rendered":"https:\/\/pasaenmendoza.com\/?p=5838"},"modified":"2024-03-04T20:36:51","modified_gmt":"2024-03-04T19:36:51","slug":"el-nuevo-esquema-de-subsidios-a-las-tarifas-de-luz-excluye-a-comercios-industrias-y-pymes","status":"publish","type":"post","link":"https:\/\/pasaenmendoza.com\/?p=5838","title":{"rendered":"El nuevo esquema de subsidios a las tarifas de luz excluye a comercios, industrias y pymes"},"content":{"rendered":"\n<p><strong>El Gobierno inform\u00f3 que\u00a0dejar\u00e1 de subsidiar\u00a0las tarifas de luz a comercios, industrias y pymes<\/strong>, limitando la asistencia estatal solamente a los sectores vulnerables, en el marco de la\u00a0<strong>exposici\u00f3n en la \u00faltima audiencia p\u00fablica<\/strong>\u00a0de los funcionarios del Ministerio de Econom\u00eda y de la Secretar\u00eda de Energ\u00eda.<\/p>\n\n\n\n<p>En la convocatoria del \u00e1rea comandada por Eduardo Rodr\u00edguez Chirillo realizada el pasado jueves 29 de febrero, el funcionario Salvador Gil explic\u00f3 que &#8220;el nuevo esquema no contiene\u00a0<strong>ning\u00fan tipo de subsidio a las actividades productivas<\/strong>&#8221; ya que &#8220;no ser\u00eda compatible subsidiar a la energ\u00eda y tener precios liberados&#8221;. Con esta decisi\u00f3n, se estima que las empresas afectadas ser\u00e1n al menos 100 mil.<\/p>\n\n\n\n<p>Con respecto al funcionamiento de la Canasta B\u00e1sica Energ\u00e9tica (CBE), precis\u00f3 que\u00a0<strong>&#8220;s\u00f3lo se van a subsidiar necesidades humanas b\u00e1sicas y cuando sea necesario&#8221;<\/strong>. En ese sentido, el nuevo esquema subsidiar\u00e1 directamente a la demanda, a trav\u00e9s de una transferencia directa al banco, o un descuento en la factura.<\/p>\n\n\n\n<p>En la misma l\u00ednea, Mart\u00edn Vauthier, asesor en Econom\u00eda, afirm\u00f3 que &#8220;en un contexto de recursos escasos, se eliminan subsidios a la demanda no residencial, por ejemplo, en procesos productivos, dado que en dicho caso no es posible asegurar que los beneficiarios reales sean los sectores de menores ingresos&#8221;.<\/p>\n\n\n\n<h2 class=\"wp-block-heading\">El impacto de los aumentos en comercios y pymes<\/h2>\n\n\n\n<p>Un informe del Instituto Interdisciplinario de Econom\u00eda Pol\u00edtica (IIEP) de la Universidad de Buenos Aires y el CONICET reflej\u00f3 que los \u00faltimos incrementos de tarifas afectaron mayormente a los comercios y a las pymes. Por lo que&nbsp;<strong>la eliminaci\u00f3n definitiva de los subsidios producir\u00e1 otro fuerte impacto en el sector.<\/strong><\/p>\n\n\n\n<p>Los comercios peque\u00f1os con una potencia de 10 KW y un consumo de 1.200 kwh\/mes, recibieron facturas con un aumento del 276% en el precio mayorista de la energ\u00eda, frente al precio de enero, del cual s\u00f3lo abonaban un 18%. En el AMBA, pasaron de pagar $64.775 hasta el primer mes del a\u00f1o a $266.213 en febrero, con impuestos.<\/p>\n\n\n\n<p>En cuanto a los peque\u00f1os usuarios industriales, con una potencia contratada de 35 KW y un consumo mensual de 6.500 Kwh\/mes, el alza en el precio de la energ\u00eda alcanz\u00f3 el 178%, frente al valor de enero, del cual s\u00f3lo pagaban el 31%. En este caso, pasaron de abonar una factura de $274.875 a $1.060.187 en febrero.<\/p>\n\n\n\n<p>En busca de atenuar el impacto a partir de un mejor manejo del consumo, el Gobierno anticip\u00f3 que lanzar\u00e1 un programa de eficiencia energ\u00e9tica, con financiamiento del Banco Mundial, para dar cr\u00e9ditos a comercios y pymes, con el objetivo de que puedan reconvertir sus equipamientos el\u00e9ctricos, y as\u00ed lograr mayor eficiencia y ahorro.<\/p>\n\n\n\n<p><strong>Fuente: www.diariouno.com.ar<\/strong><\/p>\n","protected":false},"excerpt":{"rendered":"<p>El Gobierno inform\u00f3 que\u00a0dejar\u00e1 de subsidiar\u00a0las tarifas de luz a comercios, industrias y pymes, limitando la asistencia estatal solamente a los sectores vulnerables, en el marco de la\u00a0exposici\u00f3n en la \u00faltima audiencia p\u00fablica\u00a0de los funcionarios del Ministerio de Econom\u00eda y de la Secretar\u00eda de Energ\u00eda. En la convocatoria del \u00e1rea comandada por Eduardo Rodr\u00edguez Chirillo [&hellip;]<\/p>\n","protected":false},"author":2,"featured_media":5839,"comment_status":"open","ping_status":"open","sticky":false,"template":"","format":"standard","meta":[],"categories":[75],"tags":[],"_links":{"self":[{"href":"https:\/\/pasaenmendoza.com\/index.php?rest_route=\/wp\/v2\/posts\/5838"}],"collection":[{"href":"https:\/\/pasaenmendoza.com\/index.php?rest_route=\/wp\/v2\/posts"}],"about":[{"href":"https:\/\/pasaenmendoza.com\/index.php?rest_route=\/wp\/v2\/types\/post"}],"author":[{"embeddable":true,"href":"https:\/\/pasaenmendoza.com\/index.php?rest_route=\/wp\/v2\/users\/2"}],"replies":[{"embeddable":true,"href":"https:\/\/pasaenmendoza.com\/index.php?rest_route=%2Fwp%2Fv2%2Fcomments&post=5838"}],"version-history":[{"count":1,"href":"https:\/\/pasaenmendoza.com\/index.php?rest_route=\/wp\/v2\/posts\/5838\/revisions"}],"predecessor-version":[{"id":5840,"href":"https:\/\/pasaenmendoza.com\/index.php?rest_route=\/wp\/v2\/posts\/5838\/revisions\/5840"}],"wp:featuredmedia":[{"embeddable":true,"href":"https:\/\/pasaenmendoza.com\/index.php?rest_route=\/wp\/v2\/media\/5839"}],"wp:attachment":[{"href":"https:\/\/pasaenmendoza.com\/index.php?rest_route=%2Fwp%2Fv2%2Fmedia&parent=5838"}],"wp:term":[{"taxonomy":"category","embeddable":true,"href":"https:\/\/pasaenmendoza.com\/index.php?rest_route=%2Fwp%2Fv2%2Fcategories&post=5838"},{"taxonomy":"post_tag","embeddable":true,"href":"https:\/\/pasaenmendoza.com\/index.php?rest_route=%2Fwp%2Fv2%2Ftags&post=5838"}],"curies":[{"name":"wp","href":"https:\/\/api.w.org\/{rel}","templated":true}]}}