{"id":584,"date":"2023-08-10T12:20:17","date_gmt":"2023-08-10T10:20:17","guid":{"rendered":"https:\/\/pasaenmendoza.com\/?p=584"},"modified":"2023-08-10T12:20:18","modified_gmt":"2023-08-10T10:20:18","slug":"suspenden-las-clases-en-varias-zonas-por-el-viento-zonda","status":"publish","type":"post","link":"https:\/\/pasaenmendoza.com\/?p=584","title":{"rendered":"Suspenden las clases en varias zonas por el viento Zonda"},"content":{"rendered":"\n<p>La suspensi\u00f3n en Malarg\u00fce, San Rafael, Uspallata, Potrerillos, San Carlos, Tunuy\u00e1n y Tupungato, se debe al viento Zonda. En el resto de la provincia el servicio educativo se brinda con total normalidad.<\/p>\n\n\n\n<p>Desde la\u00a0<strong>Direcci\u00f3n General de Escuelas\u00a0<\/strong>(DGE) informaron que este jueves se tom\u00f3 la decisi\u00f3n de suspender las\u00a0<strong>clases\u00a0<\/strong>durante el turno ma\u00f1ana en las escuelas de todos los niveles y modalidades de las\u00a0localidades de Malarg\u00fce, San Rafael, Uspallata, Potrerillos, San Carlos, Tunuy\u00e1n y Tupungato. Esto se debe a las alertas de\u00a0<strong>viento Zonda<\/strong>\u00a0que rigen sobre Mendoza.\u00a0<\/p>\n\n\n\n<p>La cartera tambi\u00e9n indic\u00f3 que en el resto de la provincia, las\u00a0<strong>clases\u00a0<\/strong>se desarrollar\u00e1n con total normalidad.<\/p>\n\n\n\n<p>La&nbsp;<strong>DGE&nbsp;<\/strong>adem\u00e1s sum\u00f3 que las actividades escolares en las zonas afectadas deber\u00e1n desarrollarse de manera virtual a trav\u00e9s de la plataforma educativa Escuela Digital Mendoza.<\/p>\n\n\n\n<p>En tanto, las escuelas de jornada completa deber\u00e1n finalizar las actividades en el horario habitual.<\/p>\n\n\n\n<p>Las escuelas albergue deber\u00e1n cumplir con su calendario habitual de presencialidad. En el caso de que el horario de desalbergada coincida con la ocurrencia del fen\u00f3meno meteorol\u00f3gico se deber\u00e1 evaluar el riesgo que implica hacerlo, y, en caso de que sea necesario, retrasar la actividad.<\/p>\n\n\n\n<p>En el caso de las&nbsp;<strong>clases&nbsp;<\/strong>de educaci\u00f3n f\u00edsica, las escuelas deber\u00e1n reprogramarlas.<\/p>\n\n\n\n<p>En el transcurso de la ma\u00f1ana se conocer\u00e1n las novedades respecto al turno tarde.<\/p>\n\n\n\n<p><strong><em>FUENTE: <\/em><\/strong>MDZ Online<\/p>\n","protected":false},"excerpt":{"rendered":"<p>La suspensi\u00f3n en Malarg\u00fce, San Rafael, Uspallata, Potrerillos, San Carlos, Tunuy\u00e1n y Tupungato, se debe al viento Zonda. En el resto de la provincia el servicio educativo se brinda con total normalidad. Desde la\u00a0Direcci\u00f3n General de Escuelas\u00a0(DGE) informaron que este jueves se tom\u00f3 la decisi\u00f3n de suspender las\u00a0clases\u00a0durante el turno ma\u00f1ana en las escuelas de [&hellip;]<\/p>\n","protected":false},"author":2,"featured_media":585,"comment_status":"open","ping_status":"open","sticky":true,"template":"","format":"standard","meta":[],"categories":[46],"tags":[],"_links":{"self":[{"href":"https:\/\/pasaenmendoza.com\/index.php?rest_route=\/wp\/v2\/posts\/584"}],"collection":[{"href":"https:\/\/pasaenmendoza.com\/index.php?rest_route=\/wp\/v2\/posts"}],"about":[{"href":"https:\/\/pasaenmendoza.com\/index.php?rest_route=\/wp\/v2\/types\/post"}],"author":[{"embeddable":true,"href":"https:\/\/pasaenmendoza.com\/index.php?rest_route=\/wp\/v2\/users\/2"}],"replies":[{"embeddable":true,"href":"https:\/\/pasaenmendoza.com\/index.php?rest_route=%2Fwp%2Fv2%2Fcomments&post=584"}],"version-history":[{"count":1,"href":"https:\/\/pasaenmendoza.com\/index.php?rest_route=\/wp\/v2\/posts\/584\/revisions"}],"predecessor-version":[{"id":586,"href":"https:\/\/pasaenmendoza.com\/index.php?rest_route=\/wp\/v2\/posts\/584\/revisions\/586"}],"wp:featuredmedia":[{"embeddable":true,"href":"https:\/\/pasaenmendoza.com\/index.php?rest_route=\/wp\/v2\/media\/585"}],"wp:attachment":[{"href":"https:\/\/pasaenmendoza.com\/index.php?rest_route=%2Fwp%2Fv2%2Fmedia&parent=584"}],"wp:term":[{"taxonomy":"category","embeddable":true,"href":"https:\/\/pasaenmendoza.com\/index.php?rest_route=%2Fwp%2Fv2%2Fcategories&post=584"},{"taxonomy":"post_tag","embeddable":true,"href":"https:\/\/pasaenmendoza.com\/index.php?rest_route=%2Fwp%2Fv2%2Ftags&post=584"}],"curies":[{"name":"wp","href":"https:\/\/api.w.org\/{rel}","templated":true}]}}