{"id":5841,"date":"2024-03-04T20:44:54","date_gmt":"2024-03-04T19:44:54","guid":{"rendered":"https:\/\/pasaenmendoza.com\/?p=5841"},"modified":"2024-03-04T20:44:56","modified_gmt":"2024-03-04T19:44:56","slug":"macho-advirtio-que-si-se-avanza-con-la-reforma-de-salud-van-a-tener-los-hospitales-parados","status":"publish","type":"post","link":"https:\/\/pasaenmendoza.com\/?p=5841","title":{"rendered":"Macho advirti\u00f3 que si se avanza con la reforma de salud &#8220;van a tener los hospitales parados&#8221;"},"content":{"rendered":"\n<p><strong>Roberto Macho<\/strong>, secretario gremial de ATE, pas\u00f3 por la Legislatura provincial para exponer la posici\u00f3n del gremio respecto de la\u00a0<strong>reforma general de Salud<\/strong>\u00a0propuesta por el gobernador Alfredo Cornejo y advirti\u00f3 que\u00a0<strong>se parar\u00e1n los hospitales<\/strong>\u00a0si se avanza en el tratamiento de los proyectos de ley.<\/p>\n\n\n\n<p>&#8220;Quieren eliminar la estabilidad laboral con la ley de Emergencias Sanitarias&#8221;, se quej\u00f3. Este lunes, tambi\u00e9n estuvieron en la reuni\u00f3n de comisiones de Salud; Legislaci\u00f3n y Asuntos Constitucionales; Hacienda y Presupuesto<strong>&nbsp;representantes de Ampros, ATSA y el C\u00edrculo M\u00e9dico<\/strong>.<\/p>\n\n\n\n<p>El sindicalista de ATE puntualiz\u00f3 ante los legisladores que el paquete de leyes busca que el &#8220;sector privado ocupe los cargos del sector estatal&#8221; y que eso se llama &#8220;privatizaci\u00f3n de la salud p\u00fablica&#8221;.<\/p>\n\n\n\n<p>Para \u00e9l, la reforma &#8220;viene con una impronta tipo Milei: de imponer, de bajar leyes, de vulnerar los derechos de los trabajadores&#8221;.<\/p>\n\n\n\n<h2 class=\"wp-block-heading\">La advertencia de ATE por la reforma de salud<\/h2>\n\n\n\n<p>&#8220;Vamos a movilizarnos pero despu\u00e9s&nbsp;<strong>vendr\u00e1 la judicializaci\u00f3n<\/strong>&nbsp;de la reforma&#8221;, advirti\u00f3 Macho.<\/p>\n\n\n\n<p>&#8220;Estamos los tres sindicatos mayoritarios en el sector de la salud ac\u00e1 presentes, as\u00ed que&nbsp;<strong>no nos va a costar mucho paralizar la salud p\u00fablica&nbsp;<\/strong>para que los trabajadores defiendan sus derechos&#8221;, dijo.<\/p>\n\n\n\n<p>El reclamo puntual es debatir estos temas en paritaria y no con nuevas leyes que lleguen desde el Ejecutivo; &#8220;caso contrario, van a tener medidas de acciones directas, van a tener los\u00a0<strong>hospitales parados<\/strong>&#8220;.<\/p>\n\n\n\n<p>Y les habl\u00f3 directamente a los legisladores: &#8220;Si lo quieren tocar en el recinto van a haber&nbsp;<strong>miles y miles de trabajadores en la calle.<\/strong>&nbsp;No les quepa la menor duda de eso&#8221;.<\/p>\n\n\n\n<h2 class=\"wp-block-heading\">Las reservas de Palma, del C\u00edrculo M\u00e9dico<\/h2>\n\n\n\n<p>El presidente del C\u00edrculo M\u00e9dico de Mendoza, Jos\u00e9 Lodovico Palma, destac\u00f3 la importancia de establecer pol\u00edticas de Estado en salud que se desarrollen en un marco global, entendiendo la salud de manera integral. &#8220;La salud no es el sistema de salud, son nuestras conductas, es nuestra educaci\u00f3n, es nuestra alimentaci\u00f3n, nuestra vivienda, nuestros h\u00e1bitos&#8221;, afirm\u00f3.<\/p>\n\n\n\n<p>Sin embargo, si bien destac\u00f3 la necesidad de actualizar leyes obsoletas y de crear una Agencia de Evaluaci\u00f3n de Tecnolog\u00eda Sanitaria, hizo algunas reservas sobre ciertos aspectos del plan, como la falta de un sistema de fiscalizaci\u00f3n adecuado en las residencias m\u00e9dicas y la necesidad de contar con un control eficaz en la instrumentaci\u00f3n de las leyes propuestas.<\/p>\n\n\n\n<p>&#8220;Una cosa es lo que dice la curr\u00edcula escrita y otra es la curr\u00edcula real. Lo que sucede en los distintos servicios donde los residentes trabajan en condiciones inapropiadas para una formaci\u00f3n. Muchas veces hasta en el trato, pero fundamentalmente en las condiciones en que trabaja y en las condiciones que es formado&#8221;, expres\u00f3 Palma en relaci\u00f3n a las falencias en las residencias m\u00e9dicas.<\/p>\n\n\n\n<h2 class=\"wp-block-heading\">La postura de Ampros<\/h2>\n\n\n\n<p>La Secretaria General de la Asociaci\u00f3n Mendocina de Profesionales de la Salud (Ampros), Claudia Iturbe, destac\u00f3 que los profesionales de la salud han observado un retroceso en sus derechos y un recorte significativo en el presupuesto destinado a la salud p\u00fablica.<\/p>\n\n\n\n<p>Seg\u00fan Iturbe, el proyecto genera una gran inquietud entre los profesionales de la salud, quienes han estado recorriendo los nosocomios y han constatado una disminuci\u00f3n en la calidad de la atenci\u00f3n y un aumento en la precarizaci\u00f3n laboral. Adem\u00e1s, se\u00f1al\u00f3 que muchos profesionales est\u00e1n optando por emigrar a provincias vecinas donde las oportunidades laborales son m\u00e1s favorables.<\/p>\n\n\n\n<p>Desde Ampros expresaron su desilusi\u00f3n por las medidas propuestas en el plan y llam\u00f3 a las autoridades a reconsiderar su enfoque, enfatizando que estas decisiones afectar\u00e1n no solo a los trabajadores de la salud, sino tambi\u00e9n a toda la poblaci\u00f3n mendocina, priv\u00e1ndola de un acceso adecuado a la atenci\u00f3n m\u00e9dica.<\/p>\n\n\n\n<p>Iturbe adem\u00e1s critic\u00f3 la falta de di\u00e1logo y negociaci\u00f3n por parte del gobierno provincial, as\u00ed como la aplicaci\u00f3n de medidas que afectan negativamente los derechos adquiridos por los profesionales de la salud en a\u00f1os anteriores. Tambi\u00e9n denunci\u00f3 intentos de recortar salarios y restringir la autonom\u00eda de los profesionales farmac\u00e9uticos y licenciados en enfermer\u00eda.<\/p>\n\n\n\n<p>En cuanto al r\u00e9gimen propuesto para los m\u00e9dicos, Iturbe lo calific\u00f3 como inconstitucional y violatorio de los derechos laborales, destacando que el proyecto busca aumentar la precarizaci\u00f3n laboral y la discriminaci\u00f3n entre trabajadores del sector de la salud.<\/p>\n\n\n\n<h2 class=\"wp-block-heading\">La postura de ATSA<\/h2>\n\n\n\n<p>Patricia Urrutia, que representa al gremio de la sanidad en la Provincia, expres\u00f3 su preocupaci\u00f3n por las modificaciones propuestas que afectar\u00edan las condiciones laborales de los trabajadores del sector.<\/p>\n\n\n\n<p>&#8220;Es lamentable tratar estos temas de una Ley que modifica las condiciones de los trabajadores de la sanidad despu\u00e9s de padecer una pandemia sin precedentes&#8221;, declar\u00f3 Urrutia. La l\u00edder sindical hizo hincapi\u00e9 en la importancia de reconocer el esfuerzo y la dedicaci\u00f3n del personal de salud durante la crisis sanitaria provocada por la pandemia de COVID-19.<\/p>\n\n\n\n<p>Urrutia tambi\u00e9n denunci\u00f3 la situaci\u00f3n precaria en la que se encuentran algunos trabajadores de la salud en la Provincia, haciendo referencia a casos espec\u00edficos como el del Instituto Jorba de Funes, donde algunos empleados reciben salarios m\u00ednimos por adiciones laborales. Adem\u00e1s, mencion\u00f3 la falta de respuesta por parte de las autoridades ante las demandas de mejoras salariales y laborales por parte de los sindicatos.<\/p>\n\n\n\n<p>&#8220;Estamos de acuerdo en que hay que hacer modificaciones, pero sepan que los sindicatos estamos unidos&#8221;, afirm\u00f3 Urrutia. La secretaria general de ATSA asegur\u00f3 que analizar\u00e1n detenidamente los proyectos de Ley y trabajar\u00e1n para proteger los derechos de los trabajadores de la sanidad en la Provincia.<\/p>\n\n\n\n<h2 class=\"wp-block-heading\">Despacho para dos proyectos incluidos en el Plan de Salud<\/h2>\n\n\n\n<p>Al concluir el encuentro, los miembros de las tres comisiones acordaron seguir discutiendo los temas en cuesti\u00f3n tanto el mi\u00e9rcoles 6 de marzo a las 13, como el jueves 7 de marzo a las 10.<\/p>\n\n\n\n<p>Asimismo, se decidi\u00f3 dar despacho a los proyectos incluidos en el Plan relacionados con la Creaci\u00f3n del Consejo Asesor en Salud y a la Planificaci\u00f3n Estrat\u00e9gica para la Salud P\u00fablica.<\/p>\n\n\n\n<p><strong>Fuente: www.diariouno.com.ar<\/strong><\/p>\n","protected":false},"excerpt":{"rendered":"<p>Roberto Macho, secretario gremial de ATE, pas\u00f3 por la Legislatura provincial para exponer la posici\u00f3n del gremio respecto de la\u00a0reforma general de Salud\u00a0propuesta por el gobernador Alfredo Cornejo y advirti\u00f3 que\u00a0se parar\u00e1n los hospitales\u00a0si se avanza en el tratamiento de los proyectos de ley. &#8220;Quieren eliminar la estabilidad laboral con la ley de Emergencias Sanitarias&#8221;, [&hellip;]<\/p>\n","protected":false},"author":2,"featured_media":5842,"comment_status":"open","ping_status":"open","sticky":false,"template":"","format":"standard","meta":[],"categories":[58],"tags":[],"_links":{"self":[{"href":"https:\/\/pasaenmendoza.com\/index.php?rest_route=\/wp\/v2\/posts\/5841"}],"collection":[{"href":"https:\/\/pasaenmendoza.com\/index.php?rest_route=\/wp\/v2\/posts"}],"about":[{"href":"https:\/\/pasaenmendoza.com\/index.php?rest_route=\/wp\/v2\/types\/post"}],"author":[{"embeddable":true,"href":"https:\/\/pasaenmendoza.com\/index.php?rest_route=\/wp\/v2\/users\/2"}],"replies":[{"embeddable":true,"href":"https:\/\/pasaenmendoza.com\/index.php?rest_route=%2Fwp%2Fv2%2Fcomments&post=5841"}],"version-history":[{"count":1,"href":"https:\/\/pasaenmendoza.com\/index.php?rest_route=\/wp\/v2\/posts\/5841\/revisions"}],"predecessor-version":[{"id":5843,"href":"https:\/\/pasaenmendoza.com\/index.php?rest_route=\/wp\/v2\/posts\/5841\/revisions\/5843"}],"wp:featuredmedia":[{"embeddable":true,"href":"https:\/\/pasaenmendoza.com\/index.php?rest_route=\/wp\/v2\/media\/5842"}],"wp:attachment":[{"href":"https:\/\/pasaenmendoza.com\/index.php?rest_route=%2Fwp%2Fv2%2Fmedia&parent=5841"}],"wp:term":[{"taxonomy":"category","embeddable":true,"href":"https:\/\/pasaenmendoza.com\/index.php?rest_route=%2Fwp%2Fv2%2Fcategories&post=5841"},{"taxonomy":"post_tag","embeddable":true,"href":"https:\/\/pasaenmendoza.com\/index.php?rest_route=%2Fwp%2Fv2%2Ftags&post=5841"}],"curies":[{"name":"wp","href":"https:\/\/api.w.org\/{rel}","templated":true}]}}