{"id":5848,"date":"2024-03-05T13:32:37","date_gmt":"2024-03-05T12:32:37","guid":{"rendered":"https:\/\/pasaenmendoza.com\/?p=5848"},"modified":"2024-03-05T13:32:39","modified_gmt":"2024-03-05T12:32:39","slug":"hebe-casado-confirmo-que-ira-ella-a-la-reunion-de-gobernadores-en-la-casa-rosada","status":"publish","type":"post","link":"https:\/\/pasaenmendoza.com\/?p=5848","title":{"rendered":"Hebe Casado confirm\u00f3 que ir\u00e1 ella a la reuni\u00f3n de gobernadores en la Casa Rosada"},"content":{"rendered":"\n<p>La vicegobernadora de Mendoza  afirm\u00f3 que estar\u00e1 presente en la reuni\u00f3n que entablar\u00e1 el presidente de la Naci\u00f3n con los representantes provinciales.<\/p>\n\n\n\n<p>Durante la \u00faltima semana, Mendoza se vio envuelta en el festejo de la Fiesta de la Vendimia y en los encuentros pol\u00edticos que ocurrieron a ra\u00edz del festejo. La vicepresidenta de la Naci\u00f3n,\u00a0<strong>Victoria Villarruel<\/strong>, visit\u00f3 la provincia para disfrutar, en primera instancia, de la celebraci\u00f3n y luego entabl\u00f3\u00a0conversaciones con los dirigentes pol\u00edticos mendocinos. Este\u00a0lunes 4 de marzo mantuvo una reuni\u00f3n en la Casa de Gobierno junto a la vicegobernadora\u00a0<strong>Hebe Casado<\/strong>\u00a0y funcionarios del gabinete provincial, donde le plantearon una serie de pedidos para que los traslade al Gobierno nacional.<\/p>\n\n\n\n<p>\u00a0<strong>Hebe Casado<\/strong>\u00a0y confirm\u00f3 que\u00a0&#8220;voy a estar yo en la reuni\u00f3n del viernes.\u00a0<strong>Alfredo Cornejo<\/strong>\u00a0tiene pasado de vuelta reci\u00e9n para el d\u00eda s\u00e1bado&#8221;. El gobernador de Mendoza\u00a0viaj\u00f3\u00a0a Canad\u00e1 junto a una comitiva oficial para participar de la principal feria\u00a0minera\u00a0mundial, por lo que se ausentar\u00e1 en la reuni\u00f3n que mantendr\u00e1n los mandatarios junto a Javier Milei.<\/p>\n\n\n\n<p>Continuando en la l\u00ednea de lo nacional, la vicegobernadora habl\u00f3 sobre la visita de la vicepresidenta\u00a0<strong>Victoria Villarruel<\/strong>: &#8220;Fue una visita muy importante en una semana trascendental para Mendoza por la importancia que tiene la Vendimia para los mendocinos. Que haya venido la vicepresidenta al Acto Central de la Vendimia,\u00a0participar de todos los eventos que ocurrieron durante el d\u00eda s\u00e1bado y que se haya quedado hasta el lunes para reunirse con los ministros y conmigo es una muy buena se\u00f1al por parte del Gobierno nacional&#8221;.\u00a0<\/p>\n\n\n\n<p>&#8220;Tambi\u00e9n vinieron ministros del Gobierno nacional a acompa\u00f1ar este proceso que es bueno para la provincia y que tiene que ver con los consensos que se quieran buscar para el\u00a0<strong>Pacto de Mayo<\/strong>. El viernes tenemos una primera reuni\u00f3n donde ah\u00ed nos ir\u00e1n\u00a0a comunicar cu\u00e1les son las expectativas,\u00a0cu\u00e1les son los proyectos para llevar a cabo y cu\u00e1les son las puertas abiertas a los consensos que existen. Entonces, eso todav\u00eda\u00a0no se habl\u00f3 y se ver\u00e1 en una primera reuni\u00f3n al respecto&#8221;, sum\u00f3\u00a0Casado.<\/p>\n\n\n\n<p>Por \u00faltimo, haciendo un an\u00e1lisis del panorama actual del pa\u00eds, coment\u00f3: &#8220;Creo que\u00a0el pa\u00eds necesita s\u00ed o s\u00ed cambios categ\u00f3ricos. Necesitamos nuevos espacios, un cambio en el marco\u00a0laboral, impositivo\u00a0y econ\u00f3mico, porque si no es imposible que este pa\u00eds, de una vez por todas, arranque. Entonces, si no se toman medidas dr\u00e1sticas, creo que vamos a seguir en el mismo camino y la verdad que ya hemos perdido mucho tiempo. No podemos darnos el gusto de perder cuatro a\u00f1os m\u00e1s&#8221;.<\/p>\n\n\n\n<p>&#8220;Los maquillajes no sirven, ya los hemos hecho. Despu\u00e9s de las repercusiones que ha\u00a0tenido el mensaje de Javier Milei, la gente acompa\u00f1a y est\u00e1 dispuesta a un sacrificio en pos de\u00a0un futuro mejor. Creo que los que m\u00e1s convencidos est\u00e1n de\u00a0esto es la ciudadan\u00eda,\u00a0falta\u00a0convencer\u00a0a la casta&#8221;, cerr\u00f3.<\/p>\n\n\n\n<p>FUENTE: MDZonline.<\/p>\n","protected":false},"excerpt":{"rendered":"<p>La vicegobernadora de Mendoza afirm\u00f3 que estar\u00e1 presente en la reuni\u00f3n que entablar\u00e1 el presidente de la Naci\u00f3n con los representantes provinciales. Durante la \u00faltima semana, Mendoza se vio envuelta en el festejo de la Fiesta de la Vendimia y en los encuentros pol\u00edticos que ocurrieron a ra\u00edz del festejo. La vicepresidenta de la Naci\u00f3n,\u00a0Victoria [&hellip;]<\/p>\n","protected":false},"author":2,"featured_media":5853,"comment_status":"open","ping_status":"open","sticky":true,"template":"","format":"standard","meta":[],"categories":[47],"tags":[],"_links":{"self":[{"href":"https:\/\/pasaenmendoza.com\/index.php?rest_route=\/wp\/v2\/posts\/5848"}],"collection":[{"href":"https:\/\/pasaenmendoza.com\/index.php?rest_route=\/wp\/v2\/posts"}],"about":[{"href":"https:\/\/pasaenmendoza.com\/index.php?rest_route=\/wp\/v2\/types\/post"}],"author":[{"embeddable":true,"href":"https:\/\/pasaenmendoza.com\/index.php?rest_route=\/wp\/v2\/users\/2"}],"replies":[{"embeddable":true,"href":"https:\/\/pasaenmendoza.com\/index.php?rest_route=%2Fwp%2Fv2%2Fcomments&post=5848"}],"version-history":[{"count":1,"href":"https:\/\/pasaenmendoza.com\/index.php?rest_route=\/wp\/v2\/posts\/5848\/revisions"}],"predecessor-version":[{"id":5855,"href":"https:\/\/pasaenmendoza.com\/index.php?rest_route=\/wp\/v2\/posts\/5848\/revisions\/5855"}],"wp:featuredmedia":[{"embeddable":true,"href":"https:\/\/pasaenmendoza.com\/index.php?rest_route=\/wp\/v2\/media\/5853"}],"wp:attachment":[{"href":"https:\/\/pasaenmendoza.com\/index.php?rest_route=%2Fwp%2Fv2%2Fmedia&parent=5848"}],"wp:term":[{"taxonomy":"category","embeddable":true,"href":"https:\/\/pasaenmendoza.com\/index.php?rest_route=%2Fwp%2Fv2%2Fcategories&post=5848"},{"taxonomy":"post_tag","embeddable":true,"href":"https:\/\/pasaenmendoza.com\/index.php?rest_route=%2Fwp%2Fv2%2Ftags&post=5848"}],"curies":[{"name":"wp","href":"https:\/\/api.w.org\/{rel}","templated":true}]}}