{"id":5856,"date":"2024-03-05T13:35:47","date_gmt":"2024-03-05T12:35:47","guid":{"rendered":"https:\/\/pasaenmendoza.com\/?p=5856"},"modified":"2024-03-05T13:35:48","modified_gmt":"2024-03-05T12:35:48","slug":"encuesta-los-mendocinos-siguen-confiando-en-milei-pero-piden-que-cornejo-se-plante","status":"publish","type":"post","link":"https:\/\/pasaenmendoza.com\/?p=5856","title":{"rendered":"Encuesta: los mendocinos siguen confiando en Milei, pero piden que Cornejo se plante"},"content":{"rendered":"\n<p>Un reciente sondeo de Reale Dalla Torre Consultores refleja un importante apoyo a la gesti\u00f3n del Presidente en la provincia, pese al ajuste. El mensaje al Gobernador en su relaci\u00f3n con la Casa Rosada.<\/p>\n\n\n\n<p>Una reciente encuesta Reale Dalla Torre Consultores (RDT) reflej\u00f3 que m\u00e1s mendocinos aprueban la gesti\u00f3n de<strong>&nbsp;Javier Milei en la Naci\u00f3n (64,20%)&nbsp;<\/strong>que la de&nbsp;<strong>Alfredo Cornejo en la provincia (55,40%).<\/strong><\/p>\n\n\n\n<p>El relevamiento fue realizado entre el 23 y el 27 de febrero en domicilios del Gran Mendoza, San Mart\u00edn y San Rafael.&nbsp;<strong>Fueron 1.210 casos<\/strong>, con un margen de error de 2,5%.<\/p>\n\n\n\n<p><em>\u201cLos resultados de la encuesta provincial indican un panorama desafiante tanto para Javier Milei como para Alfredo Cornejo. Aunque ambos tienen altos niveles de aprobaci\u00f3n, la poblaci\u00f3n mendocina muestra una actitud compleja y demandante\u201d<\/em>, explic\u00f3&nbsp;<strong>Martha Reale<\/strong>, titular de RDT.<\/p>\n\n\n\n<p>De acuerdo con el trabajo, el&nbsp;<strong>42,20%<\/strong>&nbsp;de los mendocinos comparte la visi\u00f3n de Milei y piensa que est\u00e1<em>&nbsp;\u201cmanejando bien\u201d<\/em>&nbsp;su gobierno; otro&nbsp;<strong>29,40%<\/strong>&nbsp;lo apoya pero ve&nbsp;<em>\u201cimprovisaci\u00f3n\u201d<\/em>&nbsp;en sus decisiones; y el&nbsp;<strong>26,80%<\/strong>&nbsp;no coincide&nbsp;<em>\u201cnada\u201d<\/em>&nbsp;con la administraci\u00f3n nacional.<\/p>\n\n\n\n<p><em>\u201cEl 71,60% de los encuestados comparte el rumbo de pa\u00eds propuesto por Javier Milei, pero<br>poco m\u00e1s del 40% del electorado que lo vot\u00f3 en segunda vuelta duda de su<br>instrumentaci\u00f3n\u201d<\/em>, es otra de las conclusiones relevantes de la encuesta.<\/p>\n\n\n\n<p>Con respecto al<strong>&nbsp;clima social<\/strong>, el&nbsp;<strong>45,30%&nbsp;<\/strong>de los encuestados manifest\u00f3 que su situaci\u00f3n econ\u00f3mica familiar est\u00e1&nbsp;<strong>peor&nbsp;<\/strong>que hace un a\u00f1o. Sin embargo, con vistas 2025, son m\u00e1s los<strong>&nbsp;optimistas (44,90%)&nbsp;<\/strong>que los&nbsp;<strong>pesimistas (43%).<\/strong><\/p>\n\n\n\n<p>En ese contexto, un&nbsp;<strong>43%<\/strong>&nbsp;admite que puede&nbsp;<em>\u201caguantar\u201d<\/em>&nbsp;un a\u00f1o o m\u00e1s para ver los resultados del programa econ\u00f3mico. Se trata de un porcentaje coincidente con el&nbsp;<strong>n\u00facleo duro de Milei en Mendoza.<\/strong><\/p>\n\n\n\n<h2 class=\"wp-block-heading\" id=\"h-la-relacion-milei-cornejo\">La relaci\u00f3n Milei \u2013 Cornejo<\/h2>\n\n\n\n<p><em>\u201c\u00bfTe parece bien o te parece mal que Milei se pelee con los gobernadores?\u201d<\/em>, preguntaron desde RDT.&nbsp;<strong>El 66,10% respondi\u00f3 \u201cmal\u201d y el 30,60% dijo que est\u00e1 \u201cbien\u201d<\/strong>&nbsp;porque&nbsp;<em>\u201cson parte de la casta pol\u00edtica.<\/em><\/p>\n\n\n\n<p><em>\u201cEn primer lugar, los datos podr\u00edan explicar en alguna medida el cambio de estrategia de Milei con los gobernadores y con una buena parte de la pol\u00edtica. La situaci\u00f3n en Mendoza refleja una interacci\u00f3n compleja entre la historia, las percepciones y las demandas actuales de la sociedad. Y ese es el principal desaf\u00edo que tiene Cornejo (y los gobernadores en general) y Milei, en este nuevo clima de \u00e9poca\u201d<\/em>, coment\u00f3 Reale.<\/p>\n\n\n\n<p>Adem\u00e1s, la mayor\u00eda de los mendocinos (<strong>53,50%<\/strong>) cree que Milei<em>&nbsp;\u201csomete\u201d&nbsp;<\/em>a las provincias, como lo hicieron anteriores gobiernos nacionales y un porcentaje mayor le envi\u00f3 un mensaje directo a Cornejo: el&nbsp;<strong>67,10%<\/strong>&nbsp;de los encuestados considera que el Gobernador&nbsp;<em>\u201cdebe defender los intereses de Mendoza, aunque tenga que enfrentarse al Presidente\u201d.<\/em><\/p>\n\n\n\n<p>Esta posici\u00f3n es respaldada incluso por el&nbsp;<strong>52%<\/strong>&nbsp;de los votantes mendocinos de&nbsp;<strong>Milei<\/strong>&nbsp;en primera vuelta y el&nbsp;<strong>74%<\/strong>&nbsp;del electorado de&nbsp;<strong>Patricia Bullrich<\/strong>&nbsp;en la provincia. Solo el 29% considera que Cornejo deber\u00eda apoyar a Milei incondicionalmente, incluso si eso implica p\u00e9rdida de recursos para Mendoza.<\/p>\n\n\n\n<p><em>\u201cLa encuesta proporciona una ventana valiosa para entender la psicolog\u00eda colectiva y las actitudes arraigadas en la sociedad mendocina en relaci\u00f3n con su historia y su posici\u00f3n dentro de la estructura nacional\u201d<\/em>, dijo Reale. Y agreg\u00f3:\u00a0<em>\u201cLa percepci\u00f3n de discriminaci\u00f3n y la resistencia a ser castigado a nivel nacional, arraigada desde el gobierno kirchnerista y extendida a gobiernos nacionales en general, reflejan la memoria emotiva de la sociedad mendocina. Esta memoria hist\u00f3rica, marcada por eventos pasados, configura una actitud de cautela y vigilancia\u201d.<\/em><\/p>\n\n\n\n<p>FUENTE: Elsol.com.ar<\/p>\n","protected":false},"excerpt":{"rendered":"<p>Un reciente sondeo de Reale Dalla Torre Consultores refleja un importante apoyo a la gesti\u00f3n del Presidente en la provincia, pese al ajuste. El mensaje al Gobernador en su relaci\u00f3n con la Casa Rosada. Una reciente encuesta Reale Dalla Torre Consultores (RDT) reflej\u00f3 que m\u00e1s mendocinos aprueban la gesti\u00f3n de&nbsp;Javier Milei en la Naci\u00f3n (64,20%)&nbsp;que [&hellip;]<\/p>\n","protected":false},"author":2,"featured_media":5858,"comment_status":"open","ping_status":"open","sticky":true,"template":"","format":"standard","meta":[],"categories":[47],"tags":[],"_links":{"self":[{"href":"https:\/\/pasaenmendoza.com\/index.php?rest_route=\/wp\/v2\/posts\/5856"}],"collection":[{"href":"https:\/\/pasaenmendoza.com\/index.php?rest_route=\/wp\/v2\/posts"}],"about":[{"href":"https:\/\/pasaenmendoza.com\/index.php?rest_route=\/wp\/v2\/types\/post"}],"author":[{"embeddable":true,"href":"https:\/\/pasaenmendoza.com\/index.php?rest_route=\/wp\/v2\/users\/2"}],"replies":[{"embeddable":true,"href":"https:\/\/pasaenmendoza.com\/index.php?rest_route=%2Fwp%2Fv2%2Fcomments&post=5856"}],"version-history":[{"count":1,"href":"https:\/\/pasaenmendoza.com\/index.php?rest_route=\/wp\/v2\/posts\/5856\/revisions"}],"predecessor-version":[{"id":5859,"href":"https:\/\/pasaenmendoza.com\/index.php?rest_route=\/wp\/v2\/posts\/5856\/revisions\/5859"}],"wp:featuredmedia":[{"embeddable":true,"href":"https:\/\/pasaenmendoza.com\/index.php?rest_route=\/wp\/v2\/media\/5858"}],"wp:attachment":[{"href":"https:\/\/pasaenmendoza.com\/index.php?rest_route=%2Fwp%2Fv2%2Fmedia&parent=5856"}],"wp:term":[{"taxonomy":"category","embeddable":true,"href":"https:\/\/pasaenmendoza.com\/index.php?rest_route=%2Fwp%2Fv2%2Fcategories&post=5856"},{"taxonomy":"post_tag","embeddable":true,"href":"https:\/\/pasaenmendoza.com\/index.php?rest_route=%2Fwp%2Fv2%2Ftags&post=5856"}],"curies":[{"name":"wp","href":"https:\/\/api.w.org\/{rel}","templated":true}]}}