{"id":5860,"date":"2024-03-05T13:41:55","date_gmt":"2024-03-05T12:41:55","guid":{"rendered":"https:\/\/pasaenmendoza.com\/?p=5860"},"modified":"2024-03-05T13:41:57","modified_gmt":"2024-03-05T12:41:57","slug":"condujo-los-destinos-de-la-lepra-y-ahora-cierra-telam-quien-es-diego-chaher","status":"publish","type":"post","link":"https:\/\/pasaenmendoza.com\/?p=5860","title":{"rendered":"Condujo los destinos de la Lepra y ahora cierra T\u00e9lam: qui\u00e9n es Diego Chaher"},"content":{"rendered":"\n<p>El pasado viernes, el presidente\u00a0Javier Milei\u00a0dio su discurso por la apertura de sesiones ordinarias del Congreso, en su exposici\u00f3n\u00a0anunci\u00f3 el cierre de T\u00e9lam, la agencia de noticias del Estado, y eso abri\u00f3 otro debate pol\u00edtico y social. El sitio web de la agencia qued\u00f3 deshabilitado este lunes y el edificio donde funciona el medio\u00a0fue vallado\u00a0prohibiendo el ingreso a los empleados, quienes fueron licenciados por una semana. Quien tom\u00f3 las decisiones y notific\u00f3 a los trabajadores fue el mendocino\u00a0<strong>Diego Chaher<\/strong>, nombrado interventor de los medios p\u00fablicos a comienzos de febrero de este a\u00f1o.<\/p>\n\n\n\n<p>El abogado, radicado en Guaymall\u00e9n, estudi\u00f3 en la Universidad de Belgrano en la d\u00e9cada del &#8217;90 y tiene una maestr\u00eda en Derecho Empresario en la Universidad Cat\u00f3lica de Cuyo. Su curr\u00edculum incluye trabajos como como director de legales en Grupo Am\u00e9rica, empleador de Am\u00e9rica TV, del diario La Capital de Rosario (propiedad de Daniel Vila) y de Supercanal y en el \u00e1rea de cobranzas de Obras Sanitarias Mendoza, entre otros.\u00a0<strong>Su nombre cobr\u00f3 relevancia en algunos medios de la provincia cuando estuvo ligado al Club Sportivo\u00a0Independiente Rivadavia<\/strong>.<\/p>\n\n\n\n<p>Chaher ser\u00e1 el interventor de medios de comunicaci\u00f3n p\u00fablicos durante el mandato de Milei. Es decir que tendr\u00e1 a cargo la gesti\u00f3n de T\u00e9lam, Radio Nacional, canal Encuentro, Paka Paka, DeporTV, Educ.Ar Sociedad del Estado, entre otros.<\/p>\n\n\n\n<p>A un mes exacto de su asunci\u00f3n, el mendocino vive sus momentos m\u00e1s tensos: renunci\u00f3 su interventor adjunto\u00a0<strong>Diego Mar\u00edas<\/strong>,\u00a0 en las \u00faltimas horas licenci\u00f3 a los trabajadores de\u00a0<strong>T\u00e9lam<\/strong>\u00a0por siete d\u00edas (hasta el lunes 11), baj\u00f3 el sitio web y los servicios de fotograf\u00eda y el archivo period\u00edstico. La sede de la agencia est\u00e1 vallada desde la madrugada del lunes.<\/p>\n\n\n\n<p><strong>Chaher y la Lepra<\/strong><\/p>\n\n\n\n<p>Corr\u00eda agosto del a\u00f1o 2016. La situaci\u00f3n econ\u00f3mica (y deportiva) en el club del parque no era la mejor y la Comisi\u00f3n Directiva, con un&nbsp;<strong>joven y reci\u00e9n asumido Agust\u00edn Vila<\/strong>&nbsp;a la cabeza, solicit\u00f3 a la Justicia la aplicaci\u00f3n del R\u00e9gimen Especial de Administraci\u00f3n de las Entidades Deportivas con Dificultades Econ\u00f3micas.<\/p>\n\n\n\n<p>Esta legislaci\u00f3n, conocida como &#8220;Ley Racing&#8221;, deja en manos de un \u00f3rgano fiduciario el control del club, pero como lo hace el s\u00edndico en un concurso preventivo, es decir que la administraci\u00f3n sigue en manos de la Comisi\u00f3n Directiva de la instituci\u00f3n.\u00a0<\/p>\n\n\n\n<p>El \u00f3rgano fiduciario est\u00e1 compuesto por tres personas, un contador, un abogado y un especialista en administraci\u00f3n deportiva. En este caso, el primer designado fue el contador\u00a0<strong>Julio C\u00e9sar Illanes<\/strong>, luego se &#8220;sortearon&#8221; los otros miembros y entonces apareci\u00f3 el nombre de Chaher. La tercera pata de la mesa fue\u00a0<strong>C\u00e9sar Ceccarini<\/strong>.<\/p>\n\n\n\n<p>El \u00d3rgano trabaj\u00f3 e intent\u00f3 acomodar las cuentas de la Lepra, habilit\u00f3 los refuerzos y levant\u00f3 los embargos anteriores a la asunci\u00f3n de Agust\u00edn Vila, quedando estos a cargo del OF, al menos hasta que fuesen cancelados.&nbsp;<\/p>\n\n\n\n<p><strong>Chaher se puso la camiseta<\/strong>, en una charla con quien escribe (en 2017) dijo ser hincha del club, pero asegur\u00f3 que su objetivo era &#8220;dejar las cuentas ordenadas&#8221;. Cada gasto, inversi\u00f3n que quisiera hacer la comisi\u00f3n (sobre todo en tema refuerzos) deb\u00eda ser consultada y aprobada por el tr\u00edpode que respond\u00eda a la Justicia.<\/p>\n\n\n\n<p>A mediados de 2023 y seg\u00fan las declaraciones de Alberto Rez Masud, quien tambi\u00e9n era parte de esa comisi\u00f3n en el a\u00f1o 2016,\u00a0<strong>el concurso se levant\u00f3 y el \u00d3rgano qued\u00f3 desplazado de sus funciones<\/strong>.\u00a0<\/p>\n\n\n\n<p>FUENTE: Mendozapost.<\/p>\n","protected":false},"excerpt":{"rendered":"<p>El pasado viernes, el presidente\u00a0Javier Milei\u00a0dio su discurso por la apertura de sesiones ordinarias del Congreso, en su exposici\u00f3n\u00a0anunci\u00f3 el cierre de T\u00e9lam, la agencia de noticias del Estado, y eso abri\u00f3 otro debate pol\u00edtico y social. El sitio web de la agencia qued\u00f3 deshabilitado este lunes y el edificio donde funciona el medio\u00a0fue vallado\u00a0prohibiendo [&hellip;]<\/p>\n","protected":false},"author":2,"featured_media":5862,"comment_status":"open","ping_status":"open","sticky":true,"template":"","format":"standard","meta":[],"categories":[47],"tags":[],"_links":{"self":[{"href":"https:\/\/pasaenmendoza.com\/index.php?rest_route=\/wp\/v2\/posts\/5860"}],"collection":[{"href":"https:\/\/pasaenmendoza.com\/index.php?rest_route=\/wp\/v2\/posts"}],"about":[{"href":"https:\/\/pasaenmendoza.com\/index.php?rest_route=\/wp\/v2\/types\/post"}],"author":[{"embeddable":true,"href":"https:\/\/pasaenmendoza.com\/index.php?rest_route=\/wp\/v2\/users\/2"}],"replies":[{"embeddable":true,"href":"https:\/\/pasaenmendoza.com\/index.php?rest_route=%2Fwp%2Fv2%2Fcomments&post=5860"}],"version-history":[{"count":1,"href":"https:\/\/pasaenmendoza.com\/index.php?rest_route=\/wp\/v2\/posts\/5860\/revisions"}],"predecessor-version":[{"id":5863,"href":"https:\/\/pasaenmendoza.com\/index.php?rest_route=\/wp\/v2\/posts\/5860\/revisions\/5863"}],"wp:featuredmedia":[{"embeddable":true,"href":"https:\/\/pasaenmendoza.com\/index.php?rest_route=\/wp\/v2\/media\/5862"}],"wp:attachment":[{"href":"https:\/\/pasaenmendoza.com\/index.php?rest_route=%2Fwp%2Fv2%2Fmedia&parent=5860"}],"wp:term":[{"taxonomy":"category","embeddable":true,"href":"https:\/\/pasaenmendoza.com\/index.php?rest_route=%2Fwp%2Fv2%2Fcategories&post=5860"},{"taxonomy":"post_tag","embeddable":true,"href":"https:\/\/pasaenmendoza.com\/index.php?rest_route=%2Fwp%2Fv2%2Ftags&post=5860"}],"curies":[{"name":"wp","href":"https:\/\/api.w.org\/{rel}","templated":true}]}}