{"id":5861,"date":"2024-03-05T13:43:17","date_gmt":"2024-03-05T12:43:17","guid":{"rendered":"https:\/\/pasaenmendoza.com\/?p=5861"},"modified":"2024-03-05T13:43:19","modified_gmt":"2024-03-05T12:43:19","slug":"el-oeste-de-godoy-cruz-y-una-interminable-guerra-de-bandas-con-victimas-inocentes","status":"publish","type":"post","link":"https:\/\/pasaenmendoza.com\/?p=5861","title":{"rendered":"El oeste de Godoy Cruz y una \u201cinterminable\u201d guerra de bandas con v\u00edctimas inocentes"},"content":{"rendered":"\n<p>Una guerra de bandas que no tiene control. Comercio de drogas en peque\u00f1as cantidades, armas y conocidos personajes que no pierden vigencia a pesar de los a\u00f1os vienen generando terror desde hace meses. Parece una historia repetida y contada decena de veces porque el modus operandi es el mismo,&nbsp;<strong>pero los tiroteos en el oeste de Godoy Cruz parecen no tener fin.<\/strong><\/p>\n\n\n\n<p>El\u00a0<em>\u201cgran problema\u201d<\/em>\u00a0est\u00e1 en el Campo Papa con sus \u2014al menos\u2014 tres grupos de j\u00f3venes armados de entre 15 y 25 a\u00f1os que se vienen disputando el territorio del narcomenudeo de coca\u00edna \u2014principalmente\u2014 y marihuana. Los complejos aleda\u00f1os viven una realidad similar.\u00a0<mark>Tal es la preocupaci\u00f3n de algunos habitantes de la zona, que son ellos los que juntan las vainas servidas para entreg\u00e1rselas luego a los investigadores.<\/mark><\/p>\n\n\n\n<p><strong><em>El Sol<\/em><\/strong>&nbsp;viene desarrollando informes y alertando sobre las balaceras ocurridas casi a diario. Los integrantes de las organizaciones se suben muchas veces a los techos de las viviendas y comienzan a disparar cuando un rival pasa por la zona.<\/p>\n\n\n\n<p>Tienen en su poder armas de grueso calibre:\u00a0<strong>pistolas calibres 9 mil\u00edmetros, escopetas y hasta ametralladoras PA3, las mismas que utiliza la Polic\u00eda<\/strong>. No dudan en exhibirlas en redes sociales a trav\u00e9s de fotos y videos y enfrentarse cada vez que se ven las caras en los angostos pasillos. Y este fin de semana no fue la excepci\u00f3n.<\/p>\n\n\n\n<p><mark>Dos mujeres resultaron heridas en diversos tiroteos durante la madrugada del s\u00e1bado y del domingo<\/mark>.&nbsp;<strong>Una de ellas muri\u00f3 tras recibir un disparo en la cabeza<\/strong>. La otra, llamada Rebeca, fue alcanzada por un proyectil&nbsp;<em>\u201cen la zona de la cintura\u201d&nbsp;<\/em>y logr\u00f3 salvar su vida. De acuerdo con fuentes judiciales, policiales y vecinos de la zona,&nbsp;<strong>las v\u00edctimas no ten\u00edan nada que ver con las peleas entre las bandas criminales.<\/strong><\/p>\n\n\n\n<p>La instrucci\u00f3n por el asesinato de\u00a0<strong>Isabel Florinda Morales<\/strong>, ocurrido a las 0.25 del s\u00e1bado, qued\u00f3 en manos de la fiscal de Homicidios y Violencia Institucional\u00a0<strong>Andrea Lazo<\/strong>. La mujer nacida el 24 de setiembre de 1960 y domiciliada en la manzana F del barrio\u00a0<strong>Covidetyc<\/strong>\u00a0\u2014ubicado hacia el este del Papa y el sur de calle Salvador Arias\u2014 recibi\u00f3 un proyectil en la cabeza mientras se encontraba en zona de calles\u00a0<strong>Alpatacal y Ocean\u00eda<\/strong>, tal como revel\u00f3\u00a0<em><strong>El Sol<\/strong><\/em>.\u00a0<mark>Qued\u00f3 en medio de un tiroteo a metros de un quiosco.<\/mark><\/p>\n\n\n\n<p>Por informaci\u00f3n a la que accedi\u00f3 este diario, hubo llamados al 911 advirtiendo sobre un grupo de hombres que ven\u00edan cruzando disparos desde hace minutos. Parec\u00eda un hecho m\u00e1s de los tantos que suceden en la zona. Pero uno de los testigos cont\u00f3 que hab\u00eda una persona herida. Personal policial lleg\u00f3 hasta la escena en la movilidad 2714 para conocer en detalle la situaci\u00f3n y transmitirla al CEO.<\/p>\n\n\n\n<p>Los efectivos confirmaron que hab\u00eda una mujer tirada en el piso con herida de arma de fuego. Debido a esto, otra patrulla, la 3744, lleg\u00f3 hasta el teatro del hecho en apoyo.<\/p>\n\n\n\n<p><mark>La v\u00edctima se encontraba tendida en el piso y presentaba una lesi\u00f3n en la cabeza. Los rastros de sangre confirmaron que la mujer se encontraba fallecida<\/mark>. M\u00e1s all\u00e1 de las presunciones, una ambulancia del Servicio de Emergencias Coordinado lleg\u00f3 hasta el barrio\u00a0<strong>Covitedyc<\/strong>.<\/p>\n\n\n\n<p>Un m\u00e9dico tom\u00f3 contacto con la v\u00edctima mientras el lugar se hab\u00eda llenado de familiares y curiosos e hizo un diagn\u00f3stico inicial: presentaba&nbsp;<em>\u201cherida de arma de fuego con p\u00e9rdida de masa encef\u00e1lica\u201d<\/em>, confirmando el deceso. Polic\u00eda Cient\u00edfica y personal de la Divisi\u00f3n Homicidios fueron desplazados hasta el lugar. Debido a que los \u00e1nimos vecinales estaban caldeados,&nbsp;<strong>desde el Ministerio P\u00fablico se orden\u00f3 el r\u00e1pido levantamiento del cad\u00e1ver para llevarlo hasta el Cuerpo M\u00e9dico Forense.<\/strong><\/p>\n\n\n\n<p>Lo que se vivi\u00f3 en esos momentos fue dram\u00e1tico. Polic\u00edas que hablaron con este diario detallaron que,\u00a0<mark>mientras se desarrollaban los trabajos de Cient\u00edfica, las bandas criminales continuaban a los tiros en el sector<\/mark>. No s\u00f3lo eso: familiares de Morales se mostraron hostiles con los efectivos, los insultaron y contaminaron la escena desplazando el cuerpo de la mujer de un lugar a otro.<\/p>\n\n\n\n<p>De todas formas, los pesquisas continuaron trabajando algunos minutos m\u00e1s en el lugar. Tomaron contacto con un par de hombres \u2014uno de 33 a\u00f1os y otro de 70 y con domicilio en el mismo&nbsp;<strong>Covitedyc<\/strong>\u2014, quienes aportaron algunos datos que sirvieron para encaminar la instrucci\u00f3n y reconstruir el asesinato de Morales.<\/p>\n\n\n\n<p>El primero detall\u00f3 que su hijo de 16 a\u00f1os caminaba detr\u00e1s de Morales por calle Alpatacal cuando comenzaron a sentirse disparos que&nbsp;<em>\u201cven\u00edan desde el este\u201d.&nbsp;<\/em>Al sentir que las balas pasaban cerca, decidi\u00f3 resguardar su integridad f\u00edsica en un domicilio. Por su parte, el septuagenario agreg\u00f3 que se encontraba en un quiosco con la v\u00edctima y que luego ella se dirigi\u00f3 hacia el este.<\/p>\n\n\n\n<p><strong>En ese momento comenzaron a escucharse detonaciones de arma de fuego y que, al ingresar al domicilio, la observ\u00f3 que cay\u00f3 al resultar lesionada.<\/strong><\/p>\n\n\n\n<p>Adem\u00e1s, se present\u00f3 una mujer ante los polic\u00edas que se encontraban en la escena. La mujer, tambi\u00e9n domiciliada en el Covitedyc \u2014a pocas casas de donde viv\u00eda Morales\u2014,&nbsp;<mark>les entreg\u00f3 una bolsa de nylon verde que conten\u00eda en su interior 19 vainas servidas calibre 9 mil\u00edmetros y un par calibre 22. La testigo asegur\u00f3 que son las que tiran los malvivientes de la zona y que, en los \u00faltimos d\u00edas,<\/mark><em><mark>&nbsp;\u201clas hab\u00eda juntado\u201d<\/mark>.<\/em><\/p>\n\n\n\n<p>Los casos se encuentran en proceso de instrucci\u00f3n. Testigos y vecinos de la zona buscan refugiarse m\u00e1s que declarar en las causas. Temen por su integridad f\u00edsica. Mientras todo esto sucede y los habitantes de la zona exigen soluciones, los grupos juveniles buscan continuar con el negocio.<\/p>\n\n\n\n<p>Responden a personajes con mayor poder. Algunos est\u00e1n en la c\u00e1rcel o tienen detenci\u00f3n domiciliaria y dirigen a sus hombres de confianza para mantener un narcomenudeo que genera millones de pesos de ganancia.<\/p>\n\n\n\n<p><strong>Fuente: www.elsol.com.ar<\/strong><\/p>\n","protected":false},"excerpt":{"rendered":"<p>Una guerra de bandas que no tiene control. Comercio de drogas en peque\u00f1as cantidades, armas y conocidos personajes que no pierden vigencia a pesar de los a\u00f1os vienen generando terror desde hace meses. Parece una historia repetida y contada decena de veces porque el modus operandi es el mismo,&nbsp;pero los tiroteos en el oeste de [&hellip;]<\/p>\n","protected":false},"author":2,"featured_media":5865,"comment_status":"open","ping_status":"open","sticky":false,"template":"","format":"standard","meta":[],"categories":[48],"tags":[],"_links":{"self":[{"href":"https:\/\/pasaenmendoza.com\/index.php?rest_route=\/wp\/v2\/posts\/5861"}],"collection":[{"href":"https:\/\/pasaenmendoza.com\/index.php?rest_route=\/wp\/v2\/posts"}],"about":[{"href":"https:\/\/pasaenmendoza.com\/index.php?rest_route=\/wp\/v2\/types\/post"}],"author":[{"embeddable":true,"href":"https:\/\/pasaenmendoza.com\/index.php?rest_route=\/wp\/v2\/users\/2"}],"replies":[{"embeddable":true,"href":"https:\/\/pasaenmendoza.com\/index.php?rest_route=%2Fwp%2Fv2%2Fcomments&post=5861"}],"version-history":[{"count":1,"href":"https:\/\/pasaenmendoza.com\/index.php?rest_route=\/wp\/v2\/posts\/5861\/revisions"}],"predecessor-version":[{"id":5866,"href":"https:\/\/pasaenmendoza.com\/index.php?rest_route=\/wp\/v2\/posts\/5861\/revisions\/5866"}],"wp:featuredmedia":[{"embeddable":true,"href":"https:\/\/pasaenmendoza.com\/index.php?rest_route=\/wp\/v2\/media\/5865"}],"wp:attachment":[{"href":"https:\/\/pasaenmendoza.com\/index.php?rest_route=%2Fwp%2Fv2%2Fmedia&parent=5861"}],"wp:term":[{"taxonomy":"category","embeddable":true,"href":"https:\/\/pasaenmendoza.com\/index.php?rest_route=%2Fwp%2Fv2%2Fcategories&post=5861"},{"taxonomy":"post_tag","embeddable":true,"href":"https:\/\/pasaenmendoza.com\/index.php?rest_route=%2Fwp%2Fv2%2Ftags&post=5861"}],"curies":[{"name":"wp","href":"https:\/\/api.w.org\/{rel}","templated":true}]}}