{"id":5864,"date":"2024-03-05T13:48:58","date_gmt":"2024-03-05T12:48:58","guid":{"rendered":"https:\/\/pasaenmendoza.com\/?p=5864"},"modified":"2024-03-05T13:48:59","modified_gmt":"2024-03-05T12:48:59","slug":"el-gobierno-descarto-la-reduccion-de-frecuencias-en-el-transporte-a-pesar-de-la-suba-de-costos","status":"publish","type":"post","link":"https:\/\/pasaenmendoza.com\/?p=5864","title":{"rendered":"El Gobierno descart\u00f3 la reducci\u00f3n de frecuencias en el transporte a pesar de la suba de costos"},"content":{"rendered":"\n<p>El director de Transporte de Mendoza,<strong>\u00a0Luis Borrego<\/strong>, neg\u00f3 este lunes que se<strong>\u00a0vayan a reducir las frecuencias del transporte p\u00fablico de Mendoza<\/strong>\u00a0para sostener los incrementos en el sistema de kil\u00f3metro recorrido y que el aumento del boleto vaya a volver imposible los viajes.\u00a0<strong>Coment\u00f3 que ambos escenarios son improbables<\/strong>.<\/p>\n\n\n\n<p>Los empresarios del transporte ya presentaron sus estudios de costo de cara a la audiencia p\u00fablica del pr\u00f3ximo 27 de marzo y\u00a0<strong>los n\u00fameros para el sostenimiento del servicio ascienden a m\u00e1s del 100% de incremento del valor del kil\u00f3metro recorrido<\/strong>. La \u00faltima autorizaci\u00f3n fue de $800 y la tarifa plana de $200.<\/p>\n\n\n\n<p>El ex gobernador Julio Cobos implement\u00f3 este sistema en 2005, de tal manera que<strong>\u00a0no se solventa por cantidad de pasajeros que usan las frecuencias, sino que se compensa de manera solidaria en aquellos lugares donde hay menos densidad poblacional, fijando un valor por cada kil\u00f3metro.<\/strong><\/p>\n\n\n\n<h2 class=\"wp-block-heading\"><strong>Aumento del boleto de transporte p\u00fablico<\/strong><\/h2>\n\n\n\n<p>&#8220;Los empresarios han solicitado una actualizaci\u00f3n de costos, porque hoy estamos con valores que son de septiembre del a\u00f1o pasado. Esto abre un proceso para que sean verificados los aumentos que implica brindar el servicio para las concesionarias y&nbsp;<strong>el Ente de Movilidad (EMOP) est\u00e1 haciendo el estudio que se presentar\u00e1 en la audiencia p\u00fablica<\/strong>&#8220;, explic\u00f3 Borrego a&nbsp;<strong>Diario UNO<\/strong>.<\/p>\n\n\n\n<p>Y enfatiz\u00f3: &#8220;<strong>De ninguna manera vamos a sacar frecuencias, lo que estamos haciendo es hacerlas m\u00e1s eficientes revisando todas las transacciones que se realizan y las gratuidades<\/strong>&#8220;.<\/p>\n\n\n\n<p>Seg\u00fan el planteo de los empresarios de transporte, con un aumento del 100%<strong>&nbsp;el valor del kil\u00f3metro recorrido para la zona urbana se ir\u00eda a $1.950 y para los interurbanos de 2.050.<\/strong><\/p>\n\n\n\n<p>Tras la ca\u00edda de la &#8220;ley \u00f3mnibus&#8221; y en medio de un intenso conflicto con los gobernadores,&nbsp;<strong>el gobierno nacional retir\u00f3 todos los subsidios<\/strong>&nbsp;a las empresas de transporte p\u00fablico de pasajeros provinciales, adem\u00e1s de&nbsp;<strong>liberar el precio de los autobuses en las \u00e1reas urbanas<\/strong>&nbsp;y suprimir el Fondo Compensador del Interior.<\/p>\n\n\n\n<p>Borrego insisti\u00f3 en que en el inicio del ciclo lectivo 2024 funcionaron la totalidad de las frecuencias y recorridos por el inicio de clases y aclar\u00f3:&nbsp;<strong>&#8220;Hoy estamos cubriendo nosotros los recursos del Fondo Compensador del Transporte que no nos env\u00edan desde fines del a\u00f1o pasado&#8221;.<\/strong><\/p>\n\n\n\n<h2 class=\"wp-block-heading\"><strong>Las estrategias para sostener el transporte p\u00fablico<\/strong><\/h2>\n\n\n\n<p>Del an\u00e1lisis de los aumentos de costos del transporte para las empresas que tienen la concesi\u00f3n, que se computan por incrementos en el combustible, repuestos, salarios de los choferes -entre otros-, surge el concepto del valor t\u00e9cnico del boleto, que representa el costo sin ning\u00fan tipo de subsidios.&nbsp;<strong>Ese valor rondaba en los $1.200.<\/strong><\/p>\n\n\n\n<p>En ninguna de las provincias del pa\u00eds que han tenido actualizaciones por la quita de los fondos de Naci\u00f3n subi\u00f3 tanto el pasaje.&nbsp;<strong>El precio promedio para viajar en el transporte p\u00fablico va de los $400 a los $600.<\/strong><\/p>\n\n\n\n<p>Por tal raz\u00f3n, el Gobierno de Alfredo Cornejo busca ahorrar y compensar los subsidios que ya no tiene,&nbsp;<strong>poniendo las gratuidades con una lupa y evaluando frecuencias y servicios donde hay menor recaudaci\u00f3n.<\/strong><\/p>\n\n\n\n<p>&#8220;En el servicio del Metrotranv\u00eda, por ejemplo, suben 20 y \u00bfcu\u00e1ntos pagan el pasaje? Quiz\u00e1s haya que&nbsp;<strong>poner m\u00e1s inspectores<\/strong>&#8220;, analiz\u00f3 una fuente cercana del empresariado del transporte.<\/p>\n\n\n\n<p>Borrego no precis\u00f3 cu\u00e1l es el porcentaje que tienen que volcar para costear el kil\u00f3metro recorrido y dijo que est\u00e1 siendo analizado por EMOP para\u00a0<strong>establecer si debe aumentar un 100% o es menor la actualizaci\u00f3n<\/strong>.<\/p>\n\n\n\n<p>FUENTE: Diariouno.com.ar <\/p>\n","protected":false},"excerpt":{"rendered":"<p>El director de Transporte de Mendoza,\u00a0Luis Borrego, neg\u00f3 este lunes que se\u00a0vayan a reducir las frecuencias del transporte p\u00fablico de Mendoza\u00a0para sostener los incrementos en el sistema de kil\u00f3metro recorrido y que el aumento del boleto vaya a volver imposible los viajes.\u00a0Coment\u00f3 que ambos escenarios son improbables. Los empresarios del transporte ya presentaron sus estudios [&hellip;]<\/p>\n","protected":false},"author":2,"featured_media":5867,"comment_status":"open","ping_status":"open","sticky":true,"template":"","format":"standard","meta":[],"categories":[47],"tags":[],"_links":{"self":[{"href":"https:\/\/pasaenmendoza.com\/index.php?rest_route=\/wp\/v2\/posts\/5864"}],"collection":[{"href":"https:\/\/pasaenmendoza.com\/index.php?rest_route=\/wp\/v2\/posts"}],"about":[{"href":"https:\/\/pasaenmendoza.com\/index.php?rest_route=\/wp\/v2\/types\/post"}],"author":[{"embeddable":true,"href":"https:\/\/pasaenmendoza.com\/index.php?rest_route=\/wp\/v2\/users\/2"}],"replies":[{"embeddable":true,"href":"https:\/\/pasaenmendoza.com\/index.php?rest_route=%2Fwp%2Fv2%2Fcomments&post=5864"}],"version-history":[{"count":1,"href":"https:\/\/pasaenmendoza.com\/index.php?rest_route=\/wp\/v2\/posts\/5864\/revisions"}],"predecessor-version":[{"id":5868,"href":"https:\/\/pasaenmendoza.com\/index.php?rest_route=\/wp\/v2\/posts\/5864\/revisions\/5868"}],"wp:featuredmedia":[{"embeddable":true,"href":"https:\/\/pasaenmendoza.com\/index.php?rest_route=\/wp\/v2\/media\/5867"}],"wp:attachment":[{"href":"https:\/\/pasaenmendoza.com\/index.php?rest_route=%2Fwp%2Fv2%2Fmedia&parent=5864"}],"wp:term":[{"taxonomy":"category","embeddable":true,"href":"https:\/\/pasaenmendoza.com\/index.php?rest_route=%2Fwp%2Fv2%2Fcategories&post=5864"},{"taxonomy":"post_tag","embeddable":true,"href":"https:\/\/pasaenmendoza.com\/index.php?rest_route=%2Fwp%2Fv2%2Ftags&post=5864"}],"curies":[{"name":"wp","href":"https:\/\/api.w.org\/{rel}","templated":true}]}}