{"id":5875,"date":"2024-03-05T21:29:00","date_gmt":"2024-03-05T20:29:00","guid":{"rendered":"https:\/\/pasaenmendoza.com\/?p=5875"},"modified":"2024-03-05T21:30:51","modified_gmt":"2024-03-05T20:30:51","slug":"la-corte-designo-a-3-jueces-para-resolver-si-la-titular-del-sute-pierde-los-fueros-sindicales","status":"publish","type":"post","link":"https:\/\/pasaenmendoza.com\/?p=5875","title":{"rendered":"La Corte design\u00f3 a 3 jueces para resolver si la titular del SUTE pierde los fueros sindicales"},"content":{"rendered":"\n<p>La Suprema Corte de Justicia design\u00f3 por sorteo a los tres jueces que atender\u00e1n la apelaci\u00f3n de Carina Sedano, titular del\u00a0<strong>SUTE<\/strong>, contra el fallo laboral que le quit\u00f3 la tutela sindical para darle la baja a horas c\u00e1tedra como docente suplente en una escuela de Lavalle.<\/p>\n\n\n\n<p>Se trata de&nbsp;<strong>Mar\u00eda Teresa Day, Jos\u00e9 Valerio y Julio G\u00f3mez<\/strong>, designados por&nbsp;<strong>sorteo inform\u00e1tico<\/strong>&nbsp;tal como sucede con cada una de las causas nuevas desde que se elimin\u00f3 la especializaci\u00f3n judicial por Salas I y II.<\/p>\n\n\n\n<p>Tras una presentaci\u00f3n judicial a cargo del Poder Ejecutivo provincial,&nbsp;<strong>la Primera C\u00e1mara Laboral excluy\u00f3 a Sedano de la tutela sindical<\/strong>&nbsp;y allan\u00f3 el camino para que le fueran retiradas horas c\u00e1tedra en la escuela Hijas de Guanacache, en El Chilcal, Lavalle.<\/p>\n\n\n\n<h2 class=\"wp-block-heading\">El conflicto entre Gobierno y la titular del SUTE que lleg\u00f3 a la Corte<\/h2>\n\n\n\n<p>Todo comenz\u00f3 en noviembre de 2022, cuando integrantes del sindicato docente de Mendoza, con Sedano a la cabeza, fueron responsabilizados por los&nbsp;<strong>destrozos materiales y la intimidaci\u00f3n a personal de la UCIM y de la DGE durante una manifestaci\u00f3n en la Legislatura provincial.<\/strong><\/p>\n\n\n\n<p>No estaban autorizados a ingresar a esas instalaciones, indic\u00f3 la sentencia.<\/p>\n\n\n\n<p>Oportunamente y tras la demanda laboral interpuesta por la DGE, los camaristas laborales admitieron el planteo y dispusieron el&nbsp;<strong>\u201ccese de la garant\u00eda gremial&nbsp;<\/strong>a fin de proceder la actora (la DGE) a merituar la baja de las horas c\u00e1tedra adultos como docente suplente en cargo vacante en la escuela Hijas de Guanacache, de El Chical\u201d.<\/p>\n\n\n\n<p>Como respuesta, Sedano acudi\u00f3 a la Suprema Corte de Justicia. Apel\u00f3 el fallo laboral presentando un&nbsp;<strong>recurso extraordinario provincial<\/strong>&nbsp;y pidi\u00f3&nbsp;<strong>que se rechace la demanda, se revoque la sentencia y se mantenga su tutela gremial<\/strong>.<\/p>\n\n\n\n<p>Argument\u00f3 la titular del SUTE que el fallo laboral &#8220;violenta la libertad de acci\u00f3n sindical&#8221;.<\/p>\n\n\n\n<p><strong>Fuente: www.diariouno.com.ar<\/strong><\/p>\n","protected":false},"excerpt":{"rendered":"<p>La Suprema Corte de Justicia design\u00f3 por sorteo a los tres jueces que atender\u00e1n la apelaci\u00f3n de Carina Sedano, titular del\u00a0SUTE, contra el fallo laboral que le quit\u00f3 la tutela sindical para darle la baja a horas c\u00e1tedra como docente suplente en una escuela de Lavalle. Se trata de&nbsp;Mar\u00eda Teresa Day, Jos\u00e9 Valerio y Julio [&hellip;]<\/p>\n","protected":false},"author":2,"featured_media":5876,"comment_status":"open","ping_status":"open","sticky":false,"template":"","format":"standard","meta":[],"categories":[60],"tags":[],"_links":{"self":[{"href":"https:\/\/pasaenmendoza.com\/index.php?rest_route=\/wp\/v2\/posts\/5875"}],"collection":[{"href":"https:\/\/pasaenmendoza.com\/index.php?rest_route=\/wp\/v2\/posts"}],"about":[{"href":"https:\/\/pasaenmendoza.com\/index.php?rest_route=\/wp\/v2\/types\/post"}],"author":[{"embeddable":true,"href":"https:\/\/pasaenmendoza.com\/index.php?rest_route=\/wp\/v2\/users\/2"}],"replies":[{"embeddable":true,"href":"https:\/\/pasaenmendoza.com\/index.php?rest_route=%2Fwp%2Fv2%2Fcomments&post=5875"}],"version-history":[{"count":2,"href":"https:\/\/pasaenmendoza.com\/index.php?rest_route=\/wp\/v2\/posts\/5875\/revisions"}],"predecessor-version":[{"id":5878,"href":"https:\/\/pasaenmendoza.com\/index.php?rest_route=\/wp\/v2\/posts\/5875\/revisions\/5878"}],"wp:featuredmedia":[{"embeddable":true,"href":"https:\/\/pasaenmendoza.com\/index.php?rest_route=\/wp\/v2\/media\/5876"}],"wp:attachment":[{"href":"https:\/\/pasaenmendoza.com\/index.php?rest_route=%2Fwp%2Fv2%2Fmedia&parent=5875"}],"wp:term":[{"taxonomy":"category","embeddable":true,"href":"https:\/\/pasaenmendoza.com\/index.php?rest_route=%2Fwp%2Fv2%2Fcategories&post=5875"},{"taxonomy":"post_tag","embeddable":true,"href":"https:\/\/pasaenmendoza.com\/index.php?rest_route=%2Fwp%2Fv2%2Ftags&post=5875"}],"curies":[{"name":"wp","href":"https:\/\/api.w.org\/{rel}","templated":true}]}}