{"id":5882,"date":"2024-03-05T21:40:41","date_gmt":"2024-03-05T20:40:41","guid":{"rendered":"https:\/\/pasaenmendoza.com\/?p=5882"},"modified":"2024-03-05T21:40:42","modified_gmt":"2024-03-05T20:40:42","slug":"la-nacion-cito-a-todos-los-ministros-de-hacienda-del-pais-previo-a-la-reunion-con-los-gobernadores","status":"publish","type":"post","link":"https:\/\/pasaenmendoza.com\/?p=5882","title":{"rendered":"La Naci\u00f3n cit\u00f3 a todos los ministros de Hacienda del pa\u00eds previo a la reuni\u00f3n con los gobernadores"},"content":{"rendered":"\n<p>Antes de la<strong>\u00a0reuni\u00f3n con los gobernadores que Javier Milei llevar\u00e1 adelante este viernes en la Casa Rosada\u00a0<\/strong>y que es el punto de partida para la firma del\u00a0<strong>Pacto de Mayo<\/strong>, el gobierno nacional quiere transmitir, a trav\u00e9s de los ministros de Hacienda de las 23 provincias y de CABA,\u00a0<strong>informaci\u00f3n clave\u00a0<\/strong>para los mandatarios provinciales.<\/p>\n\n\n\n<p>Esta tiene que ver con el&nbsp;<strong>cap\u00edtulo fiscal de la Ley \u00d3mnibus que el Ejecutivo Nacional quiere volver a presentar<\/strong>, pero esta vez, con un acuerdo previo con los gobernadores, para que la ley no se vuelva a caer.<\/p>\n\n\n\n<p>En este c\u00f3nclave, que se realizar\u00e1 este mi\u00e9rcoles, participar\u00e1 V\u00edctor Fayad,<strong>&nbsp;ministro de Hacienda y Finanzas<\/strong>&nbsp;<strong>de Mendoza.<\/strong><\/p>\n\n\n\n<h2 class=\"wp-block-heading\">Informaci\u00f3n financiera y fiscal clave<\/h2>\n\n\n\n<p>Desde el Ministerio de comanda el Peque Fayad, explicaron que el ministro solo va a hacer declaraciones cuando la reuni\u00f3n con los titulares de Hacienda concluya. &#8220;Lo han invitado a \u00e9l, por eso no hay temas para comentar, porque \u00e9l est\u00e1 esperando para ver cu\u00e1l es la agenda que le proponen&#8221;, dijeron.<\/p>\n\n\n\n<p><strong>La reuni\u00f3n no ser\u00e1 con el ministro de Econom\u00eda, Luis Caputo, sino con el secretario de Hacienda, Carlos Guberman,<\/strong>&nbsp;en la Comisi\u00f3n Federal de Impuestos, un organismo t\u00e9cnico que articula el Control, Fiscalizaci\u00f3n y Asesoramiento e Interpretaci\u00f3n de las Relaciones Financieras entre las 23 provincias, la Ciudad y Naci\u00f3n.<\/p>\n\n\n\n<p>Lo m\u00e1s probable es que en<strong>\u00a0esta instancia se revisen los n\u00fameros puntuales de las finanzas de cada provincia\u00a0<\/strong>y el\u00a0<strong>impacto en la cuentas p\u00fablicas que ha provocado el recorte de fondos discrecionales que decidi\u00f3 hacer Milei\u00a0<\/strong>y que ha provocado asfixia financiera en el interior del pa\u00eds.<\/p>\n\n\n\n<h2 class=\"wp-block-heading\">El gobierno nacional redujo el env\u00edo de fondos en un 55% en febrero<\/h2>\n\n\n\n<p>Los env\u00edos de fondos a las gobernaciones es una de las partidas del gasto en las que el Gobierno cerr\u00f3 el grifo casi en un 100% y mediante las cuales escal\u00f3 tensiones con las provincias.<\/p>\n\n\n\n<p>Seg\u00fan un informe dado a conocer por el Instituto Argentino de An\u00e1lisis Fiscal (IARAF), &#8220;en febrero las provincias recibieron $18.250 millones lo que implica una ca\u00edda interanual nominal de 55% y una real de 88 por ciento&#8221;.<\/p>\n\n\n\n<p>&#8220;Si se considera el gasto devengado, se observ\u00f3 una suba nominal del 26,2% y una baja real del 67%&#8221;, agreg\u00f3.<\/p>\n\n\n\n<p>De hecho,&nbsp;<strong>la mitad de las provincias recibieron menos de 18 millones de pesos durante febrero<\/strong>&nbsp;y&nbsp;<strong>algunas<\/strong>&nbsp;directamente&nbsp;<strong>no recibieron.<\/strong><\/p>\n\n\n\n<h2 class=\"wp-block-heading\">Diferentes posturas con respecto a Ganancias<\/h2>\n\n\n\n<p>Seg\u00fan el portal de noticias &#8220;El Cronista&#8221;, si bien el Gobierno nacional quiere restituir el Impuesto a las Ganancias -tal y como lo asegur\u00f3 el ministro del Interior, Guillermo Francos- y esto significar\u00eda un incremento en la Coparticipaci\u00f3n para las provincias, los votos de esta iniciativa no est\u00e1n asegurados en el Congreso.<\/p>\n\n\n\n<p>&#8220;No hay una posici\u00f3n homog\u00e9nea entre los gobernadores al respecto&#8221;, asegur\u00f3 una importante fuente a este medio. Al igual que sucedi\u00f3 durante la reuni\u00f3n en el Consejo Federal de Inversiones (CFI), un grupo de ellos volver\u00eda a insistir con la coparticipaci\u00f3n del Impuesto Pa\u00eds, pero el Gobierno nacional no est\u00e1 dispuesto a hacerlo porque representa una importante entrada de fondos para las arcas estatales.<\/p>\n\n\n\n<p><strong>Fuente: www.diariouno.com.ar<\/strong><\/p>\n","protected":false},"excerpt":{"rendered":"<p>Antes de la\u00a0reuni\u00f3n con los gobernadores que Javier Milei llevar\u00e1 adelante este viernes en la Casa Rosada\u00a0y que es el punto de partida para la firma del\u00a0Pacto de Mayo, el gobierno nacional quiere transmitir, a trav\u00e9s de los ministros de Hacienda de las 23 provincias y de CABA,\u00a0informaci\u00f3n clave\u00a0para los mandatarios provinciales. Esta tiene que [&hellip;]<\/p>\n","protected":false},"author":2,"featured_media":5883,"comment_status":"open","ping_status":"open","sticky":false,"template":"","format":"standard","meta":[],"categories":[47],"tags":[],"_links":{"self":[{"href":"https:\/\/pasaenmendoza.com\/index.php?rest_route=\/wp\/v2\/posts\/5882"}],"collection":[{"href":"https:\/\/pasaenmendoza.com\/index.php?rest_route=\/wp\/v2\/posts"}],"about":[{"href":"https:\/\/pasaenmendoza.com\/index.php?rest_route=\/wp\/v2\/types\/post"}],"author":[{"embeddable":true,"href":"https:\/\/pasaenmendoza.com\/index.php?rest_route=\/wp\/v2\/users\/2"}],"replies":[{"embeddable":true,"href":"https:\/\/pasaenmendoza.com\/index.php?rest_route=%2Fwp%2Fv2%2Fcomments&post=5882"}],"version-history":[{"count":1,"href":"https:\/\/pasaenmendoza.com\/index.php?rest_route=\/wp\/v2\/posts\/5882\/revisions"}],"predecessor-version":[{"id":5884,"href":"https:\/\/pasaenmendoza.com\/index.php?rest_route=\/wp\/v2\/posts\/5882\/revisions\/5884"}],"wp:featuredmedia":[{"embeddable":true,"href":"https:\/\/pasaenmendoza.com\/index.php?rest_route=\/wp\/v2\/media\/5883"}],"wp:attachment":[{"href":"https:\/\/pasaenmendoza.com\/index.php?rest_route=%2Fwp%2Fv2%2Fmedia&parent=5882"}],"wp:term":[{"taxonomy":"category","embeddable":true,"href":"https:\/\/pasaenmendoza.com\/index.php?rest_route=%2Fwp%2Fv2%2Fcategories&post=5882"},{"taxonomy":"post_tag","embeddable":true,"href":"https:\/\/pasaenmendoza.com\/index.php?rest_route=%2Fwp%2Fv2%2Ftags&post=5882"}],"curies":[{"name":"wp","href":"https:\/\/api.w.org\/{rel}","templated":true}]}}