{"id":5885,"date":"2024-03-05T21:53:28","date_gmt":"2024-03-05T20:53:28","guid":{"rendered":"https:\/\/pasaenmendoza.com\/?p=5885"},"modified":"2024-03-05T21:53:29","modified_gmt":"2024-03-05T20:53:29","slug":"fiesta-de-la-aristides-villanueva-los-detalles-sobre-lo-que-se-podra-hacer-el-jueves","status":"publish","type":"post","link":"https:\/\/pasaenmendoza.com\/?p=5885","title":{"rendered":"Fiesta de la Ar\u00edstides Villanueva: los detalles sobre lo que se podr\u00e1 hacer el jueves"},"content":{"rendered":"\n<p>La calle\u00a0Ar\u00edstides Villanueva\u00a0se prepara para celebrar su sexto aniversario con una fiesta que tendr\u00e1 de todo. La cita est\u00e1 programada para el jueves 7 de marzo, cuando desde las 18 horas la arteria se convierta en peatonal para recibir a mendocinos y turistas.<\/p>\n\n\n\n<p>Seg\u00fan informaron desde el municipio de\u00a0Capital, la celebraci\u00f3n incluir\u00e1 descuentos y happy hours en locales gastron\u00f3micos,  DJ\u00b4s que animar\u00e1n la jornada e intervenciones art\u00edsticas que transformar\u00e1n la celebraci\u00f3n en una experiencia \u00fanica. Adem\u00e1s, la nueva\u00a0Reina de la Vendimia, Agostina Jazm\u00edn Saua, tendr\u00e1 su momento cuando sea recibida oficialmente junto a Roc\u00edo Neila, la recientemente elegida virreina y representante del departamento de San Carlos.<\/p>\n\n\n\n<p>Con el objetivo de garantizar la seguridad de los visitantes que lleguen hasta la reconocida calle mendocina, el municipio organiz\u00f3 un plan de contingencias. En este sentido, destacaron que habr\u00e1 puntos sanitarios en lugares estrat\u00e9gicos, como las intersecciones de Ar\u00edstides Villanueva con Belgrano, Olascoaga, Mart\u00ednez de Rozas y Granaderos. Este despliegue incluir\u00e1 atenci\u00f3n m\u00e9dica, presencia de Defensa Civil, de la organizaci\u00f3n Vuelo Controlado, Bomberos Voluntarios, puntos de hidrataci\u00f3n, seguridad a cargo de la polic\u00eda y preventores, ba\u00f1os qu\u00edmicos y personal de tr\u00e1nsito para ordenar la circulaci\u00f3n.<\/p>\n\n\n\n<h2 class=\"wp-block-heading\">Para tener en cuenta<\/h2>\n\n\n\n<ul>\n<li>A partir de las 23.30, se suspender\u00e1 el expendio de alcohol en las mesas ubicadas en la calle.<\/li>\n\n\n\n<li>Desde la ma\u00f1ana, se realizar\u00e1n despejes de estacionamiento en la zona designada para la celebraci\u00f3n<\/li>\n\n\n\n<li>Se colocar\u00e1n contenedores de residuos en los laterales de la avenida Ar\u00edstides.&nbsp;<\/li>\n<\/ul>\n\n\n\n<h2 class=\"wp-block-heading\">Como Ar\u00edstides Villanueva estar\u00e1 cortada de Belgrano a Huarpes, el recorrido de los colectivos se realizar\u00e1 de la siguiente manera:&nbsp;<\/h2>\n\n\n\n<ul>\n<li>L\u00ednea 130: Centro a Zona. Col\u00f3n, Per\u00fa, Montevideo, Mart\u00edn &nbsp;Zapata, Boulogne Sur Mer, a su recorrido.<\/li>\n\n\n\n<li>L\u00ednea 533: Centro a Zona. Col\u00f3n, Per\u00fa, Montevideo, Mart\u00edn Zapata, Mart\u00ednez de Rozas, a su recorrido.<\/li>\n\n\n\n<li>La Ciudad de Mendoza invita a todos los asistentes a celebrar este nuevo aniversario de manera responsable y colaborativa.<\/li>\n<\/ul>\n\n\n\n<p><strong>Fuente: www.mdzol.com<\/strong><\/p>\n","protected":false},"excerpt":{"rendered":"<p>La calle\u00a0Ar\u00edstides Villanueva\u00a0se prepara para celebrar su sexto aniversario con una fiesta que tendr\u00e1 de todo. La cita est\u00e1 programada para el jueves 7 de marzo, cuando desde las 18 horas la arteria se convierta en peatonal para recibir a mendocinos y turistas. Seg\u00fan informaron desde el municipio de\u00a0Capital, la celebraci\u00f3n incluir\u00e1 descuentos y happy [&hellip;]<\/p>\n","protected":false},"author":2,"featured_media":5886,"comment_status":"open","ping_status":"open","sticky":false,"template":"","format":"standard","meta":[],"categories":[50],"tags":[],"_links":{"self":[{"href":"https:\/\/pasaenmendoza.com\/index.php?rest_route=\/wp\/v2\/posts\/5885"}],"collection":[{"href":"https:\/\/pasaenmendoza.com\/index.php?rest_route=\/wp\/v2\/posts"}],"about":[{"href":"https:\/\/pasaenmendoza.com\/index.php?rest_route=\/wp\/v2\/types\/post"}],"author":[{"embeddable":true,"href":"https:\/\/pasaenmendoza.com\/index.php?rest_route=\/wp\/v2\/users\/2"}],"replies":[{"embeddable":true,"href":"https:\/\/pasaenmendoza.com\/index.php?rest_route=%2Fwp%2Fv2%2Fcomments&post=5885"}],"version-history":[{"count":1,"href":"https:\/\/pasaenmendoza.com\/index.php?rest_route=\/wp\/v2\/posts\/5885\/revisions"}],"predecessor-version":[{"id":5887,"href":"https:\/\/pasaenmendoza.com\/index.php?rest_route=\/wp\/v2\/posts\/5885\/revisions\/5887"}],"wp:featuredmedia":[{"embeddable":true,"href":"https:\/\/pasaenmendoza.com\/index.php?rest_route=\/wp\/v2\/media\/5886"}],"wp:attachment":[{"href":"https:\/\/pasaenmendoza.com\/index.php?rest_route=%2Fwp%2Fv2%2Fmedia&parent=5885"}],"wp:term":[{"taxonomy":"category","embeddable":true,"href":"https:\/\/pasaenmendoza.com\/index.php?rest_route=%2Fwp%2Fv2%2Fcategories&post=5885"},{"taxonomy":"post_tag","embeddable":true,"href":"https:\/\/pasaenmendoza.com\/index.php?rest_route=%2Fwp%2Fv2%2Ftags&post=5885"}],"curies":[{"name":"wp","href":"https:\/\/api.w.org\/{rel}","templated":true}]}}