{"id":5888,"date":"2024-03-06T12:15:52","date_gmt":"2024-03-06T11:15:52","guid":{"rendered":"https:\/\/pasaenmendoza.com\/?p=5888"},"modified":"2024-03-06T12:15:53","modified_gmt":"2024-03-06T11:15:53","slug":"el-inesperado-protagonismo-de-la-vicegobernadora-hebe-casado","status":"publish","type":"post","link":"https:\/\/pasaenmendoza.com\/?p=5888","title":{"rendered":"El inesperado protagonismo de la vicegobernadora Hebe Casado"},"content":{"rendered":"\n<p>Ha quedado dos veces a cargo del Ejecutivo en tres meses. Recorre la provincia, articula proyectos en la Legislatura y se posiciona para presidir el PRO en Mendoza.<\/p>\n\n\n\n<p>Lejos de su perfil \u00e1cido y verborr\u00e1gico -que la llev\u00f3 al centro de la escena m\u00e1s de una vez por sus cruces en las redes sociales-,\u00a0<strong>Hebe Casado<\/strong>\u00a0ha demostrado mu\u00f1eca pol\u00edtica, b\u00fasqueda de consensos, di\u00e1logo con la oposici\u00f3n y territorio desde que hace tres meses se puso el traje de vicegobernadora. Adem\u00e1s, en este corto periodo, estuvo dos veces en los zapatos del gobernador\u00a0<strong>Alfredo Cornejo<\/strong>\u00a0y esta semana ser\u00e1 la encargada de ir a Buenos Aires y sentarse junto al resto de los gobernadores a dialogar con el presidente Javier Milei en la Casa Rosada.<\/p>\n\n\n\n<p>Despu\u00e9s de su paso por la c\u00e1mara de Diputados,\u00a0<strong>Hebe Casado<\/strong>, hab\u00eda vuelto a su trabajo como m\u00e9dica inmun\u00f3loga y continu\u00f3 militando en la calle y desde sus cuentas oficiales. No dud\u00f3 en apoyar desde el primer momento a Patricia Bullrich y eso le jug\u00f3 a favor a la hora de elegir una compa\u00f1era de f\u00f3rmula para\u00a0<strong>Alfredo Cornejo<\/strong>. Aunque hab\u00eda muchos nombres de mujeres radicales dando vueltas para la vicegobernaci\u00f3n, finalmente, se impuso la sanrafaelina.<\/p>\n\n\n\n<p>Aunque muchos pensaron que el cargo le iba a quedar grande -por la falta de estructura propia y por inexperiencia en la pol\u00edtica-, a fuerza de tenacidad y trabajo,&nbsp;<strong>Hebe Casado<\/strong>&nbsp;ha demostrado m\u00e1s gesti\u00f3n que muchos vicegobernadores en solo 90 d\u00edas. En la Legislatura trabaja con su equipo integrado por personas de su confianza y en su agenda figuran entrevistas con intendentes, visitas a dependencias del Gobierno de Mendoza, reuniones con organizaciones sociales, clubes, c\u00e1maras de empresarios y comerciantes.&nbsp;<\/p>\n\n\n\n<h2 class=\"wp-block-heading\">Hebe Casado, dos veces gobernadora<\/h2>\n\n\n\n<p>La primera prueba de fuego de\u00a0<strong>Hebe Casado\u00a0<\/strong>al frente del Ejecutivo fue el 22 de enero mientras la Legislatura estaba en receso estival. Durante ocho d\u00edas la vicegobernadora estuvo a cargo de las tareas de la Casa de Gobierno porque\u00a0<strong>Alfredo Cornejo<\/strong>\u00a0estaba en Madrid participando en la Feria Internacional del Turismo en Espa\u00f1a. Durante esos d\u00edas viaj\u00f3 a San Rafael, sigui\u00f3 de cerca el paro nacional convocado por la CGT y el inicio del tratamiento de la ley \u00f3mnibus.<\/p>\n\n\n\n<p>Ahora,\u00a0<strong>Hebe Casado\u00a0<\/strong>es nuevamente gobernadora interina porque el mandatario provincial est\u00e1 en Canad\u00e1 \u00a0junto a otros funcionarios provinciales en la feria minera Prospectors &amp; Developers Association of Canada (PDAC), la convenci\u00f3n m\u00e1s importante de la actividad a nivel mundial.<\/p>\n\n\n\n<p>El domingo y el lunes fue la anfitriona de las actividades de Victoria Villarruel en Mendoza y hasta organiz\u00f3 una reuni\u00f3n del gabinete provincial con la vicepresidente para que los funcionarios pudieran plantear sus inquietudes y reclamos.\u00a0<\/p>\n\n\n\n<p><strong>Alfredo Cornejo<\/strong>&nbsp;tiene el pasaje de regreso reci\u00e9n para el s\u00e1bado a la tarde, por lo tanto,&nbsp;<strong>Hebe Casado<\/strong>&nbsp;ir\u00e1 a la reuni\u00f3n de los gobernadores con el presidente Javier Milei. Este encuentro hab\u00eda sido confirmado por el ministro del Interior, Guillermo Francos, durante su estad\u00eda en Mendoza durante las actividades vendimiales.&nbsp;En Buenos Aires, la vicegobernadora se encontrar\u00e1 en una encrucijada donde deber\u00e1 optar por seguir alineada sin reparos al gobierno nacional o anteponer los reclamos de la provincia.&nbsp;<\/p>\n\n\n\n<h2 class=\"wp-block-heading\">Reuniones con dirigentes nacionales<\/h2>\n\n\n\n<p>Desde abril del a\u00f1o pasado, cuando\u00a0<strong>Alfredo Cornejo\u00a0<\/strong>la confirm\u00f3 como compa\u00f1era de f\u00f3rmula,<strong>\u00a0Hebe Casado<\/strong>\u00a0empez\u00f3 su peregrinaje para entrevistarse con dirigentes nacionales. Consigui\u00f3 la unci\u00f3n de todo el arco del\u00a0<strong>Pro<a href=\"https:\/\/www.mdzol.com\/temas\/pro-6059.html\">\u00a0<\/a><\/strong>nacional y mostr\u00f3 esa carta de presentaci\u00f3n para mantenerse como referente en Mendoza.\u00a0<\/p>\n\n\n\n<p>Este a\u00f1o, ya una vez asumida en el cargo, viaj\u00f3 a Villa La Angostura a encontrarse con Mauricio Macri, a Buenos Aires para saludar a la vicepresidente Victoria Villarruel, al presidente de la c\u00e1mara de Diputados, Mart\u00edn Menem, y reunirse con su madrina pol\u00edtica, Patricia Bullrich. Tambi\u00e9n tuvo tiempo de pasar por CABA y reunirse con el jefe de Gobierno de la Ciudad de Buenos Aires, Jorge Macri, y la vicejefa de Gobierno de Buenos Aires, Clara Muzzio.&nbsp;<\/p>\n\n\n\n<h2 class=\"wp-block-heading\">Caminando la provincia<\/h2>\n\n\n\n<p><strong>Hebe Casado\u00a0<\/strong>recorri\u00f3 toda la provincia en campa\u00f1a electoral y va por el mismo camino en solo tres meses de gesti\u00f3n. Particip\u00f3 de las asunciones de los intendentes, las inauguraciones de hospitales y los nombramientos de nuevos directivos de distintas reparticiones.\u00a0<\/p>\n\n\n\n<p>En sus encuentros con dirigentes no tuvo reparos de color pol\u00edtico. Se entrevist\u00f3 con Celso Jaque en Malarg\u00fce, Marcos Calvente en Guaymall\u00e9n y Omar F\u00e9lix en San Rafael. Tambi\u00e9n tuvo espacio en su agenda para visitar clubes, asociaciones, iglesias y c\u00e1maras empresarias y de comercio.&nbsp;<\/p>\n\n\n\n<h2 class=\"wp-block-heading\">Hebe Casado en busca de la presidencia del Pro<\/h2>\n\n\n\n<p><strong>Hebe Casado\u00a0<\/strong>no dud\u00f3 en postularse como la pr\u00f3xima presidente del\u00a0<strong>Pro\u00a0<\/strong>Mendoza. Ese fue uno de los motivos de su viaje a Villa La Angostura para hablar con Mauricio Macri. Fue a pedirle su apoyo y visto bueno para seguir adelante con la carrera hacia la presidencia.<\/p>\n\n\n\n<p>Es que despu\u00e9s de la intervenci\u00f3n del partido y la salida de Omar De Marchi del\u00a0<strong>Pro\u00a0<\/strong>para formar La Uni\u00f3n Mendocina, el\u00a0<strong>Pro\u00a0<\/strong>Mendoza tiene que reorganizarse. Actualmente, el partido est\u00e1 a cargo del interventor Dario Nieto de Buenos Aires y en principio las elecciones ser\u00edan en junio. Por el momento, est\u00e1n en la etapa de afiliaciones.\u00a0<\/p>\n\n\n\n<p>FUENTE: MDZonline.<\/p>\n","protected":false},"excerpt":{"rendered":"<p>Ha quedado dos veces a cargo del Ejecutivo en tres meses. Recorre la provincia, articula proyectos en la Legislatura y se posiciona para presidir el PRO en Mendoza. Lejos de su perfil \u00e1cido y verborr\u00e1gico -que la llev\u00f3 al centro de la escena m\u00e1s de una vez por sus cruces en las redes sociales-,\u00a0Hebe Casado\u00a0ha [&hellip;]<\/p>\n","protected":false},"author":2,"featured_media":5889,"comment_status":"open","ping_status":"open","sticky":true,"template":"","format":"standard","meta":[],"categories":[47],"tags":[],"_links":{"self":[{"href":"https:\/\/pasaenmendoza.com\/index.php?rest_route=\/wp\/v2\/posts\/5888"}],"collection":[{"href":"https:\/\/pasaenmendoza.com\/index.php?rest_route=\/wp\/v2\/posts"}],"about":[{"href":"https:\/\/pasaenmendoza.com\/index.php?rest_route=\/wp\/v2\/types\/post"}],"author":[{"embeddable":true,"href":"https:\/\/pasaenmendoza.com\/index.php?rest_route=\/wp\/v2\/users\/2"}],"replies":[{"embeddable":true,"href":"https:\/\/pasaenmendoza.com\/index.php?rest_route=%2Fwp%2Fv2%2Fcomments&post=5888"}],"version-history":[{"count":1,"href":"https:\/\/pasaenmendoza.com\/index.php?rest_route=\/wp\/v2\/posts\/5888\/revisions"}],"predecessor-version":[{"id":5890,"href":"https:\/\/pasaenmendoza.com\/index.php?rest_route=\/wp\/v2\/posts\/5888\/revisions\/5890"}],"wp:featuredmedia":[{"embeddable":true,"href":"https:\/\/pasaenmendoza.com\/index.php?rest_route=\/wp\/v2\/media\/5889"}],"wp:attachment":[{"href":"https:\/\/pasaenmendoza.com\/index.php?rest_route=%2Fwp%2Fv2%2Fmedia&parent=5888"}],"wp:term":[{"taxonomy":"category","embeddable":true,"href":"https:\/\/pasaenmendoza.com\/index.php?rest_route=%2Fwp%2Fv2%2Fcategories&post=5888"},{"taxonomy":"post_tag","embeddable":true,"href":"https:\/\/pasaenmendoza.com\/index.php?rest_route=%2Fwp%2Fv2%2Ftags&post=5888"}],"curies":[{"name":"wp","href":"https:\/\/api.w.org\/{rel}","templated":true}]}}