{"id":5891,"date":"2024-03-06T12:18:30","date_gmt":"2024-03-06T11:18:30","guid":{"rendered":"https:\/\/pasaenmendoza.com\/?p=5891"},"modified":"2024-03-06T12:18:31","modified_gmt":"2024-03-06T11:18:31","slug":"rumbo-al-pacto-de-mayo-al-final-cornejo-podra-estar-en-la-reunion-convocada-por-la-casa-rosada","status":"publish","type":"post","link":"https:\/\/pasaenmendoza.com\/?p=5891","title":{"rendered":"Rumbo al \u201cpacto de Mayo\u201d: al final, Cornejo podr\u00e1 estar en la reuni\u00f3n convocada por la Casa Rosada"},"content":{"rendered":"\n<p>Con dos promesas (la restituci\u00f3n del impuesto a las Ganancias para recomponer la coparticipaci\u00f3n federal y una interlocuci\u00f3n con funcionarios de alto nivel), la Casa Rosada busca atraer a los&nbsp;<strong>gobernadores&nbsp;<\/strong>para negociar un acuerdo que permita rubricar el denominado&nbsp;<em>\u201cpacto de Mayo\u201d<\/em>, a firmarse -de acuerdo con la intenci\u00f3n del presidente Javier Milei-&nbsp;<strong>el 25 de mayo en C\u00f3rdoba.<\/strong><\/p>\n\n\n\n<p>La primera reuni\u00f3n entre los funcionarios nacionales y algunos gobernadores est\u00e1 prevista para este viernes en la Casa Rosada, en horario a definir. Seg\u00fan anticip\u00f3 el ministro del Interior,&nbsp;<strong>Guillermo Francos<\/strong>, habr\u00e1 otros encuentros la semana pr\u00f3xima con aquellos mandatarios que no puedan estar ese d\u00eda en la Ciudad de Buenos Aires por temas de agenda, como el mendocino&nbsp;<strong>Alfredo Cornejo.<\/strong><\/p>\n\n\n\n<p>En el Gobierno estiman que habr\u00e1 dos o tres encuentros\u00a0con distintos grupos de mandatarios provinciales.\u00a0<em>\u201cNo es la idea una reuni\u00f3n con todos los gobernadores porque hay algunos que est\u00e1n fuera del pa\u00eds, hay dos que est\u00e1n en Canad\u00e1. Seguramente habr\u00e1 dos o tres reuniones con todos los dispuestos a venir.\u00a0Hay algunos que dijeron que no quieren venir. As\u00ed que la primera ser\u00e1 el viernes y habr\u00e1 otra el lunes o martes\u201d<\/em>,\u00a0detall\u00f3 Francos, en di\u00e1logo con LN+.<\/p>\n\n\n\n<p><strong>Cornejo y su par de San Juan, Marcelo Orrego<\/strong>, se encuentran en Canad\u00e1 participando de una importante cumbre minera y hab\u00edan manifestado su intenci\u00f3n de concurrir a la convocatoria de Milei, por lo cual ir\u00edan a la reuni\u00f3n de la semana pr\u00f3xima.&nbsp;<\/p>\n\n\n\n<p>Inicialmente se hab\u00eda analizado la posibilidad de que concurriera la vicegobernadora&nbsp;<strong>Hebe Casado<\/strong>&nbsp;al encuentro convocado por la Casa Rosada. Pero el cambio de estrategia permitir\u00e1 que sea Cornejo el que participe de la reuni\u00f3n, de la que no formar\u00e1 parte Milei.<\/p>\n\n\n\n<p><em>\u201cVamos a plantear un camino hacia el 25 de mayo con principios b\u00e1sicos para cambiar la econom\u00eda de la Argentina. Hay temas pendientes como la Ley Bases y el acuerdo fiscal para solucionar los problemas que tienen las provincias\u201d<\/em>, agreg\u00f3 Francos.<\/p>\n\n\n\n<p>El objetivo de la Casa Rosada, adem\u00e1s de los 10 puntos del Pacto de Mayo, es volver a la carga con&nbsp;<strong>el proyecto original de la Ley \u00d3mnibus<\/strong>, incluido el paquete fiscal que fue eliminado en su oportunidad por discrepancia en algunos puntos con los mandatarios provinciales.<\/p>\n\n\n\n<p>Al respecto, Francos, anticip\u00f3 que&nbsp;<em>\u201ces imposible no considerar los temas de la Ley de Bases porque se trata de generar muchas de las normas previstas en la ley\u201d<\/em>. En tal sentido plante\u00f3 que durante su tratamiento&nbsp;<em>\u201chubo mucha confusi\u00f3n de varios legisladores y gobernadores\u201d.<\/em><\/p>\n\n\n\n<p><em>\u201cTal vez lo han entendido mejor y tienen la intenci\u00f3n es sacar la Ley. Hay que ir con \u00e1nimo de buscar puntos de acuerdo y de coincidencia\u201d<\/em>, indic\u00f3.<\/p>\n\n\n\n<p>FUENTE: Elsol.com.ar <\/p>\n","protected":false},"excerpt":{"rendered":"<p>Con dos promesas (la restituci\u00f3n del impuesto a las Ganancias para recomponer la coparticipaci\u00f3n federal y una interlocuci\u00f3n con funcionarios de alto nivel), la Casa Rosada busca atraer a los&nbsp;gobernadores&nbsp;para negociar un acuerdo que permita rubricar el denominado&nbsp;\u201cpacto de Mayo\u201d, a firmarse -de acuerdo con la intenci\u00f3n del presidente Javier Milei-&nbsp;el 25 de mayo en [&hellip;]<\/p>\n","protected":false},"author":2,"featured_media":5892,"comment_status":"open","ping_status":"open","sticky":true,"template":"","format":"standard","meta":[],"categories":[47],"tags":[],"_links":{"self":[{"href":"https:\/\/pasaenmendoza.com\/index.php?rest_route=\/wp\/v2\/posts\/5891"}],"collection":[{"href":"https:\/\/pasaenmendoza.com\/index.php?rest_route=\/wp\/v2\/posts"}],"about":[{"href":"https:\/\/pasaenmendoza.com\/index.php?rest_route=\/wp\/v2\/types\/post"}],"author":[{"embeddable":true,"href":"https:\/\/pasaenmendoza.com\/index.php?rest_route=\/wp\/v2\/users\/2"}],"replies":[{"embeddable":true,"href":"https:\/\/pasaenmendoza.com\/index.php?rest_route=%2Fwp%2Fv2%2Fcomments&post=5891"}],"version-history":[{"count":1,"href":"https:\/\/pasaenmendoza.com\/index.php?rest_route=\/wp\/v2\/posts\/5891\/revisions"}],"predecessor-version":[{"id":5893,"href":"https:\/\/pasaenmendoza.com\/index.php?rest_route=\/wp\/v2\/posts\/5891\/revisions\/5893"}],"wp:featuredmedia":[{"embeddable":true,"href":"https:\/\/pasaenmendoza.com\/index.php?rest_route=\/wp\/v2\/media\/5892"}],"wp:attachment":[{"href":"https:\/\/pasaenmendoza.com\/index.php?rest_route=%2Fwp%2Fv2%2Fmedia&parent=5891"}],"wp:term":[{"taxonomy":"category","embeddable":true,"href":"https:\/\/pasaenmendoza.com\/index.php?rest_route=%2Fwp%2Fv2%2Fcategories&post=5891"},{"taxonomy":"post_tag","embeddable":true,"href":"https:\/\/pasaenmendoza.com\/index.php?rest_route=%2Fwp%2Fv2%2Ftags&post=5891"}],"curies":[{"name":"wp","href":"https:\/\/api.w.org\/{rel}","templated":true}]}}