{"id":5894,"date":"2024-03-06T12:21:42","date_gmt":"2024-03-06T11:21:42","guid":{"rendered":"https:\/\/pasaenmendoza.com\/?p=5894"},"modified":"2024-03-06T12:21:43","modified_gmt":"2024-03-06T11:21:43","slug":"empresarios-mineros-argentinos-le-dan-su-apoyo-al-gobierno-mendocino","status":"publish","type":"post","link":"https:\/\/pasaenmendoza.com\/?p=5894","title":{"rendered":"Empresarios mineros argentinos le dan su apoyo al Gobierno mendocino"},"content":{"rendered":"\n<p>El Gobernador,\u00a0Alfredo Cornejo, y la comitiva que lo acompa\u00f1\u00f3 a Toronto, Canad\u00e1, para participar de la feria m\u00e1s gran del mundo en miner\u00eda, Prospectors &amp; Developers Association of Canada (PDAC), se reunieron con la C\u00e1mara Argentina de Empresarios Mineros (CAEM). En la oportunidad, el presidente de la entidad, Roberto Cacciola, acompa\u00f1ado del vice Franco Mignacco, Alfredo Vitaller, Manuel Ben\u00edtez de la Comisi\u00f3n Revisora de Cuentas y la directora Ejecutiva, Alejandra Cardona destacaron el enfoque en temas ambientales que tiene nuestra provincia y la importancia de trabajar en conjunto sobre esta actividad que traer\u00e1 mejoras a la econom\u00eda de Mendoza.<\/p>\n\n\n\n<p><br>De esta manera,<strong>&nbsp;la C\u00e1mara celebr\u00f3 la estructura de Gobierno de Mendoza<\/strong>&nbsp;donde ambiente y miner\u00eda conviven en un mismo ministerio, lo cual le da un fortalecimiento institucional fundamental a la Provincia para tener un liderazgo claro en el proceso de miner\u00eda sustentable. Adem\u00e1s, acordaron sumar consensos para el desarrollo de este sector y conf\u00edan en que los resultados valdr\u00e1n el esfuerzo.<\/p>\n\n\n\n<p>Por su parte, el Gobernador Cornejo explic\u00f3 que se est\u00e1 trabajando en acelerar los procesos de declaraci\u00f3n de impacto ambiental para proyectos mineros en Mendoza, especialmente en el distrito de Malarg\u00fce. Les coment\u00f3 que el Ejecutivo Provincial busca modificar la ley para que la declaraci\u00f3n de impacto ambiental sea una decisi\u00f3n administrativa y se est\u00e1n incorporando nuevas normativas para garantizar la transparencia y el trabajo conjunto con la comunidad en los proyectos mineros. A esto le sum\u00f3 que se est\u00e1 avanzando en la caducidad de los permisos y en la descripci\u00f3n detallada de los proyectos mineros.<\/p>\n\n\n\n<p>En la reuni\u00f3n, se destac\u00f3 la importancia de la decisi\u00f3n de Mendoza y los representantes de la CAEM se pusieron a disposici\u00f3n para colaborar. Tambi\u00e9n expresaron confianza en los beneficios que traer\u00e1 la medida para la econom\u00eda de nuestra provincia. Adem\u00e1s, se dialog\u00f3 sobre los cambios en el C\u00f3digo de Procedimientos Ambientales y de la necesidad de realizar las acciones dentro de la normativa vigente que rige en Mendoza para lograr \u00e9xito en los emprendimientos.<\/p>\n\n\n\n<p>En la misma l\u00ednea, se resalt\u00f3 la necesidad de agilizar permisos y concesiones para avanzar en el sector, teniendo en cuenta que existen oportunidades para el desarrollo econ\u00f3mico de la provincia. A esto, le sum\u00f3 la imperiosa necesidad de generar apoyo de la opini\u00f3n p\u00fablica y en las actividades locales para impulsar el crecimiento de la miner\u00eda en la regi\u00f3n.<\/p>\n\n\n\n<p>Asimismo, se consensu\u00f3 trabajar juntos en una estrategia en materia de comunicaci\u00f3n, coordinar la presentaci\u00f3n del distrito Malarg\u00fce en Mendoza y realizarla lo antes posible.<\/p>\n\n\n\n<p>En este sentido, se abord\u00f3 la necesidad de contar con una comunicaci\u00f3n transparente en la industria minera, especialmente en proyectos como el de Malarg\u00fce. &#8220;Es crucial derribar mitos y mostrar la realidad de las operaciones mineras para ganarse la confianza de la comunidad y facilitar las decisiones pol\u00edticas&#8221;, sostuvieron en el encuentro y comentaron como positiva la experiencia de llevar periodistas a conocer el proyecto, como ejemplo de una de las acciones a desarrollar para trabajar con la mayor transparencia. La idea es comenzar por el departamento del Sur provincial y luego extender los esfuerzos a otros distritos.<\/p>\n\n\n\n<p>FUENTE: Mendozapost.<\/p>\n","protected":false},"excerpt":{"rendered":"<p>El Gobernador,\u00a0Alfredo Cornejo, y la comitiva que lo acompa\u00f1\u00f3 a Toronto, Canad\u00e1, para participar de la feria m\u00e1s gran del mundo en miner\u00eda, Prospectors &amp; Developers Association of Canada (PDAC), se reunieron con la C\u00e1mara Argentina de Empresarios Mineros (CAEM). En la oportunidad, el presidente de la entidad, Roberto Cacciola, acompa\u00f1ado del vice Franco Mignacco, [&hellip;]<\/p>\n","protected":false},"author":2,"featured_media":5895,"comment_status":"open","ping_status":"open","sticky":true,"template":"","format":"standard","meta":[],"categories":[47],"tags":[],"_links":{"self":[{"href":"https:\/\/pasaenmendoza.com\/index.php?rest_route=\/wp\/v2\/posts\/5894"}],"collection":[{"href":"https:\/\/pasaenmendoza.com\/index.php?rest_route=\/wp\/v2\/posts"}],"about":[{"href":"https:\/\/pasaenmendoza.com\/index.php?rest_route=\/wp\/v2\/types\/post"}],"author":[{"embeddable":true,"href":"https:\/\/pasaenmendoza.com\/index.php?rest_route=\/wp\/v2\/users\/2"}],"replies":[{"embeddable":true,"href":"https:\/\/pasaenmendoza.com\/index.php?rest_route=%2Fwp%2Fv2%2Fcomments&post=5894"}],"version-history":[{"count":1,"href":"https:\/\/pasaenmendoza.com\/index.php?rest_route=\/wp\/v2\/posts\/5894\/revisions"}],"predecessor-version":[{"id":5896,"href":"https:\/\/pasaenmendoza.com\/index.php?rest_route=\/wp\/v2\/posts\/5894\/revisions\/5896"}],"wp:featuredmedia":[{"embeddable":true,"href":"https:\/\/pasaenmendoza.com\/index.php?rest_route=\/wp\/v2\/media\/5895"}],"wp:attachment":[{"href":"https:\/\/pasaenmendoza.com\/index.php?rest_route=%2Fwp%2Fv2%2Fmedia&parent=5894"}],"wp:term":[{"taxonomy":"category","embeddable":true,"href":"https:\/\/pasaenmendoza.com\/index.php?rest_route=%2Fwp%2Fv2%2Fcategories&post=5894"},{"taxonomy":"post_tag","embeddable":true,"href":"https:\/\/pasaenmendoza.com\/index.php?rest_route=%2Fwp%2Fv2%2Ftags&post=5894"}],"curies":[{"name":"wp","href":"https:\/\/api.w.org\/{rel}","templated":true}]}}