{"id":590,"date":"2023-08-10T14:43:16","date_gmt":"2023-08-10T12:43:16","guid":{"rendered":"https:\/\/pasaenmendoza.com\/?p=590"},"modified":"2023-08-10T14:43:17","modified_gmt":"2023-08-10T12:43:17","slug":"pronostico-del-tiempo-en-mendoza-el-zonda-no-bajaria-al-llano-y-se-espera-un-frente-frio","status":"publish","type":"post","link":"https:\/\/pasaenmendoza.com\/?p=590","title":{"rendered":"Pron\u00f3stico del tiempo en Mendoza: el Zonda no bajar\u00eda al llano y se espera un frente fr\u00edo"},"content":{"rendered":"\n<p>El\u00a0<strong>pron\u00f3stico del tiempo en Mendoza<\/strong>\u00a0informado por el meteor\u00f3logo Federico Norte indic\u00f3 que el\u00a0<strong>viento Zonda<\/strong>\u00a0comenz\u00f3 a sentirse en el Sur de Mendoza y en las pr\u00f3ximas horas podr\u00eda llegar al llano del Gran Mendoza. Se\u00f1al\u00f3 que\u00a0<strong>las probabilidades bajaron notoriamente<\/strong>\u00a0en algunos modelos, pero en otros se mantiene elevada, por lo que es dif\u00edcil predecir lo que podr\u00eda suceder. Adem\u00e1s, se\u00f1al\u00f3 que se espera el<strong>\u00a0ingreso de un frente fr\u00edo y las r\u00e1fagas de viento del Sur podr\u00edan ser fuertes.<\/strong><\/p>\n\n\n\n<p>El especialista en viento Zonda expres\u00f3 que el fen\u00f3meno afectar\u00e1 principalmente el\u00a0<strong>Valle de Uco, San Rafael y Malarg\u00fce<\/strong>,\u00a0<strong>y zonas cordilleranas<\/strong>\u00a0donde a primera hora de este jueves hab\u00eda r\u00e1fagas suaves<\/p>\n\n\n\n<p>Explic\u00f3 que hasta el mi\u00e9rcoles, los modelos marcaban el 75% de probabilidades de Zonda, y\u00a0<strong>hoy (por el jueves) baj\u00f3 al 49%<\/strong>, aunque algunos se mantienen en 76% de probabilidad que el viento sople en el llano del Gran Mendoza. Por esto,<strong>\u00a0Norte sostuvo que es dif\u00edcil predecir lo que puede suceder.<\/strong><\/p>\n\n\n\n<p>S\u00ed confirm\u00f3 que<strong>\u00a0ser\u00e1 un d\u00eda ventoso<\/strong>\u00a0en general pero no solo por la presencia de viento Zonda, sino tambi\u00e9n por\u00a0<strong>la llegada de viento Sur durante la tarde\u00a0<\/strong>cuando entre un sistema que podr\u00eda traer fuertes r\u00e1fagas e incluso\u00a0<strong>podr\u00eda levantar polvo<\/strong>. Esto har\u00e1 cambiar la masa de aire en Mendoza y provocar\u00e1 un marcado descenso de temperaturas.<\/p>\n\n\n\n<p>Mientras, la Direcci\u00f3n General de Escuelas inform\u00f3 la\u00a0<strong>suspensi\u00f3n de clases en el turno ma\u00f1ana para los colegios de San Rafael, Malarg\u00fce, Valle de Uco, Potrerillos y Uspallata.<\/strong><\/p>\n\n\n\n<p><strong>Las temperaturas seg\u00fan el pron\u00f3stico del tiempo en Mendoza<\/strong><\/p>\n\n\n\n<p>Norte indic\u00f3 que para este jueves\u00a0<strong>la m\u00e1xima podr\u00eda llegar a los 22 o 23 grados<\/strong>\u00a0debido a la presencia de Zonda, aunque en la tarde se espera el ingreso de fuertes r\u00e1fagas de viento Sur.<\/p>\n\n\n\n<p>Durante el\u00a0<strong>viernes\u00a0<\/strong>podr\u00eda seguir el viento Sur y habr\u00e1 un marcado descenso de temperatura, especialmente en la\u00a0<strong>m\u00e1xima que rondar\u00e1 los 13 o 14 grados, mientras que la m\u00ednima ser\u00e1 de 6 o 7 grados.<\/strong><\/p>\n\n\n\n<p>Para el\u00a0<strong>s\u00e1bado\u00a0<\/strong>Federico Norte se\u00f1al\u00f3 que puede haber heladas en algunos sectores cercanos al \u00e1rea metropolitana y las temperaturas rondar\u00e1n entre<strong>\u00a01 y 2 grados de m\u00ednima y 12 o 13 grados de m\u00e1xima.<\/strong><\/p>\n\n\n\n<p>El\u00a0<strong>domingo<\/strong>, d\u00eda de elecciones PASO nacionales el term\u00f3metro marcar\u00e1\u00a0<strong>5 grados de m\u00ednima y 18 grados de m\u00e1xima.<\/strong><\/p>\n\n\n\n<p><strong>Fuente: www.diariouno.com.ar<\/strong><\/p>\n","protected":false},"excerpt":{"rendered":"<p>El\u00a0pron\u00f3stico del tiempo en Mendoza\u00a0informado por el meteor\u00f3logo Federico Norte indic\u00f3 que el\u00a0viento Zonda\u00a0comenz\u00f3 a sentirse en el Sur de Mendoza y en las pr\u00f3ximas horas podr\u00eda llegar al llano del Gran Mendoza. Se\u00f1al\u00f3 que\u00a0las probabilidades bajaron notoriamente\u00a0en algunos modelos, pero en otros se mantiene elevada, por lo que es dif\u00edcil predecir lo que podr\u00eda [&hellip;]<\/p>\n","protected":false},"author":2,"featured_media":591,"comment_status":"open","ping_status":"open","sticky":false,"template":"","format":"standard","meta":[],"categories":[52],"tags":[],"_links":{"self":[{"href":"https:\/\/pasaenmendoza.com\/index.php?rest_route=\/wp\/v2\/posts\/590"}],"collection":[{"href":"https:\/\/pasaenmendoza.com\/index.php?rest_route=\/wp\/v2\/posts"}],"about":[{"href":"https:\/\/pasaenmendoza.com\/index.php?rest_route=\/wp\/v2\/types\/post"}],"author":[{"embeddable":true,"href":"https:\/\/pasaenmendoza.com\/index.php?rest_route=\/wp\/v2\/users\/2"}],"replies":[{"embeddable":true,"href":"https:\/\/pasaenmendoza.com\/index.php?rest_route=%2Fwp%2Fv2%2Fcomments&post=590"}],"version-history":[{"count":1,"href":"https:\/\/pasaenmendoza.com\/index.php?rest_route=\/wp\/v2\/posts\/590\/revisions"}],"predecessor-version":[{"id":592,"href":"https:\/\/pasaenmendoza.com\/index.php?rest_route=\/wp\/v2\/posts\/590\/revisions\/592"}],"wp:featuredmedia":[{"embeddable":true,"href":"https:\/\/pasaenmendoza.com\/index.php?rest_route=\/wp\/v2\/media\/591"}],"wp:attachment":[{"href":"https:\/\/pasaenmendoza.com\/index.php?rest_route=%2Fwp%2Fv2%2Fmedia&parent=590"}],"wp:term":[{"taxonomy":"category","embeddable":true,"href":"https:\/\/pasaenmendoza.com\/index.php?rest_route=%2Fwp%2Fv2%2Fcategories&post=590"},{"taxonomy":"post_tag","embeddable":true,"href":"https:\/\/pasaenmendoza.com\/index.php?rest_route=%2Fwp%2Fv2%2Ftags&post=590"}],"curies":[{"name":"wp","href":"https:\/\/api.w.org\/{rel}","templated":true}]}}