{"id":5901,"date":"2024-03-06T13:29:57","date_gmt":"2024-03-06T12:29:57","guid":{"rendered":"https:\/\/pasaenmendoza.com\/?p=5901"},"modified":"2024-03-06T13:29:59","modified_gmt":"2024-03-06T12:29:59","slug":"el-tiempo-en-mendoza-miercoles-con-nubosidad-variable-y-alerta-por-tormentas","status":"publish","type":"post","link":"https:\/\/pasaenmendoza.com\/?p=5901","title":{"rendered":"El tiempo en Mendoza: mi\u00e9rcoles con nubosidad variable y alerta por tormentas"},"content":{"rendered":"\n<p>Este&nbsp;<strong>mi\u00e9rcoles<\/strong>&nbsp;se presenta en el Gran Mendoza con nubosidad variable y una temperatura que oscilar\u00e1 entre&nbsp;<mark>los 19 grados y los 33 grados.<\/mark>&nbsp;En tanto, el&nbsp;<strong>Servicio Meteorol\u00f3gico Nacional (SMN)<\/strong>&nbsp;emiti\u00f3 una&nbsp;<mark>alerta amarilla por tormentas aisladas.<\/mark><\/p>\n\n\n\n<p><mark>El fen\u00f3meno se registrar\u00e1 en horas de la noche\u00a0<\/mark>y afectar\u00e1 al Este de Las Heras, La Paz, Lavalle, San Mart\u00edn, Santa Rosa, Jun\u00edn, Rivadavia, Luj\u00e1n de Cuyo, San Carlos, Tunuy\u00e1n y Tupungato.<\/p>\n\n\n\n<p>Para el<strong>&nbsp;jueves,<\/strong>&nbsp;la&nbsp;<strong>Direcci\u00f3n de Contingencias Clim\u00e1ticas<\/strong>&nbsp;prev\u00e9 \u201cnubosidad variable con tormentas aisladas y poco cambio de la temperatura, vientos leves del noreste\u201d.&nbsp;<mark>La m\u00ednima ser\u00e1 de 19 grados y la m\u00e1xima de 33.<\/mark><\/p>\n\n\n\n<p>En tanto, para el\u00a0<strong>viernes<\/strong>\u00a0se pronostica: \u201cNubosidad variable e inestable hacia la noche, descenso de la temperatura, vientos leves del este\u201d.<mark>\u00a0La m\u00ednima ser\u00e1 de 20 grados y la m\u00e1xima de 30.<\/mark><\/p>\n\n\n\n<p><strong>Fuente: www.elsol.com.ar<\/strong><\/p>\n","protected":false},"excerpt":{"rendered":"<p>Este&nbsp;mi\u00e9rcoles&nbsp;se presenta en el Gran Mendoza con nubosidad variable y una temperatura que oscilar\u00e1 entre&nbsp;los 19 grados y los 33 grados.&nbsp;En tanto, el&nbsp;Servicio Meteorol\u00f3gico Nacional (SMN)&nbsp;emiti\u00f3 una&nbsp;alerta amarilla por tormentas aisladas. El fen\u00f3meno se registrar\u00e1 en horas de la noche\u00a0y afectar\u00e1 al Este de Las Heras, La Paz, Lavalle, San Mart\u00edn, Santa Rosa, Jun\u00edn, Rivadavia, [&hellip;]<\/p>\n","protected":false},"author":2,"featured_media":5902,"comment_status":"open","ping_status":"open","sticky":false,"template":"","format":"standard","meta":[],"categories":[52],"tags":[],"_links":{"self":[{"href":"https:\/\/pasaenmendoza.com\/index.php?rest_route=\/wp\/v2\/posts\/5901"}],"collection":[{"href":"https:\/\/pasaenmendoza.com\/index.php?rest_route=\/wp\/v2\/posts"}],"about":[{"href":"https:\/\/pasaenmendoza.com\/index.php?rest_route=\/wp\/v2\/types\/post"}],"author":[{"embeddable":true,"href":"https:\/\/pasaenmendoza.com\/index.php?rest_route=\/wp\/v2\/users\/2"}],"replies":[{"embeddable":true,"href":"https:\/\/pasaenmendoza.com\/index.php?rest_route=%2Fwp%2Fv2%2Fcomments&post=5901"}],"version-history":[{"count":1,"href":"https:\/\/pasaenmendoza.com\/index.php?rest_route=\/wp\/v2\/posts\/5901\/revisions"}],"predecessor-version":[{"id":5903,"href":"https:\/\/pasaenmendoza.com\/index.php?rest_route=\/wp\/v2\/posts\/5901\/revisions\/5903"}],"wp:featuredmedia":[{"embeddable":true,"href":"https:\/\/pasaenmendoza.com\/index.php?rest_route=\/wp\/v2\/media\/5902"}],"wp:attachment":[{"href":"https:\/\/pasaenmendoza.com\/index.php?rest_route=%2Fwp%2Fv2%2Fmedia&parent=5901"}],"wp:term":[{"taxonomy":"category","embeddable":true,"href":"https:\/\/pasaenmendoza.com\/index.php?rest_route=%2Fwp%2Fv2%2Fcategories&post=5901"},{"taxonomy":"post_tag","embeddable":true,"href":"https:\/\/pasaenmendoza.com\/index.php?rest_route=%2Fwp%2Fv2%2Ftags&post=5901"}],"curies":[{"name":"wp","href":"https:\/\/api.w.org\/{rel}","templated":true}]}}