{"id":5913,"date":"2024-03-06T21:52:55","date_gmt":"2024-03-06T20:52:55","guid":{"rendered":"https:\/\/pasaenmendoza.com\/?p=5913"},"modified":"2024-03-06T21:52:56","modified_gmt":"2024-03-06T20:52:56","slug":"florencia-aise-hablo-sobre-la-repercusion-de-su-retrato-a-javier-milei-y-el-amor-odio-que-genero","status":"publish","type":"post","link":"https:\/\/pasaenmendoza.com\/?p=5913","title":{"rendered":"Florencia Aise habl\u00f3 sobre la repercusi\u00f3n de su retrato a Javier Milei y el amor-odio que gener\u00f3"},"content":{"rendered":"\n<p>Para la artista mendocina\u00a0<strong>Florencia Aise<\/strong>, la repercusi\u00f3n en redes de su\u00a0<strong>retrato a Javier Milei<\/strong>\u00a0se da porque el Presidente &#8220;genera un amor-odio m\u00e1s fuerte, m\u00e1s r\u00e1pido e instant\u00e1neo que otros pol\u00edticos&#8221;. Lo dice ella, mundialmente reconocida por su arte hiperrealista, y que ha retratado a otros mandatarios como<strong>\u00a0N\u00e9stor Kirchner\u00a0<\/strong>o los mendocinos\u00a0<strong>Rodolfo Suarez y Alfredo Cornejo<\/strong>.<\/p>\n\n\n\n<p>El cuadro al que hace referencia Florencia Aise -y que gener\u00f3 comentarios a favor y en contra en su cuenta en Instagram- refleja una imagen archiconocida de Milei con los pulgares en alto y&nbsp;<strong>fue realizado por encargo antes de que el libertario asumiera<\/strong>&nbsp;el m\u00e1ximo poder de Argentina.<\/p>\n\n\n\n<p><strong>La pintura fue pedida a la artista por un empresario de Buenos Aires<\/strong>\u00a0a mitad del a\u00f1o pasado. Acept\u00f3 el trabajo y en noviembre entreg\u00f3 la obra que lleg\u00f3 a destino del comprador para que se la\u00a0<strong>obsequiara al Presidente.<\/strong>\u00a0Reci\u00e9n la semana pasada pudo concretarse la entrega a manos del mandatario nacional y por ello Florencia Aise difundi\u00f3 en redes su nuevo trabajo art\u00edstico.<\/p>\n\n\n\n<p>&#8220;Tuve el gran honor de retratar al presidente @javiermilei a pedido para regal\u00e1rselo. Lo pint\u00e9 antes de las elecciones y felizmente me avisaron que ya est\u00e1 en sus manos&#8221;, public\u00f3 Aise este martes con una imagen y un short en Instagram. A lo que no tardaron en sumarse comentarios de usuarios a favor y en contra de que haya retratado a Milei.<\/p>\n\n\n\n<p>&#8220;Me da gracia que la gente se ponga a criticar en lugar de hacer, adem\u00e1s no creo que un retrato le haga mal a nadie&#8221;, respondi\u00f3 sobre&nbsp;<strong>la pol\u00e9mica que gir\u00f3 m\u00e1s en torno a la figura del Presidente que a su obra de arte en s\u00ed misma<\/strong>.<\/p>\n\n\n\n<p>La pintora, que se describe como &#8220;prohumanidad&#8221;, agradeci\u00f3 que su nuevo cuadro tenga repercusi\u00f3n porque &#8220;si no hubiese pasado nada significar\u00eda que mi obra no transmite nada&#8221;.<\/p>\n\n\n\n<h2 class=\"wp-block-heading\">Karina Milei eligi\u00f3 la foto para el retrato de su hermano<\/h2>\n\n\n\n<p><strong>Florencia Aise es reconocida por sus cuadros hiperrealistas,<\/strong>&nbsp;tiene series dedicadas por ejemplo a la vendimia con racimos de uvas que parecen salirse de sus marcos para ser cosechadas. \u00bfPero c\u00f3mo es retratar a una personalidad p\u00fablica? &#8220;Y&#8230;&nbsp;<strong>en la obra se mezcla el sentimiento que yo tengo hacia esa persona<\/strong>, sobre todo si la conozco, es inevitable&#8221;, se sincer\u00f3 la artista.<\/p>\n\n\n\n<p>Sin embargo, en el caso de Javier Milei afirm\u00f3 que&nbsp;<strong>casi no lo conoc\u00eda cuando la convocaron para retratarlo<\/strong>. &#8220;Nunca lo vi en vivo, ni cerca m\u00edo y casi que ni lo veo por tele porque no soy de estar todo el tiempo informada, detr\u00e1s de las noticias; cuando lo pint\u00e9 era candidato as\u00ed que no lo ten\u00eda mucho&#8221;, asegur\u00f3.<\/p>\n\n\n\n<figure class=\"wp-block-image\"><img decoding=\"async\" src=\"https:\/\/media.diariouno.com.ar\/p\/93ec50c08835ce4bd38c9ca6ae533c0c\/adjuntos\/298\/imagenes\/009\/303\/0009303892\/1200x0\/smart\/flor-aise-retrato-milei-editadajpg.jpg\" alt=\"La artista Florencia Aise posa junto al cuadro de Javier Milei que realiz&oacute; a pedido, antes de que el libertario se convirtiera en presidente.\" title=\"La artista Florencia Aise posa junto al cuadro de Javier Milei que realiz&oacute; a pedido, antes de que el libertario se convirtiera en presidente.\"\/><\/figure>\n\n\n\n<p>La artista Florencia Aise posa junto al cuadro de Javier Milei que realiz\u00f3 a pedido, antes de que el libertario se convirtiera en presidente.<\/p>\n\n\n\n<p>En cuanto al proceso de trabajo para crear el \u00f3leo sobre lienzo, Florencia Aise revel\u00f3 que&nbsp;<strong>fue la hermana de Milei, Karina &#8220;El Jefe&#8221;, quien eligi\u00f3 la foto<\/strong>&nbsp;para que ella se guiara al retratarlo. &#8220;Le ped\u00ed al empresario que me contrat\u00f3 que me consiguiera una buena foto de Javier Milei para hacer la obra y \u00e9l se la pidi\u00f3 a Karina Milei, ella la eligi\u00f3&#8221;, detall\u00f3 a quien la tarea pict\u00f3rica le demand\u00f3 casi cuatro meses.<\/p>\n\n\n\n<h2 class=\"wp-block-heading\">A Florencia Aise le han ofrecido cargos pol\u00edticos<\/h2>\n\n\n\n<p>Florencia Aise reconoci\u00f3 que espera con ansias una devoluci\u00f3n del presidente Milei.&#8221;Claro que quiero saber qu\u00e9 le pareci\u00f3 el retrato, me genera mucha curiosidad&#8221;, confes\u00f3 la mendocina, tras contar que<strong>&nbsp;es el segundo presidente que pinta, antes lo hab\u00eda hecho con N\u00e9stor Kirchner<\/strong>; y adem\u00e1s ha retratado a figuras locales como el ex gobernador Rodolfo Suarez, el actual Alfredo Cornejo al t\u00e9rmino de su primera gesti\u00f3n, y los ex vicegobernadores Mario Abed y Laura Montero. Estos cuadros de pol\u00edticos mendocinos pueden apreciarse en una de las paredes de la Legislatura provincial.<\/p>\n\n\n\n<p>Es m\u00e1s, en 2021 la artista mendocina\u00a0<strong>fue invitada a la Casa Rosada por el presidente Alberto Fern\u00e1ndez<\/strong>\u00a0despu\u00e9s de\u00a0regalarle un cuadro de uvas Malbec\u00a0durante su visita a Mendoza en marzo de ese a\u00f1o.<\/p>\n\n\n\n<p>Cont\u00f3 que\u00a0<strong>en varias oportunidades le han ofrecido cargos o afiliaciones pol\u00edticas<\/strong>\u00a0que &#8220;siempre rechac\u00e9 porque soy artista y no tengo idea de pol\u00edtica&#8221;. Y declar\u00f3: &#8220;Me enorgullezco adonde he llegado con mi arte, es todo a base de trabajar sin parar&#8221;. En ese sentido, expres\u00f3 que &#8220;todos los artistas queremos que nuestra obra trascienda&#8221;.<\/p>\n\n\n\n<p>Con 40 a\u00f1os y m\u00e1s de la mitad dedicados a la pintura,&nbsp;<strong>Florencia Aise es autodidacta<\/strong>. Sus obras de arte hiperrealistas -sean retratos o autorretratos- han llegado a diferentes museos y galer\u00edas de prestigio internacional como el Art Basel Week de Miami en 2014 o exposiciones en Nueva York, Dubai y Amsterdam, entre otros pa\u00edses.<\/p>\n\n\n\n<p>Aparte de las personalidades pol\u00edticas, Aise tambi\u00e9n ha retratado a famosos del espect\u00e1culo como&nbsp;<strong>Pamela David<\/strong>.<\/p>\n\n\n\n<h2 class=\"wp-block-heading\">Vendimia como plataforma de negocios<\/h2>\n\n\n\n<p>La artista pl\u00e1stica mendocina tiene un v\u00ednculo estrecho con la vendimia. Es el tiempo de cosecha que la inspira a sus colecciones de obras con uvas o una que tiene dedicada a la Virgen de la Carrodilla. &#8220;Soy cat\u00f3lica y amo la Vendimia&#8221;, confirm\u00f3.<\/p>\n\n\n\n<p>As\u00ed entonces&nbsp;<strong>se la pudo ver a Florencia en los eventos del calendario oficial de la Vendimia<\/strong>. &#8220;Fui a varios como el Desayuno de la COVIAR o el de Bodegas de Argentina porque me invitan y porque es un buen \u00e1mbito para generar nuevos contactos y hacer nuevos negocios&#8221;, afirm\u00f3 quien ve en las uvas diferentes formas, tonalidades y estilos a retratar ya que &#8220;cada verano su personalidad, cada cosecha no es igual a otra&#8221;.<\/p>\n\n\n\n<p>A Florencia Aise la moviliza la ayuda social.\u00a0<strong>Su costado humanitario la llev\u00f3 el a\u00f1o pasado a viajar durante m\u00e1s de un mes por la India<\/strong>, adonde ofreci\u00f3 conferencias, dict\u00f3 talleres y hasta pint\u00f3 junto a alumnos y alumnas con discapacidad de escuelas en ciudades alejadas de aquel pa\u00eds.<\/p>\n\n\n\n<p>&#8220;Fue una experiencia maravillosa&#8221;, resumi\u00f3. Precisamente ella&nbsp;<strong>estaba en Calcuta, a fin de a\u00f1o, cuando le avisaron que el cuadro de Milei ya lo ten\u00eda su due\u00f1o, un empresario porte\u00f1o que se lo regalar\u00eda luego al Presidente.<\/strong><\/p>\n\n\n\n<p>&#8220;Se ve que le puse mucha energ\u00eda a este retrato porque tuvimos algunos problemas en el traslado de Mendoza a Buenos Aires y tard\u00f3 en llegar&#8221;, relat\u00f3 la artista. Algo que en su momento la tuvo muy preocupada &#8220;porque era un gran trabajo y yo estaba tan lejos, cuando recib\u00ed la buena noticia, era casi de madrugada en Calcuta y me estaban haciendo la despedida porque ya me volv\u00eda&#8221;, sostuvo.<\/p>\n\n\n\n<p>Siguiendo su inter\u00e9s por colaborar a trav\u00e9s de su arte e ingenio, Florencia Aise form\u00f3 parte de&nbsp;<strong>una muestra fotogr\u00e1fica que busca ayudar a los soldados de guerra de la Franja de Gaza<\/strong>. Ser\u00e1 inaugurada el pr\u00f3ximo martes en Buenos Aires.<\/p>\n\n\n\n<p>&#8220;Me interesa ayudar en causas justas como \u00e9sta, de gente que la est\u00e1 pasando muy mal&#8221;, explic\u00f3 y se puso a disposici\u00f3n para colaborar en la comunicaci\u00f3n y selecci\u00f3n de fotos de la muestra fotogr\u00e1fica &#8220;Octubre Negro, De la Oscuridad a la Luz&#8221; que contiene\u00a0<strong>im\u00e1genes in\u00e9ditas tomadas por un soldado desde adentro de Gaza.<\/strong><\/p>\n\n\n\n<p>Todo lo recaudado ser\u00e1 donado a los soldados de Gaza que en medio de la guerra no tienen acceso a una buena alimentaci\u00f3n ni higiene ni elementos sanitarios para curar sus heridas. &#8220;Estamos tratando de conseguir una bodega que nos regale algunos vinos para la inauguraci\u00f3n y todo lo que se recaude de la muestra ir\u00e1 a manos de estos h\u00e9roes&#8221;, concluy\u00f3 la artista mendocina.<\/p>\n\n\n\n<p><strong>Fuente: www.diariouno.com.ar<\/strong><\/p>\n","protected":false},"excerpt":{"rendered":"<p>Para la artista mendocina\u00a0Florencia Aise, la repercusi\u00f3n en redes de su\u00a0retrato a Javier Milei\u00a0se da porque el Presidente &#8220;genera un amor-odio m\u00e1s fuerte, m\u00e1s r\u00e1pido e instant\u00e1neo que otros pol\u00edticos&#8221;. Lo dice ella, mundialmente reconocida por su arte hiperrealista, y que ha retratado a otros mandatarios como\u00a0N\u00e9stor Kirchner\u00a0o los mendocinos\u00a0Rodolfo Suarez y Alfredo Cornejo. El [&hellip;]<\/p>\n","protected":false},"author":2,"featured_media":5914,"comment_status":"open","ping_status":"open","sticky":false,"template":"","format":"standard","meta":[],"categories":[50],"tags":[],"_links":{"self":[{"href":"https:\/\/pasaenmendoza.com\/index.php?rest_route=\/wp\/v2\/posts\/5913"}],"collection":[{"href":"https:\/\/pasaenmendoza.com\/index.php?rest_route=\/wp\/v2\/posts"}],"about":[{"href":"https:\/\/pasaenmendoza.com\/index.php?rest_route=\/wp\/v2\/types\/post"}],"author":[{"embeddable":true,"href":"https:\/\/pasaenmendoza.com\/index.php?rest_route=\/wp\/v2\/users\/2"}],"replies":[{"embeddable":true,"href":"https:\/\/pasaenmendoza.com\/index.php?rest_route=%2Fwp%2Fv2%2Fcomments&post=5913"}],"version-history":[{"count":1,"href":"https:\/\/pasaenmendoza.com\/index.php?rest_route=\/wp\/v2\/posts\/5913\/revisions"}],"predecessor-version":[{"id":5915,"href":"https:\/\/pasaenmendoza.com\/index.php?rest_route=\/wp\/v2\/posts\/5913\/revisions\/5915"}],"wp:featuredmedia":[{"embeddable":true,"href":"https:\/\/pasaenmendoza.com\/index.php?rest_route=\/wp\/v2\/media\/5914"}],"wp:attachment":[{"href":"https:\/\/pasaenmendoza.com\/index.php?rest_route=%2Fwp%2Fv2%2Fmedia&parent=5913"}],"wp:term":[{"taxonomy":"category","embeddable":true,"href":"https:\/\/pasaenmendoza.com\/index.php?rest_route=%2Fwp%2Fv2%2Fcategories&post=5913"},{"taxonomy":"post_tag","embeddable":true,"href":"https:\/\/pasaenmendoza.com\/index.php?rest_route=%2Fwp%2Fv2%2Ftags&post=5913"}],"curies":[{"name":"wp","href":"https:\/\/api.w.org\/{rel}","templated":true}]}}