{"id":5928,"date":"2024-03-07T13:42:28","date_gmt":"2024-03-07T12:42:28","guid":{"rendered":"https:\/\/pasaenmendoza.com\/?p=5928"},"modified":"2024-03-07T13:42:29","modified_gmt":"2024-03-07T12:42:29","slug":"omar-de-marchi-es-importante-que-se-apruebe-la-ley-de-bases-como-fue-enviada-y-se-ratifique-el-dnu","status":"publish","type":"post","link":"https:\/\/pasaenmendoza.com\/?p=5928","title":{"rendered":"Omar De Marchi: &#8220;Es importante que se apruebe la Ley de Bases como fue enviada y se ratifique el DNU&#8221;"},"content":{"rendered":"\n<p>El secretario de Relaciones Parlamentarias habl\u00f3 en exclusiva con MDZ y reflexion\u00f3 sobre los primeros pasos del gobierno de Milei. El mensaje de De Marchi al Congreso.<\/p>\n\n\n\n<p><strong>Omar De Marchi<\/strong>&nbsp;se gan\u00f3 el cari\u00f1o de Javier Milei en la C\u00e1mara de Diputados. Cuando el libertario dio su primer paso en la pol\u00edtica, el mendocino fue uno de los que acompa\u00f1\u00f3 y lo aconsej\u00f3 en el juego pol\u00edtico que re\u00fane a 257 dirigentes. As\u00ed fue que lo convoc\u00f3 a formar parte de su gobierno, como secretario de Relaciones Parlamentarias. Al menos eso recuerda&nbsp;<strong>De Marchi&nbsp;<\/strong>en una entrevista en exclusiva con MDZ.<\/p>\n\n\n\n<p>&#8220;Ha quedado claro que el presidente avanza, que no se somete, no frena, ni se conforma&#8221;, afirma el exdiputado y actual funcionario nacional. En su despacho est\u00e1 acompa\u00f1ado por\u00a0la bandera argentina y por dos pizarras gigantes con los recintos de Diputados y del Senado. All\u00ed tiene fragmentado cada uno de los bloques para ir analizando cada uno de los movimientos.<\/p>\n\n\n\n<p><strong>&#8211; \u00bfQu\u00e9 podemos esperar de los proyectos de leyes &#8220;anticasta&#8221; que anunci\u00f3 el presidente?<\/strong><br>&#8211; Ha quedado claro que el presidente avanza, que no se somete, no frena, ni se conforma. Todos debemos comprender que la Argentina est\u00e1 mal en serio y no puede esperar mucho m\u00e1s para los cambios profundos. Los que tienen que tomar decisiones tienen sus sueldos depositados a fin de mes, algo que es leg\u00edtimo, pero no tienen los mismos tiempos que las personas que peor est\u00e1n. Para eso hace falta avanzar con estos proyectos, que es lo que plante\u00f3 Javier Milei en campa\u00f1a. No s\u00e9 si hubo presidentes que hayan sido tan claros en campa\u00f1a, que en condiciones normales son piantavotos, como decir que hay que ajustar.<\/p>\n\n\n\n<p><strong>&#8211; \u00bfEl resto de los bloques va a interpretar esto?<\/strong><br>&#8211; Lo de la ley Bases fue muy bueno finalmente. Dej\u00f3 en claro que tiene que haber un cambio de \u00e9poca en la Argentina. El presidente mand\u00f3 un proyecto donde cada punto y coma era importante. Cuando se advirti\u00f3 que hab\u00eda un juego hip\u00f3crita,\u00a0empezaron a bajar los art\u00edculos. O nos acompa\u00f1an o no, d\u00edganlo de frente. Eso va a servir de aprendizaje para la pol\u00edtica.<\/p>\n\n\n\n<p><strong>&#8211;\u00a0\u00bfQu\u00e9 era m\u00e1s importante, aprobar la ley o dejar expuesto a lo que Milei llama \u201cnido de ratas\u201d?<\/strong><br>&#8211; Bueno, no hay ninguna transformaci\u00f3n profunda sin leyes. Esto es evidente. El presidente lo tienen en claro, la pregunta es qu\u00e9 leyes. Si son las que representan al status quo y hacen que Argentina est\u00e9\u00a0metida en una pobreza insoportable, eso no. Qued\u00f3 en claro que hacen falta leyes, pero que transformen en serio. Eso significa desprenderse de privilegios. Eso dej\u00f3 expuesto la discusi\u00f3n de los gobernadores. Dicen que quieren acompa\u00f1ar el cambio, pero ves los presupuestos y hay un despilfarro de gasto. El cambio no es as\u00ed. Las provincias tienen que acompa\u00f1ar. No hay medias tintas.<\/p>\n\n\n\n<p><strong>&#8211; \u00bfCu\u00e1les son los proyectos m\u00e1s importante en el orden de prioridades del gobierno?<\/strong><br>&#8211;&nbsp;Te dir\u00eda temas, los que plante\u00f3 el presidente son centrales, como la reforma laboral. No se trata de resignar conquistas de los trabajadores. Tenemos 50% del sector activo sin trabajo real formal. Tenemos un sistema decadente que perjudica a los trabajadores. Es fundamental modificar las reglas de juego para que haya empleo. No me refiero a las grandes empresas que tienen todo asignado. Me refiero al que quiere abrir una verduler\u00eda en el garage de su casa. Eso hoy no pasa, tienen miedo de perder la casa con el juicio laboral.<\/p>\n\n\n\n<h2 class=\"wp-block-heading\"><\/h2>\n\n\n\n<p><strong>&#8211; El paquete laboral est\u00e1 en el DNU lo fren\u00f3 la Justicia y en el Senado tiene altas chances de ser frenado, \u00bfc\u00f3mo ve&nbsp;la posibilidad de que eso ocurra?<\/strong><br>&#8211; Hay que decir que para el rechazo se concrete, se necesita que ocurra en las dos c\u00e1maras. Pero si una de las dos lo ratifica, queda confirmado.&nbsp;Nunca un DNU desde que se implementaron en 1994 tuvo un rechazo. Me gustar\u00eda que aquellos que se oponen propongan una alternativa. Han sido parte del fracaso de la Argentina en las \u00faltimas d\u00e9cadas. Van a quedar muy en la visibilidad de la sociedad, que quiere cambiar. Tienen que tener la generosidad para acompa\u00f1ar y decir qu\u00e9 har\u00edan.<\/p>\n\n\n\n<p><strong>&#8211; Bueno, en la comisi\u00f3n\u00a0bicameral de Tr\u00e1mite Legislativo el diputado Massot plante\u00f3 un tratamiento del DNU pero a trav\u00e9s de una ley espejo para que el Congreso pueda corregir algunas cosas. \u00bfC\u00f3mo ve esa posibilidad?<\/strong><br>&#8211; El presidente mand\u00f3 dos piezas integrales de la transformaci\u00f3n argentina. El primero es la ley Bases y el otro es el DNU 70\/23. Ah\u00ed est\u00e1n contenidas gran parte de la Argentina moderna que tiene que venir. A partir de eso, si algunos encuentran alguna forma de desmenuzarlo y tratar cosas de lo individual, ocurrir\u00e1. Ahora, los tiempos de la pol\u00edtica no son lo de la gente. La urgencia est\u00e1 en esas dos piezas y ser\u00e1 importante que se ratifique el DNU y se apruebe la Ley de Bases como fue enviada. Esa pieza transformadora tiene que estar vigente.<\/p>\n\n\n\n<p><strong>&#8211; El presidente cada semana elige cada semana un enemigo nuevo para confrontar discursivamente, la semana pasada fue el Inadi, antes el gobernador de Chubut, Lali Esp\u00f3sito y ahora es T\u00e9lam, \u00bfqu\u00e9 evaluaci\u00f3n hace de esa estrategia?<\/strong><br>&#8211; Es un punto en la gran cantidad de temas que la Argentina necesita superar. El conflicto de&nbsp;Chubut no es Nacho Torres en particular, es algo de la pol\u00edtica argentina que est\u00e1 convencida de que las deudas argentinas no se pagan.<\/p>\n\n\n\n<p><strong>&#8211; Bueno, pero se burl\u00f3 de \u00e9l con la foto de un chico que tiene s\u00edndrome de down\u2026<\/strong><br>&#8211; Bueno, ya hubo una explicaci\u00f3n de parte de Adorni con ese tema. Bajo ning\u00fan aspecto hubo intenci\u00f3n del presidente en hacer comparativa. Tambi\u00e9n se lo usa para castigar al presidente por su vehemencia, su forma de expresarse. Pero volviendo al tema, el caso de Chubut dej\u00f3 al descubierto que las provincias tienen que ordenarse. La Naci\u00f3n necesita esos recursos que se dilapidan. En el caso del Inadi, a esta altura nadie dudaba que era una herramienta de persecuci\u00f3n ideol\u00f3gica, que le costaba a la Argentina una enorme cantidad de recursos. El tema de T\u00e9lam quiz\u00e1 tenga una particularidad, muchas veces se abus\u00f3 de algunos \u00e1mbitos. No s\u00e9 si realmente el Estado debe tener una agencia de noticias, olvidando de las personas que la integran, que han hecho una excelente tarea. Pero no s\u00e9 si el Estado en serio debe involucrarse con una agencia de noticias. Dicho esto, se ha utilizado tambi\u00e9n como una agencia de propaganda. Hoy T\u00e9lam tiene 800 empleando, un esfuerzo presupuestario de 20 mil millones de pesos por a\u00f1o. Esa es la plata del jubilado cuando fue y compr\u00f3 y no llega a fin de mes mientras sostiene esas estructuras.<\/p>\n\n\n\n<p><strong>&#8211; \u00bfY por qu\u00e9 no se elige corregir esas irregularidades?<\/strong><br>&#8211; Hay un concepto principal que tiene que ver con discutir si el Estado debe ocuparse o no de eso, independientemente del super\u00e1vit o d\u00e9ficit. La pregunta es cu\u00e1ndo los que toman las decisiones no tienen responsabilidad, yo desconf\u00edo. Si ten\u00e9s que tomar una decisi\u00f3n econ\u00f3mica y es plata de tu bolsillo la pens\u00e1s cuatro veces. El Estado no tiene que meter se hacer lo que no sabe.<\/p>\n\n\n\n<p><strong>&#8211;&nbsp;\u00bfQu\u00e9 evaluaci\u00f3n hace de lo que fue la Fiesta de la Vendimia el fin de semana pasado?<\/strong><br>&#8211;&nbsp;Es un evento que excede cualquier gobierno. Para Mendoza es sagrado e intocable. Lo que est\u00e1 sucediendo es que hay una permanente intervenci\u00f3n en todas las instituciones p\u00fablicas y privadas. De lo primero, nadie duda que el Gobierno tiene un manejo directo de la Justicia y una intervenci\u00f3n en la prensa. Esto tambi\u00e9n llega al sector privado, como el Colegio de Abogados y las organizaciones como Coviar. En la Vendimia se not\u00f3 la absoluta cooptaci\u00f3n de estos \u00e1mbitos que sirvieron hist\u00f3ricamente para discutir \u00e1mbitos profundos del sector y que ahora pr\u00e1cticamente pasaron a ser ap\u00e9ndices oficiales. Por sobre esto est\u00e1 que la Vendimia es la fiesta m\u00e1xima.<\/p>\n\n\n\n<p><strong>&#8211; \u00bfC\u00f3mo qued\u00f3 su relaci\u00f3n con el PRO?<\/strong><br>&#8211;&nbsp;Muy bien, sigo afiliado. Para hablar en nuestro caso tengo que hablar de Mendoza. No se comprendi\u00f3 que busc\u00e1bamos una alternativa a la que presentaba el radicalismo. Entendemos que no est\u00e1 bien. La provincia camina&nbsp;a una situaci\u00f3n de vulnerabilidad institucional cada vez m\u00e1s&nbsp;evidente, con una justicia selectiva en Mendoza. Eso lo vemos en Jujuy con una Justicia af\u00edn. Sucede algo parecido.<\/p>\n\n\n\n<p><strong>&#8211; \u00bfHay lugar para que en Mendoza vayan personas que tuiteen en contra de Cornejo?<\/strong><br>&#8211; No tengo ninguna duda. El gobernador tienen un manejo total del Consejo de la Magistratura, del jury de enjuiciamiento, del Tribunal de Cuentas, de ambas c\u00e1maras legislativas, hasta maneja colegios profesionales. De ah\u00ed al manejo de la Justicia no tengo duda.<\/p>\n\n\n\n<p><strong>&#8211; \u00bfHabla con \u00e9l cada tanto, c\u00f3mo qued\u00f3 la relaci\u00f3n?<\/strong><br>&#8211; Institucionalmente tengo diferencias fuertes. Plantarse enfrente de hegemon\u00edas feudales tiene un costo, hoy que todo el mundo dice que Mendoza es la meca de la institucionalidad. Eso es mentira, no es real. Puedo demostrar claramente c\u00f3mo ha avanzado la provincia hacia una feudalizaci\u00f3n muy peligrosa.<\/p>\n\n\n\n<p><strong>&#8211;\u00a0\u00bfC\u00f3mo ve\u00a0el acercamiento que quiere tener con\u00a0Milei?<\/strong><br>&#8211;\u00a0Est\u00e1 haciendo una lectura de \u00e9poca. Si hoy el pedido de la ciudadan\u00eda fuera estatizar y m\u00e1s Estado, estar\u00eda de ese lado. No es un hombre de convicciones profundas. Me parece que es un gran lector del d\u00eda a d\u00eda. Pero bienvenido, que decida acompa\u00f1ar las ideas del presidente, me parece saludable.<\/p>\n\n\n\n<p>FUENTE: MDZonline.<\/p>\n","protected":false},"excerpt":{"rendered":"<p>El secretario de Relaciones Parlamentarias habl\u00f3 en exclusiva con MDZ y reflexion\u00f3 sobre los primeros pasos del gobierno de Milei. El mensaje de De Marchi al Congreso. Omar De Marchi&nbsp;se gan\u00f3 el cari\u00f1o de Javier Milei en la C\u00e1mara de Diputados. Cuando el libertario dio su primer paso en la pol\u00edtica, el mendocino fue uno [&hellip;]<\/p>\n","protected":false},"author":2,"featured_media":5933,"comment_status":"open","ping_status":"open","sticky":true,"template":"","format":"standard","meta":[],"categories":[47],"tags":[],"_links":{"self":[{"href":"https:\/\/pasaenmendoza.com\/index.php?rest_route=\/wp\/v2\/posts\/5928"}],"collection":[{"href":"https:\/\/pasaenmendoza.com\/index.php?rest_route=\/wp\/v2\/posts"}],"about":[{"href":"https:\/\/pasaenmendoza.com\/index.php?rest_route=\/wp\/v2\/types\/post"}],"author":[{"embeddable":true,"href":"https:\/\/pasaenmendoza.com\/index.php?rest_route=\/wp\/v2\/users\/2"}],"replies":[{"embeddable":true,"href":"https:\/\/pasaenmendoza.com\/index.php?rest_route=%2Fwp%2Fv2%2Fcomments&post=5928"}],"version-history":[{"count":1,"href":"https:\/\/pasaenmendoza.com\/index.php?rest_route=\/wp\/v2\/posts\/5928\/revisions"}],"predecessor-version":[{"id":5934,"href":"https:\/\/pasaenmendoza.com\/index.php?rest_route=\/wp\/v2\/posts\/5928\/revisions\/5934"}],"wp:featuredmedia":[{"embeddable":true,"href":"https:\/\/pasaenmendoza.com\/index.php?rest_route=\/wp\/v2\/media\/5933"}],"wp:attachment":[{"href":"https:\/\/pasaenmendoza.com\/index.php?rest_route=%2Fwp%2Fv2%2Fmedia&parent=5928"}],"wp:term":[{"taxonomy":"category","embeddable":true,"href":"https:\/\/pasaenmendoza.com\/index.php?rest_route=%2Fwp%2Fv2%2Fcategories&post=5928"},{"taxonomy":"post_tag","embeddable":true,"href":"https:\/\/pasaenmendoza.com\/index.php?rest_route=%2Fwp%2Fv2%2Ftags&post=5928"}],"curies":[{"name":"wp","href":"https:\/\/api.w.org\/{rel}","templated":true}]}}