{"id":5929,"date":"2024-03-07T13:41:00","date_gmt":"2024-03-07T12:41:00","guid":{"rendered":"https:\/\/pasaenmendoza.com\/?p=5929"},"modified":"2024-03-07T13:41:01","modified_gmt":"2024-03-07T12:41:01","slug":"mataron-a-balazos-a-un-presunto-narco-de-godoy-cruz","status":"publish","type":"post","link":"https:\/\/pasaenmendoza.com\/?p=5929","title":{"rendered":"Mataron a balazos a un presunto narco de Godoy Cruz"},"content":{"rendered":"\n<p>Este mi\u00e9rcoles por la tarde, en el oeste de&nbsp;<strong>Godoy Cruz<\/strong>, tuvo lugar un tiroteo que termin\u00f3 con un muerto. La v\u00edctima fatal fue&nbsp;<strong>Miguel \u00c1ngel Valdivia<\/strong>, de 24 a\u00f1os. Seg\u00fan relatos de testigos, el sujeto estaba enfrentado con personas del Barrio Covitedyc. La Polic\u00eda corrobor\u00f3 que presentaba antecedentes penales.<\/p>\n\n\n\n<p>El\u00a0<strong>crimen<\/strong>\u00a0ocurri\u00f3 en la intersecci\u00f3n de las calles\u00a0<strong>Salvador Civit y Joaqu\u00edn V. Gonz\u00e1lez<\/strong>. Valdivia, que era conocido con el apodo de &#8220;Pollo&#8221;, fue acribillado por un sujeto no identificado que huy\u00f3 posteriormente en una moto que lo estaba esperando. El hecho ocurri\u00f3 aproximadamente a las<strong>\u00a019 horas.<\/strong><\/p>\n\n\n\n<p>Seg\u00fan los informes policiales, varios llamados a la l\u00ednea de emergencias alertaron sobre disparos en la zona y la presencia de una persona herida.\u00a0<strong>Valdivia ten\u00eda balazos en varias partes del cuerpo\u00a0<\/strong>y fue trasladado de urgencia al\u00a0<strong>Hospital El Carmen\u00a0<\/strong>en un veh\u00edculo VW Voyage de color negro, informaron fuentes policiales.<\/p>\n\n\n\n<p>A las&nbsp;<strong>19.16 horas<\/strong>, el m\u00e9dico a cargo&nbsp;<strong>confirm\u00f3 su muerte&nbsp;<\/strong>debido a m\u00faltiples heridas de arma de fuego en diferentes partes de su cuerpo.<\/p>\n\n\n\n<p>El\u00a0<strong>lugar de los hechos, una gomer\u00eda<\/strong>\u00a0ubicada en la intersecci\u00f3n mencionada, presenta impactos de bala y la Polic\u00eda encontr\u00f3 seis vainas servidas. Un familiar del fallecido describi\u00f3 a las personas con las que estaba enfrentada como\u00a0<strong>&#8220;soldaditos de la Pato&#8221;.\u00a0<\/strong><\/p>\n\n\n\n<p>Seg\u00fan inform\u00f3\u00a0<em>El Sol<\/em>,\u00a0<strong>Valdivia<\/strong>\u00a0era referente de una de las bandas narco de la zona, y era el hijo de uno de los integrantes de la<strong>\u00a0banda de &#8220;la Yaqui&#8221;<\/strong>. El fallecido estaba en silla de ruedas y el motivo habr\u00eda sido un tiroteo anterior.\u00a0<\/p>\n\n\n\n<p>Las c\u00e1maras de seguridad en la zona, espec\u00edficamente la c\u00e1mara GC-123, no arrojaron informaci\u00f3n \u00fatil sobre el incidente, seg\u00fan inform\u00f3 el personal de C\u00e1maras presente en el lugar.<\/p>\n\n\n\n<p>La Oficina Fiscal N\u00b0 4 de la Comisar\u00eda 27\u00b0 tom\u00f3 intervenci\u00f3n en el caso.<\/p>\n\n\n\n<p><strong>Fuente: www.mendozapost.com<\/strong><\/p>\n","protected":false},"excerpt":{"rendered":"<p>Este mi\u00e9rcoles por la tarde, en el oeste de&nbsp;Godoy Cruz, tuvo lugar un tiroteo que termin\u00f3 con un muerto. La v\u00edctima fatal fue&nbsp;Miguel \u00c1ngel Valdivia, de 24 a\u00f1os. Seg\u00fan relatos de testigos, el sujeto estaba enfrentado con personas del Barrio Covitedyc. La Polic\u00eda corrobor\u00f3 que presentaba antecedentes penales. El\u00a0crimen\u00a0ocurri\u00f3 en la intersecci\u00f3n de las calles\u00a0Salvador [&hellip;]<\/p>\n","protected":false},"author":2,"featured_media":5930,"comment_status":"open","ping_status":"open","sticky":false,"template":"","format":"standard","meta":[],"categories":[48],"tags":[],"_links":{"self":[{"href":"https:\/\/pasaenmendoza.com\/index.php?rest_route=\/wp\/v2\/posts\/5929"}],"collection":[{"href":"https:\/\/pasaenmendoza.com\/index.php?rest_route=\/wp\/v2\/posts"}],"about":[{"href":"https:\/\/pasaenmendoza.com\/index.php?rest_route=\/wp\/v2\/types\/post"}],"author":[{"embeddable":true,"href":"https:\/\/pasaenmendoza.com\/index.php?rest_route=\/wp\/v2\/users\/2"}],"replies":[{"embeddable":true,"href":"https:\/\/pasaenmendoza.com\/index.php?rest_route=%2Fwp%2Fv2%2Fcomments&post=5929"}],"version-history":[{"count":1,"href":"https:\/\/pasaenmendoza.com\/index.php?rest_route=\/wp\/v2\/posts\/5929\/revisions"}],"predecessor-version":[{"id":5931,"href":"https:\/\/pasaenmendoza.com\/index.php?rest_route=\/wp\/v2\/posts\/5929\/revisions\/5931"}],"wp:featuredmedia":[{"embeddable":true,"href":"https:\/\/pasaenmendoza.com\/index.php?rest_route=\/wp\/v2\/media\/5930"}],"wp:attachment":[{"href":"https:\/\/pasaenmendoza.com\/index.php?rest_route=%2Fwp%2Fv2%2Fmedia&parent=5929"}],"wp:term":[{"taxonomy":"category","embeddable":true,"href":"https:\/\/pasaenmendoza.com\/index.php?rest_route=%2Fwp%2Fv2%2Fcategories&post=5929"},{"taxonomy":"post_tag","embeddable":true,"href":"https:\/\/pasaenmendoza.com\/index.php?rest_route=%2Fwp%2Fv2%2Ftags&post=5929"}],"curies":[{"name":"wp","href":"https:\/\/api.w.org\/{rel}","templated":true}]}}