{"id":5932,"date":"2024-03-07T13:44:49","date_gmt":"2024-03-07T12:44:49","guid":{"rendered":"https:\/\/pasaenmendoza.com\/?p=5932"},"modified":"2024-03-07T13:44:50","modified_gmt":"2024-03-07T12:44:50","slug":"el-crimen-del-joven-trabajador-el-menor-que-esta-en-la-mira-y-como-fue-la-caida-del-unico-imputado","status":"publish","type":"post","link":"https:\/\/pasaenmendoza.com\/?p=5932","title":{"rendered":"El crimen del joven trabajador: el menor que est\u00e1 en la mira y c\u00f3mo fue la ca\u00edda del \u00fanico imputado"},"content":{"rendered":"\n<p>La investigaci\u00f3n por el asesinato durante un asalto de&nbsp;<strong>Gabriel Ortiz Vilchez<\/strong>&nbsp;en Las Heras dio un paso importante el mi\u00e9rcoles de la semana pasada, cuando efectivos de la Divisi\u00f3n Homicidios atraparon a uno de los presuntos part\u00edcipes del hecho de inseguridad en la casa de una hermana.<\/p>\n\n\n\n<p><strong>Kevin Ariel Vera Valdez&nbsp;<\/strong>(22), conocido como&nbsp;<strong><em>Costrita<\/em><\/strong>,&nbsp;<mark>estaba a punto de fugarse a Chile y se refugi\u00f3 en un domicilio que los pesquisas no ten\u00edan registrado cuando lo redujeron y esposaron<\/mark>.<\/p>\n\n\n\n<p><strong>Fue la familia de la v\u00edctima la que consigui\u00f3 el dato sobre la direcci\u00f3n del escondite Vera Valdez<\/strong>\u00a0luego de horas de tensi\u00f3n y comunicaciones v\u00eda WhatsApp con un joven que conoc\u00eda todos los movimientos del sospechoso y decidi\u00f3 colaborar con la causa.<\/p>\n\n\n\n<p>La instrucci\u00f3n que lidera la fiscal de Homicidios Claudia Alejandra R\u00edos se encuentra en pleno proceso de incorporaci\u00f3n de pruebas. Resta atrapar a quien ser\u00eda el autor material del golpe que termin\u00f3 con la vida de\u00a0<strong>Ortiz Vilchez\u00a0<\/strong>y a un posible datero que conoc\u00eda los movimientos de la v\u00edctima.<\/p>\n\n\n\n<p><mark>Podr\u00edan ser un menor de 16 a\u00f1os que ten\u00eda estrecha relaci\u00f3n con Vera Valdez y un vecino del joven trabajador, respectivamente<\/mark>. No est\u00e1 todo dicho y las versiones en la zona son demasiadas con respecto a los otros autores del ataque.&nbsp;<strong>El menor est\u00e1 identificado con nombre y apellido<\/strong>&nbsp;y<em>&nbsp;\u201cse mueve por el barrio Santa Teresita\u201d.<\/em><\/p>\n\n\n\n<p>La v\u00edctima circulaba en bicicleta la ma\u00f1ana del lunes 19 de febrero hacia su trabajo en una empresa de piscinas ubicado en el Parque Industrial lasherino cuando recibi\u00f3 un fuerte golpe en la cabeza sobre calle Lisandro Moyano, entre Ameguino y Fangio.<mark>\u00a0El asalto sucedi\u00f3 pasadas las 6 y los malvivientes \u2014dos captados por una c\u00e1mara de seguridad\u2014 se llevaron la bicicleta y la mochila de la v\u00edctima.<\/mark><\/p>\n\n\n\n<p><strong>No est\u00e1 claro si fue con una piedra, un ladrillo o un palo<\/strong>; pero el golpe que sufri\u00f3 en la cabeza el joven de 30 a\u00f1os, casado y con tres hijos, fue tremendo. A la v\u00edctima diagnosticaron lesiones irrecuperables en el cr\u00e1neo y fue trasladada de urgencia al Hospital Central.<\/p>\n\n\n\n<p>Luego fue derivada al Italiano de Guaymall\u00e9n, donde entr\u00f3 en coma y falleci\u00f3 el domingo 25 de febrero. Su familia don\u00f3 los \u00f3rganos esa misma jornada y a las pocas horas comenz\u00f3 a exigir justicia por el esclarecimiento del caso.<\/p>\n\n\n\n<p>Eso llev\u00f3 a que los parientes comenzaran a recibir informaci\u00f3n \u2014principalmente\u2014 sobre uno de los dos sujetos que hab\u00eda captado una c\u00e1mara de seguridad. Por informaci\u00f3n policial y judicial a la que accedi\u00f3&nbsp;<em><strong>El Sol<\/strong><\/em>,&nbsp;<mark>uno de los hermanos de la v\u00edctima fue contactado por una persona el d\u00eda que se estaba realizando el velorio. Mensajes de WhatsApp en su tel\u00e9fono confirmaban la zona donde se refugiaba Vera Valdez.<\/mark><\/p>\n\n\n\n<p>Pidi\u00f3 encontrarse cerca del estadio<strong>\u00a0Malvinas Argentinas<\/strong>\u00a0y luego fueron pactando otros lugares como las\u00a0<strong>plazas Godoy Cruz e Independencia<\/strong>. Finalmente, acordaron verse cerca de la Casa de Gobierno, en el Barrio C\u00edvico. En ese momento, el hermano de la v\u00edctima cont\u00f3 a los polic\u00edas que lo invad\u00eda la incertidumbre y que necesitaba juntarse con esa persona que no conoc\u00eda para intentar avanzar en el esclarecimiento del caso.<\/p>\n\n\n\n<p>Una vez que estuvieron cara a cara, el informante asegur\u00f3 conocer que el sujeto se encontraba en el domicilio de una hermana, muy cerca de la intersecci\u00f3n calles\u00a0<strong>El Carrizal y San Vicente de Godoy Cruz.<\/strong><\/p>\n\n\n\n<p>Los efectivos le colocaron un chaleco al datero y lo subieron en una movilidad. Luego le pidieron que le marcara la vivienda. Minutos despu\u00e9s,&nbsp;<mark>con orden de allanamiento en mano, polic\u00edas de Homicidios irrumpieron en la propiedad y apresaron al&nbsp;<strong><em>Costrita<\/em><\/strong><\/mark><strong><em>&nbsp;<\/em><\/strong>que hab\u00edan marcado. Las fuentes agregaron que ten\u00eda pensado fugarse a Chile.<\/p>\n\n\n\n<p>Una vez que Vera Valdez fue imputado y enviado a la c\u00e1rcel, los pesquisas comenzaron a trabajar en la hip\u00f3tesis que se\u00f1ala a un menor de edad y otro sujeto que ser\u00eda vecino de la v\u00edctima tambi\u00e9n como sospechosos del hecho.<\/p>\n\n\n\n<p>El m\u00e1s chico tiene 16 a\u00f1os y\u00a0<em>\u201ces muy amigo del detenido. Estaban siempre juntos. Podr\u00eda ser el autor del golpe fatal. En un momento se habl\u00f3 con su familia porque exist\u00eda la posibilidad para que lo entreguen\u201d<\/em>, explicaron las fuentes de la causa. Sin embargo, hasta este mi\u00e9rcoles, el menor segu\u00eda en la calle.<\/p>\n\n\n\n<p><strong>Fuente: www.elsol.com.ar<\/strong><\/p>\n","protected":false},"excerpt":{"rendered":"<p>La investigaci\u00f3n por el asesinato durante un asalto de&nbsp;Gabriel Ortiz Vilchez&nbsp;en Las Heras dio un paso importante el mi\u00e9rcoles de la semana pasada, cuando efectivos de la Divisi\u00f3n Homicidios atraparon a uno de los presuntos part\u00edcipes del hecho de inseguridad en la casa de una hermana. Kevin Ariel Vera Valdez&nbsp;(22), conocido como&nbsp;Costrita,&nbsp;estaba a punto de [&hellip;]<\/p>\n","protected":false},"author":2,"featured_media":5936,"comment_status":"open","ping_status":"open","sticky":false,"template":"","format":"standard","meta":[],"categories":[48],"tags":[],"_links":{"self":[{"href":"https:\/\/pasaenmendoza.com\/index.php?rest_route=\/wp\/v2\/posts\/5932"}],"collection":[{"href":"https:\/\/pasaenmendoza.com\/index.php?rest_route=\/wp\/v2\/posts"}],"about":[{"href":"https:\/\/pasaenmendoza.com\/index.php?rest_route=\/wp\/v2\/types\/post"}],"author":[{"embeddable":true,"href":"https:\/\/pasaenmendoza.com\/index.php?rest_route=\/wp\/v2\/users\/2"}],"replies":[{"embeddable":true,"href":"https:\/\/pasaenmendoza.com\/index.php?rest_route=%2Fwp%2Fv2%2Fcomments&post=5932"}],"version-history":[{"count":1,"href":"https:\/\/pasaenmendoza.com\/index.php?rest_route=\/wp\/v2\/posts\/5932\/revisions"}],"predecessor-version":[{"id":5937,"href":"https:\/\/pasaenmendoza.com\/index.php?rest_route=\/wp\/v2\/posts\/5932\/revisions\/5937"}],"wp:featuredmedia":[{"embeddable":true,"href":"https:\/\/pasaenmendoza.com\/index.php?rest_route=\/wp\/v2\/media\/5936"}],"wp:attachment":[{"href":"https:\/\/pasaenmendoza.com\/index.php?rest_route=%2Fwp%2Fv2%2Fmedia&parent=5932"}],"wp:term":[{"taxonomy":"category","embeddable":true,"href":"https:\/\/pasaenmendoza.com\/index.php?rest_route=%2Fwp%2Fv2%2Fcategories&post=5932"},{"taxonomy":"post_tag","embeddable":true,"href":"https:\/\/pasaenmendoza.com\/index.php?rest_route=%2Fwp%2Fv2%2Ftags&post=5932"}],"curies":[{"name":"wp","href":"https:\/\/api.w.org\/{rel}","templated":true}]}}