{"id":5935,"date":"2024-03-07T13:45:47","date_gmt":"2024-03-07T12:45:47","guid":{"rendered":"https:\/\/pasaenmendoza.com\/?p=5935"},"modified":"2024-03-07T13:45:49","modified_gmt":"2024-03-07T12:45:49","slug":"el-gobierno-de-mendoza-avanzo-con-la-reglamentacion-de-la-ley-de-presupuesto","status":"publish","type":"post","link":"https:\/\/pasaenmendoza.com\/?p=5935","title":{"rendered":"El Gobierno de Mendoza avanz\u00f3 con la reglamentaci\u00f3n de la Ley de presupuesto"},"content":{"rendered":"\n<p>A\u00fan restan aspectos espec\u00edficos para formalizar, como el Fondo Provincial de Compensaciones Tarifarias y el Programa de Financiamiento para Municipios.<\/p>\n\n\n\n<p>El\u00a0<strong>Gobierno<\/strong>\u00a0avanz\u00f3 con la reglamentaci\u00f3n de la ley de presupuesto del a\u00f1o 2024 -Ley 9497- seg\u00fan se detall\u00f3 en el decreto 410 publicado este jueves en el Bolet\u00edn Oficial y que lleva la firma de todos los ministros y del gobernador\u00a0<strong>Alfredo Cornejo<\/strong>.<\/p>\n\n\n\n<p>Seg\u00fan se\u00f1ala la norma, esta reglamentaci\u00f3n fija aspectos generales, indicando los procedimientos administrativos que deben seguir las diferentes carteras&nbsp;<em>\u201ca fin de ejecutar sus presupuestos de conformidad con las leyes de Administraci\u00f3n Financiera y Responsabilidad Fiscal\u201d<\/em>.<\/p>\n\n\n\n<p><em>\u201cTiene como objetivo garantizar una correcta ejecuci\u00f3n presupuestaria en cumplimiento de los extremos legales, en cuanto a la existencia de cr\u00e9dito suficiente para poder comprometer una erogaci\u00f3n\u201d<\/em>, explica.<\/p>\n\n\n\n<p>El texto del decreto incluye detalles de los pasos administrativos que deber\u00e1n llevar adelante los ministerios a la hora de contrataci\u00f3n de personal en sus diferentes modalidades, como as\u00ed tambi\u00e9n los movimientos de recursos vinculados, modificaciones presupuestarias,<\/p>\n\n\n\n<p>Por otra parte, la normativa advierte que a\u00fan se encuentran pendientes las reglamentaciones del Fondo Provincial de Compensaciones Tarifarias (art\u00edculo 20) el programa de Financiamiento para Municipios (Art\u00edculo 48).<\/p>\n\n\n\n<p><\/p>\n","protected":false},"excerpt":{"rendered":"<p>A\u00fan restan aspectos espec\u00edficos para formalizar, como el Fondo Provincial de Compensaciones Tarifarias y el Programa de Financiamiento para Municipios. El\u00a0Gobierno\u00a0avanz\u00f3 con la reglamentaci\u00f3n de la ley de presupuesto del a\u00f1o 2024 -Ley 9497- seg\u00fan se detall\u00f3 en el decreto 410 publicado este jueves en el Bolet\u00edn Oficial y que lleva la firma de todos [&hellip;]<\/p>\n","protected":false},"author":2,"featured_media":5938,"comment_status":"open","ping_status":"open","sticky":true,"template":"","format":"standard","meta":[],"categories":[47],"tags":[],"_links":{"self":[{"href":"https:\/\/pasaenmendoza.com\/index.php?rest_route=\/wp\/v2\/posts\/5935"}],"collection":[{"href":"https:\/\/pasaenmendoza.com\/index.php?rest_route=\/wp\/v2\/posts"}],"about":[{"href":"https:\/\/pasaenmendoza.com\/index.php?rest_route=\/wp\/v2\/types\/post"}],"author":[{"embeddable":true,"href":"https:\/\/pasaenmendoza.com\/index.php?rest_route=\/wp\/v2\/users\/2"}],"replies":[{"embeddable":true,"href":"https:\/\/pasaenmendoza.com\/index.php?rest_route=%2Fwp%2Fv2%2Fcomments&post=5935"}],"version-history":[{"count":1,"href":"https:\/\/pasaenmendoza.com\/index.php?rest_route=\/wp\/v2\/posts\/5935\/revisions"}],"predecessor-version":[{"id":5939,"href":"https:\/\/pasaenmendoza.com\/index.php?rest_route=\/wp\/v2\/posts\/5935\/revisions\/5939"}],"wp:featuredmedia":[{"embeddable":true,"href":"https:\/\/pasaenmendoza.com\/index.php?rest_route=\/wp\/v2\/media\/5938"}],"wp:attachment":[{"href":"https:\/\/pasaenmendoza.com\/index.php?rest_route=%2Fwp%2Fv2%2Fmedia&parent=5935"}],"wp:term":[{"taxonomy":"category","embeddable":true,"href":"https:\/\/pasaenmendoza.com\/index.php?rest_route=%2Fwp%2Fv2%2Fcategories&post=5935"},{"taxonomy":"post_tag","embeddable":true,"href":"https:\/\/pasaenmendoza.com\/index.php?rest_route=%2Fwp%2Fv2%2Ftags&post=5935"}],"curies":[{"name":"wp","href":"https:\/\/api.w.org\/{rel}","templated":true}]}}