{"id":5946,"date":"2024-03-07T13:56:21","date_gmt":"2024-03-07T12:56:21","guid":{"rendered":"https:\/\/pasaenmendoza.com\/?p=5946"},"modified":"2024-03-07T13:56:22","modified_gmt":"2024-03-07T12:56:22","slug":"mendoza-en-la-feria-de-mineria-el-encargado-de-inversiones-de-canada-revelo-que-argentina-tiene-prioridad-para-futuros-proyectos","status":"publish","type":"post","link":"https:\/\/pasaenmendoza.com\/?p=5946","title":{"rendered":"MENDOZA EN LA FERIA DE MINERIA: El encargado de inversiones de Canad\u00e1 revel\u00f3 que Argentina tiene &#8220;prioridad&#8221; para futuros proyectos"},"content":{"rendered":"\n<p>El gobernador Cornejo y funcionarios mendocinos contin\u00faan en Canad\u00e1 en la tercera jornada de la feria de miner\u00eda m\u00e1s importante del mundo<\/p>\n\n\n\n<p>El gobernador<strong>\u00a0Alfredo Cornejo<\/strong>\u00a0contin\u00faa en\u00a0<strong>Canad\u00e1\u00a0<\/strong>junto a la ministra de Energ\u00eda y Ambiente,\u00a0<strong>Jimena Latorre<\/strong>, al director de Miner\u00eda,\u00a0<strong>Jer\u00f3nimo Shantal<\/strong>\u00a0y, el gerente general de Potasio R\u00edo Colorado,\u00a0<strong>Emilio Gui\u00f1az\u00fa<\/strong>.<\/p>\n\n\n\n<p>La comitiva mendocina particip\u00f3 este mi\u00e9rcoles de la<strong>&nbsp;tercera jornada de la feria Prospectors &amp; Developers Association of Canada<\/strong>&nbsp;(PDAC), una de las ferias de miner\u00eda m\u00e1s importantes del mundo. La jornada comenz\u00f3 con un desayuno de trabajo con&nbsp;<strong>Neil Adshead<\/strong>, influencer y experto en exploraci\u00f3n minera.<\/p>\n\n\n\n<p>La agenda continu\u00f3 con una reuni\u00f3n con\u00a0<strong>Jelena Puzic<\/strong>, directora de Iniciativas Estrat\u00e9gicas para Tech Resources y referente del comit\u00e9 Mining for Miracles. Puzic, que est\u00e1 radicada en Vancouver, cont\u00f3 que el comit\u00e9 que representa est\u00e1 a cargo con toda la industria minera en British Columbia, para desarrollar y obtener fondos para el hospital de ni\u00f1os en Vancouver, que se llama B.C. (British Columbia) Children\u2019s Hospital.<\/p>\n\n\n\n<p>La empresa minera realiza aportes y&nbsp;<strong>su representante afirm\u00f3 que est\u00e1n interesados en aplicar ese m\u00e9todo en Mendoza<\/strong>.<\/p>\n\n\n\n<p>\u201cDesde 1998, la industria minera en British Columbia\u00a0<strong>ha creado 40 millones de d\u00f3lares para la salud de los ni\u00f1os y su familia<\/strong>. Creemos que tambi\u00e9n se puede hacer en Mendoza\u201d, sostuvo en su exposici\u00f3n Puzic.<\/p>\n\n\n\n<h2 class=\"wp-block-heading\"><strong>En busca de tecnolog\u00eda canadiense<\/strong><\/h2>\n\n\n\n<p>Alfredo Cornejo y la ministra de Ambiente y Energ\u00eda, Jimena Latorre, se reunieron con\u00a0<strong>Tom\u00e1s Cabanillas<\/strong>, el funcionario del gobierno canadiense a cargo del \u00e1rea de inversiones en miner\u00eda en el extranjero, espec\u00edficamente en Am\u00e9rica Latina, y de la\u00a0<strong>promoci\u00f3n de exportaci\u00f3n de tecnolog\u00eda<\/strong>\u00a0para la actividad.<\/p>\n\n\n\n<p>Cabanillas explic\u00f3 que&nbsp;<strong>m\u00e1s de la mitad de la inversi\u00f3n de los activos canadienses en miner\u00eda est\u00e1n localizados en la regi\u00f3n de Am\u00e9rica Latina y el Caribe<\/strong>&nbsp;y destac\u00f3 que dado el desarrollo que ha alcanzado en esa actividad, Canad\u00e1 es un pa\u00eds de consulta a nivel mundial.<\/p>\n\n\n\n<p>\u201cEn nuestra estrategia internacional,&nbsp;<strong>hemos identificado a la Argentina como pa\u00eds prioritario especialmente en lo que se refiere a minerales cr\u00edticos como el litio y el cobre<\/strong>\u201d, afirm\u00f3 el funcionario canadiense y abri\u00f3 el di\u00e1logo para \u201c<strong>entender cu\u00e1l es la postura, la direcci\u00f3n, los objetivos de Mendoza para el desarrollo de la miner\u00eda<\/strong>\u201d y c\u00f3mo puede colaborar su pa\u00eds en ese proceso.<\/p>\n\n\n\n<p>El Gobernador describi\u00f3 la estrategia que ha desarrollado la provincia para el desarrollo de la miner\u00eda teniendo en cuenta que la existencia de&nbsp;<strong>cobre<\/strong>, uno de los minerales cr\u00edticos, y el cambio de modelo pol\u00edtico en el pa\u00eds hoy&nbsp;<strong>generan un escenario propicio para el impulso de esta actividad<\/strong>.<\/p>\n\n\n\n<p>El mandatario mendocino detall\u00f3 los avances que en ese sentido ha alcanzado la Provincia, como la\u00a0<strong>puesta en marcha de dos de los cinco proyectos de exploraci\u00f3n minera que ya fueron aprobados por la Legislatura por amplia mayor\u00eda<\/strong>, \u201csin conflicto con la comunidad y\u00a0<strong>en el marco de la Ley 7.722<\/strong>\u201d. Adem\u00e1s, hizo referencia al proyecto de creaci\u00f3n del\u00a0<strong>distrito minero de Malarg\u00fce<\/strong>\u00a0y su articulaci\u00f3n con el<strong>\u00a0Parque Industrial de Pata Mora<\/strong>.<\/p>\n\n\n\n<h2 class=\"wp-block-heading\"><strong>Gestiones entre Mendoza y el Banco Mundial para nuevos proyectos mineros<\/strong><\/h2>\n\n\n\n<p>Asimismo, la comitiva mendocina mantuvo un encuentro con el representante del Banco Mundial,<strong>&nbsp;Javier Aguilar<\/strong>. Se analizaron diversos proyectos que se utilizan para la miner\u00eda que se realizan en Argentina y que cuentan con el financiamiento del organismo.<\/p>\n\n\n\n<p>Uno de los casos analizados es el que se lleva adelante en Salta. El proyecto&nbsp;<strong>Taca Taca<\/strong>&nbsp;est\u00e1 ubicado a unos 35 kil\u00f3metros hacia el oeste de la localidad de Tolar Grande.<\/p>\n\n\n\n<p><strong>Desde la entidad se\u00f1alaron que est\u00e1n proyectando asociarse con la Naci\u00f3n<\/strong>, y al mismo tiempo a algunas provincias con producci\u00f3n minera, para avanzar en planes de este rubro. En principio, el objetivo es\u00a0<strong>trabajar con al menos 7 provincias argentinas<\/strong>. Este proceso es la continuidad de un plan de apoyo financiero que comenz\u00f3 a trabajarse con Argentina hace 20 a\u00f1os. Mendoza forma parte de esta nueva etapa de trabajo conjunto.<\/p>\n\n\n\n<p>El trabajo conjunto entre Argentina y el Banco Mundial para avanzar con estos proyectos se realiza mediante el&nbsp;<strong>Consejo Federal de Miner\u00eda (COFEMIN)<\/strong>, organismo integrado por las provincias y el Estado Nacional, cuya misi\u00f3n principal es participar activamente en el dise\u00f1o, ejecuci\u00f3n y seguimiento de la pol\u00edtica minera nacional.<\/p>\n\n\n\n<p>En la reuni\u00f3n, el gobernador&nbsp;<strong>Alfredo Cornejo<\/strong>&nbsp;y el representante del Banco Mundial analizaron la posibilidad de que Mendoza avance con la actividad minera a trav\u00e9s de un proyecto espec\u00edfico de digitalizaci\u00f3n de los procesos de catastro. Adem\u00e1s, se trabajar\u00e1 en un proceso de&nbsp;<strong>mapeo de la actividad minera<\/strong>&nbsp;para analizar a fondo los detalles de la regi\u00f3n.<\/p>\n\n\n\n<h2 class=\"wp-block-heading\"><strong>Reuni\u00f3n con posibles e interesados inversores<\/strong><\/h2>\n\n\n\n<p>El gobernador y su equipo fueron a un almuerzo de trabajo con representantes de<strong>&nbsp;First Quantum Minerals Ltd.<\/strong>, una empresa de miner\u00eda y metales con sede en Canad\u00e1, cuyas actividades principales incluyen la exploraci\u00f3n, el desarrollo y la extracci\u00f3n de minerales. Su principal producto es justamente el&nbsp;<strong>cobre<\/strong>.<\/p>\n\n\n\n<p>Actualmente, cuentan con el mencionado proyecto en&nbsp;<strong>Taca Taca<\/strong>, Salta, del que contaron los detalles del proceso de explotaci\u00f3n que est\u00e1n llevando a cabo.<\/p>\n\n\n\n<p>Durante la tarde, la jornada termin\u00f3 con una reuni\u00f3n entre la comitiva mendocina y representantes de CGC, del grupo\u00a0<strong>Corporaci\u00f3n Am\u00e9rica<\/strong>. Se trata de un holding familiar de origen argentino que invierte en el pa\u00eds desde hace d\u00e9cadas en \u00e1reas como aeropuertos, infraestructura, tecnolog\u00eda y energ\u00eda. Cuenta con 100 a\u00f1os de trayectoria, es uno de los l\u00edderes en la industria de energ\u00eda en Argentina y se dedica a la exploraci\u00f3n, explotaci\u00f3n, desarrollo y producci\u00f3n de hidrocarburos.<\/p>\n\n\n\n<p>FUENTE: Diariouno.com.ar <\/p>\n","protected":false},"excerpt":{"rendered":"<p>El gobernador Cornejo y funcionarios mendocinos contin\u00faan en Canad\u00e1 en la tercera jornada de la feria de miner\u00eda m\u00e1s importante del mundo El gobernador\u00a0Alfredo Cornejo\u00a0contin\u00faa en\u00a0Canad\u00e1\u00a0junto a la ministra de Energ\u00eda y Ambiente,\u00a0Jimena Latorre, al director de Miner\u00eda,\u00a0Jer\u00f3nimo Shantal\u00a0y, el gerente general de Potasio R\u00edo Colorado,\u00a0Emilio Gui\u00f1az\u00fa. La comitiva mendocina particip\u00f3 este mi\u00e9rcoles de la&nbsp;tercera [&hellip;]<\/p>\n","protected":false},"author":2,"featured_media":5947,"comment_status":"open","ping_status":"open","sticky":true,"template":"","format":"standard","meta":[],"categories":[47],"tags":[],"_links":{"self":[{"href":"https:\/\/pasaenmendoza.com\/index.php?rest_route=\/wp\/v2\/posts\/5946"}],"collection":[{"href":"https:\/\/pasaenmendoza.com\/index.php?rest_route=\/wp\/v2\/posts"}],"about":[{"href":"https:\/\/pasaenmendoza.com\/index.php?rest_route=\/wp\/v2\/types\/post"}],"author":[{"embeddable":true,"href":"https:\/\/pasaenmendoza.com\/index.php?rest_route=\/wp\/v2\/users\/2"}],"replies":[{"embeddable":true,"href":"https:\/\/pasaenmendoza.com\/index.php?rest_route=%2Fwp%2Fv2%2Fcomments&post=5946"}],"version-history":[{"count":1,"href":"https:\/\/pasaenmendoza.com\/index.php?rest_route=\/wp\/v2\/posts\/5946\/revisions"}],"predecessor-version":[{"id":5948,"href":"https:\/\/pasaenmendoza.com\/index.php?rest_route=\/wp\/v2\/posts\/5946\/revisions\/5948"}],"wp:featuredmedia":[{"embeddable":true,"href":"https:\/\/pasaenmendoza.com\/index.php?rest_route=\/wp\/v2\/media\/5947"}],"wp:attachment":[{"href":"https:\/\/pasaenmendoza.com\/index.php?rest_route=%2Fwp%2Fv2%2Fmedia&parent=5946"}],"wp:term":[{"taxonomy":"category","embeddable":true,"href":"https:\/\/pasaenmendoza.com\/index.php?rest_route=%2Fwp%2Fv2%2Fcategories&post=5946"},{"taxonomy":"post_tag","embeddable":true,"href":"https:\/\/pasaenmendoza.com\/index.php?rest_route=%2Fwp%2Fv2%2Ftags&post=5946"}],"curies":[{"name":"wp","href":"https:\/\/api.w.org\/{rel}","templated":true}]}}