{"id":5953,"date":"2024-03-07T19:38:06","date_gmt":"2024-03-07T18:38:06","guid":{"rendered":"https:\/\/pasaenmendoza.com\/?p=5953"},"modified":"2024-03-07T19:38:08","modified_gmt":"2024-03-07T18:38:08","slug":"milei-prorrogo-fondos-para-financiamiento-escolar-y-preve-mandar-unos-74-000-millones-a-mendoza","status":"publish","type":"post","link":"https:\/\/pasaenmendoza.com\/?p=5953","title":{"rendered":"Milei prorrog\u00f3 fondos para financiamiento escolar y prev\u00e9 mandar unos $74.000 millones a Mendoza"},"content":{"rendered":"\n<p>En medio de\u00a0continuos y cuantiosos\u00a0<strong>recortes<\/strong>\u00a0de fondos a las provincias, el presidente\u00a0<strong>Javier Milei decidi\u00f3 sostener uno de los fondos b\u00e1sicos de educaci\u00f3n<\/strong>: los que componen la\u00a0<strong>Ley de Financiamiento Educativo.<\/strong>\u00a0Se trata de fondos que se coparticipan a las provincias y que habitualmente\u00a0<strong>se destinan a mejorar la infraestructura escolar -pueden aplicarse a lo edilicio o al equipamiento-.<\/strong><\/p>\n\n\n\n<p>&#8220;En el caso de Mendoza,&nbsp;<strong>son cerca de $74.000 millones<\/strong>&nbsp;de los cuales&nbsp;<strong>el 18% se distribuye a los municipios<\/strong>&#8220;, calcul\u00f3 el ministro de Educaci\u00f3n mendocino,&nbsp;<strong>Tadeo Garc\u00eda Zalazar<\/strong>. De hecho, a\u00f1os anteriores el ministro de Hacienda,&nbsp;<strong>V\u00edctor Fayad<\/strong>, le exigi\u00f3 a los intendentes&nbsp;<strong>que rindieran cuenta de qu\u00e9 hac\u00edan con estos fondos<\/strong>&nbsp;que se les coparticipaban.<\/p>\n\n\n\n<p>La<strong>\u00a0&#8220;motosierra&#8221; del Gobierno nacional, que recort\u00f3 ya el Fondo de Incentivo Docente<\/strong>, se fren\u00f3 ante la Ley de Financiamiento Educativo, uno de los fondos que sostienen\u00a0<strong>lo m\u00e1s b\u00e1sico del sistema<\/strong>.<\/p>\n\n\n\n<p>El presidente decidi\u00f3\u00a0<strong>prorrogarlo por decreto,<\/strong>\u00a0ya que ese fondo habitualmente\u00a0<strong>se incluye y actualiza cada vez que se vota el Presupuesto nacional. Como este a\u00f1o esa pauta de gastos no se vot\u00f3, y se recondujo el Presupuesto 2023<\/strong>, era necesario hacerlo por decreto.<\/p>\n\n\n\n<p>La noticia dej\u00f3&nbsp;<strong>un sabor agridulce<\/strong>&nbsp;en Casa de Gobierno. Es que si bien<strong>&nbsp;alivi\u00f3 la confirmaci\u00f3n de que ese fondo nacional sigue vivo y continuar\u00e1 llegando a la provincia,&nbsp;<\/strong>tambi\u00e9n destacaron que el fondo&nbsp;<strong>no se actualiz\u00f3 respecto de lo que la Naci\u00f3n mand\u00f3 el a\u00f1o pasado<\/strong>, monto que golpeado por la inflaci\u00f3n es&nbsp;<strong>sustancialmente inferior<\/strong>&nbsp;para costear todos los gastos de infraestructura o equipamiento.<\/p>\n\n\n\n<p>No es menor destacar que la pr\u00f3rroga de la vigencia de la ley que establece el env\u00edo de fondos de Naci\u00f3n a las provincias se da en la previa de la reuni\u00f3n del Ejecutivo con los gobernadores por el Pacto de Mayo y desde Casa Rosada lo destacaron como un alivio para las arcas de los Estados provinciales.<\/p>\n\n\n\n<h2 class=\"wp-block-heading\">Qu\u00e9 dice el decreto de Milei<\/h2>\n\n\n\n<p>El Gobierno&nbsp;<strong>prorrog\u00f3 la vigencia de un art\u00edculo de la Ley N\u00b0 26.075 de Financiamiento Educativo<\/strong>, que establece el env\u00edo de recursos coparticipables a las provincias, a trav\u00e9s del&nbsp;<strong>Decreto 231\/2024, publicado este jueves en el Bolet\u00edn Oficial.<\/strong><\/p>\n\n\n\n<p>El documento oficial dispuso &#8220;la vigencia para el Ejercicio Fiscal 2024 del art\u00edculo 7\u00b0 de la Ley N\u00b0 26.075, en concordancia con lo dispuesto en los art\u00edculos 9\u00b0 y 11 de la Ley de Educaci\u00f3n Nacional N\u00b0 26.206 y sus modificatorias, teniendo en mira los fines, objetivos y metas de la pol\u00edtica educativa nacional y asegurando el reparto autom\u00e1tico de los recursos a los ministerios de Educaci\u00f3n u organismos equivalentes de las Provincias y de la Ciudad Aut\u00f3noma de Buenos Aires y a los Municipios, para cubrir gastos estrictamente ligados a la finalidad y funci\u00f3n educaci\u00f3n&#8221;.<\/p>\n\n\n\n<p>En los considerandos, el Gobierno explic\u00f3 que&nbsp;<strong>ante la pr\u00f3rroga del Presupuesto 2023 para el actual Ejercicio, &#8220;resulta necesario y urgente incorporar disposiciones complementarias a la pr\u00f3rroga<\/strong>, necesarias para garantizar el financiamiento del sistema educativo nacional&#8221;.<\/p>\n\n\n\n<p>Al mismo tiempo, la norma record\u00f3 que el&nbsp;<strong>art\u00edculo 7\u00b0 de la Ley de Financiamiento Educativo<\/strong>&nbsp;fijaba por el plazo de 5 a\u00f1os &#8220;una asignaci\u00f3n espec\u00edfica de&nbsp;<strong>recursos coparticipables<\/strong>&nbsp;con la finalidad de garantizar condiciones equitativas y solidarias en el sistema educativo nacional y de coadyuvar a la disponibilidad de los recursos previstos en dicha ley en los presupuestos de las Provincias y de la CABA&#8221;. Una vez que se venci\u00f3 dicho plazo, se dispusieron sucesivas pr\u00f3rrogas con el objetivo de asegurar el financiamiento del sector.<\/p>\n\n\n\n<p>De acuerdo a lo que establece dicha ley, &#8220;el monto total anual de la afectaci\u00f3n referida ser\u00e1 equivalente al 60% del incremento en la participaci\u00f3n del gasto consolidado en educaci\u00f3n, ciencia y tecnolog\u00eda en el Producto Interno Bruto&#8221;.<\/p>\n\n\n\n<p>En el decreto firmado por el presidente Javier Milei junto con todos los ministros, se argument\u00f3 que &#8220;la asignaci\u00f3n espec\u00edfica de recursos coparticipables busca aumentar el nivel de inversi\u00f3n del presupuesto de las Provincias y de la Ciudad de Buenos Aires en educaci\u00f3n,&nbsp;<strong>destinando dichos recursos al pago de salarios y al mejoramiento de la calidad y la infraestructura educativa<\/strong>&#8220;.<\/p>\n\n\n\n<p>Adem\u00e1s, entre los argumentos el Ejecutivo, admite que &#8220;<strong>la situaci\u00f3n econ\u00f3mica y social del pa\u00eds requiere que se garantice la disponibilidad de fondos<\/strong>\u00a0destinados al cumplimiento de los fines de la ley antes mencionada&#8221;.<\/p>\n\n\n\n<p><strong>Fuente: www.diariouno.com.ar<\/strong><\/p>\n","protected":false},"excerpt":{"rendered":"<p>En medio de\u00a0continuos y cuantiosos\u00a0recortes\u00a0de fondos a las provincias, el presidente\u00a0Javier Milei decidi\u00f3 sostener uno de los fondos b\u00e1sicos de educaci\u00f3n: los que componen la\u00a0Ley de Financiamiento Educativo.\u00a0Se trata de fondos que se coparticipan a las provincias y que habitualmente\u00a0se destinan a mejorar la infraestructura escolar -pueden aplicarse a lo edilicio o al equipamiento-. &#8220;En [&hellip;]<\/p>\n","protected":false},"author":2,"featured_media":5954,"comment_status":"open","ping_status":"open","sticky":false,"template":"","format":"standard","meta":[],"categories":[56],"tags":[],"_links":{"self":[{"href":"https:\/\/pasaenmendoza.com\/index.php?rest_route=\/wp\/v2\/posts\/5953"}],"collection":[{"href":"https:\/\/pasaenmendoza.com\/index.php?rest_route=\/wp\/v2\/posts"}],"about":[{"href":"https:\/\/pasaenmendoza.com\/index.php?rest_route=\/wp\/v2\/types\/post"}],"author":[{"embeddable":true,"href":"https:\/\/pasaenmendoza.com\/index.php?rest_route=\/wp\/v2\/users\/2"}],"replies":[{"embeddable":true,"href":"https:\/\/pasaenmendoza.com\/index.php?rest_route=%2Fwp%2Fv2%2Fcomments&post=5953"}],"version-history":[{"count":1,"href":"https:\/\/pasaenmendoza.com\/index.php?rest_route=\/wp\/v2\/posts\/5953\/revisions"}],"predecessor-version":[{"id":5955,"href":"https:\/\/pasaenmendoza.com\/index.php?rest_route=\/wp\/v2\/posts\/5953\/revisions\/5955"}],"wp:featuredmedia":[{"embeddable":true,"href":"https:\/\/pasaenmendoza.com\/index.php?rest_route=\/wp\/v2\/media\/5954"}],"wp:attachment":[{"href":"https:\/\/pasaenmendoza.com\/index.php?rest_route=%2Fwp%2Fv2%2Fmedia&parent=5953"}],"wp:term":[{"taxonomy":"category","embeddable":true,"href":"https:\/\/pasaenmendoza.com\/index.php?rest_route=%2Fwp%2Fv2%2Fcategories&post=5953"},{"taxonomy":"post_tag","embeddable":true,"href":"https:\/\/pasaenmendoza.com\/index.php?rest_route=%2Fwp%2Fv2%2Ftags&post=5953"}],"curies":[{"name":"wp","href":"https:\/\/api.w.org\/{rel}","templated":true}]}}